{"id":4804,"date":"2023-09-26T16:29:40","date_gmt":"2023-09-26T19:29:40","guid":{"rendered":"https:\/\/www.ufsm.br\/unidades-universitarias\/cachoeira-do-sul\/?p=4804"},"modified":"2023-09-26T16:29:42","modified_gmt":"2023-09-26T19:29:42","slug":"reitor-da-ufsm-participa-de-reuniao-com-a-comissao-pro-ufsm","status":"publish","type":"post","link":"https:\/\/www.ufsm.br\/unidades-universitarias\/cachoeira-do-sul\/2023\/09\/26\/reitor-da-ufsm-participa-de-reuniao-com-a-comissao-pro-ufsm","title":{"rendered":"Reitor da UFSM participa de reuni\u00e3o com a Comiss\u00e3o Pr\u00f3-UFSM"},"content":{"rendered":"\n\n\n<p><span style=\"font-weight: 400\"><a href=\"https:\/\/www.ufsm.br\/app\/uploads\/sites\/376\/2023\/09\/20230925_160916.jpg\"><img fetchpriority=\"high\" decoding=\"async\" class=\" wp-image-4805 alignright\" src=\"https:\/\/www.ufsm.br\/app\/uploads\/sites\/376\/2023\/09\/20230925_160916-300x169.jpg\" alt=\"\" width=\"381\" height=\"215\" srcset=\"https:\/\/www.ufsm.br\/app\/uploads\/sites\/376\/2023\/09\/20230925_160916-300x169.jpg 300w, https:\/\/www.ufsm.br\/app\/uploads\/sites\/376\/2023\/09\/20230925_160916-1024x578.jpg 1024w, https:\/\/www.ufsm.br\/app\/uploads\/sites\/376\/2023\/09\/20230925_160916-768x433.jpg 768w, https:\/\/www.ufsm.br\/app\/uploads\/sites\/376\/2023\/09\/20230925_160916-1536x866.jpg 1536w, https:\/\/www.ufsm.br\/app\/uploads\/sites\/376\/2023\/09\/20230925_160916.jpg 1920w\" sizes=\"(max-width: 381px) 100vw, 381px\" \/><\/a>Ap\u00f3s a inaugura\u00e7\u00e3o do UFSM M\u00f3vel, <\/span><i><span style=\"font-weight: 400\">motorhome<\/span><\/i><span style=\"font-weight: 400\"> customizado da Institui\u00e7\u00e3o, que ser\u00e1 utilizado pela Livraria e Grife da UFSM, o reitor da Universidade, Luciano Schuch, se reuniu com membros da Comiss\u00e3o Pr\u00f3-UFSM.\u00a0<\/span><\/p>\n<p><span style=\"font-weight: 400\"><a href=\"https:\/\/www.ufsm.br\/app\/uploads\/sites\/376\/2023\/09\/20230925_181232.jpg\"><img decoding=\"async\" class=\" wp-image-4806 alignleft\" src=\"https:\/\/www.ufsm.br\/app\/uploads\/sites\/376\/2023\/09\/20230925_181232-300x169.jpg\" alt=\"\" width=\"350\" height=\"197\" srcset=\"https:\/\/www.ufsm.br\/app\/uploads\/sites\/376\/2023\/09\/20230925_181232-300x169.jpg 300w, https:\/\/www.ufsm.br\/app\/uploads\/sites\/376\/2023\/09\/20230925_181232-1024x576.jpg 1024w, https:\/\/www.ufsm.br\/app\/uploads\/sites\/376\/2023\/09\/20230925_181232-768x432.jpg 768w, https:\/\/www.ufsm.br\/app\/uploads\/sites\/376\/2023\/09\/20230925_181232-1536x864.jpg 1536w, https:\/\/www.ufsm.br\/app\/uploads\/sites\/376\/2023\/09\/20230925_181232.jpg 1920w\" sizes=\"(max-width: 350px) 100vw, 350px\" \/><\/a>Na oportunidade, ainda estiveram presentes, o chefe de gabinete do reitor, Eduardo Rizzatti, o diretor do campus de Cachoeira do Sul, Anderson Dal Molin; o vice-diretor, Giovani Zabot; o coordenador administrativo do campus, J\u00falio Modesto; e os representantes da Comiss\u00e3o, Francisco Roberto de Avelar Bastos, El\u00e1dio Dios Vieira da Cunha, Jo\u00e3o Streit, Maria Luiza Bonini, Eduardo Kohler, a secret\u00e1ria Municipal de Ind\u00fastria e Com\u00e9rcio, Vanessa Csaszar, e a prefeita em exerc\u00edcio, Angela Schumacher Schuh.<\/span><\/p>\n<p><span style=\"font-weight: 400\">Durante o encontro, os membros da Comiss\u00e3o apresentaram ao reitor, por meio da An\u00e1lise SWOT, um diagn\u00f3stico elaborado pela Comiss\u00e3o PR\u00d3-UFSM, acerca dos desafios para capta\u00e7\u00e3o e perman\u00eancia de Estudantes no campus da UFSM em Cachoeira do Sul, expondo os pontos fortes e fracos, as oportunidades e as amea\u00e7as da Unidade. Ap\u00f3s a apresenta\u00e7\u00e3o, os participantes puderam conversar e identificar poss\u00edveis a\u00e7\u00f5es para buscar minimizar alguns dos problemas identificados.<\/span><\/p>\n","protected":false},"excerpt":{"rendered":"<p>Ap\u00f3s a inaugura\u00e7\u00e3o do UFSM M\u00f3vel, motorhome customizado da Institui\u00e7\u00e3o, que ser\u00e1 utilizado pela Livraria e Grife da UFSM, o reitor da Universidade, Luciano Schuch, se reuniu com membros da Comiss\u00e3o Pr\u00f3-UFSM.\u00a0 Na oportunidade, ainda estiveram presentes, o chefe de gabinete do reitor, Eduardo Rizzatti, o diretor do campus de Cachoeira do Sul, Anderson Dal [&hellip;]<\/p>\n","protected":false},"author":293,"featured_media":4807,"comment_status":"closed","ping_status":"closed","sticky":false,"template":"","format":"standard","meta":{"footnotes":""},"categories":[21,1],"tags":[],"class_list":["post-4804","post","type-post","status-publish","format-standard","has-post-thumbnail","hentry","category-banner","category-noticias"],"acf":[],"_links":{"self":[{"href":"https:\/\/www.ufsm.br\/unidades-universitarias\/cachoeira-do-sul\/wp-json\/wp\/v2\/posts\/4804","targetHints":{"allow":["GET"]}}],"collection":[{"href":"https:\/\/www.ufsm.br\/unidades-universitarias\/cachoeira-do-sul\/wp-json\/wp\/v2\/posts"}],"about":[{"href":"https:\/\/www.ufsm.br\/unidades-universitarias\/cachoeira-do-sul\/wp-json\/wp\/v2\/types\/post"}],"author":[{"embeddable":true,"href":"https:\/\/www.ufsm.br\/unidades-universitarias\/cachoeira-do-sul\/wp-json\/wp\/v2\/users\/293"}],"replies":[{"embeddable":true,"href":"https:\/\/www.ufsm.br\/unidades-universitarias\/cachoeira-do-sul\/wp-json\/wp\/v2\/comments?post=4804"}],"version-history":[{"count":0,"href":"https:\/\/www.ufsm.br\/unidades-universitarias\/cachoeira-do-sul\/wp-json\/wp\/v2\/posts\/4804\/revisions"}],"wp:featuredmedia":[{"embeddable":true,"href":"https:\/\/www.ufsm.br\/unidades-universitarias\/cachoeira-do-sul\/wp-json\/wp\/v2\/media\/4807"}],"wp:attachment":[{"href":"https:\/\/www.ufsm.br\/unidades-universitarias\/cachoeira-do-sul\/wp-json\/wp\/v2\/media?parent=4804"}],"wp:term":[{"taxonomy":"category","embeddable":true,"href":"https:\/\/www.ufsm.br\/unidades-universitarias\/cachoeira-do-sul\/wp-json\/wp\/v2\/categories?post=4804"},{"taxonomy":"post_tag","embeddable":true,"href":"https:\/\/www.ufsm.br\/unidades-universitarias\/cachoeira-do-sul\/wp-json\/wp\/v2\/tags?post=4804"}],"curies":[{"name":"wp","href":"https:\/\/api.w.org\/{rel}","templated":true}]}}