{"id":4812,"date":"2023-10-02T10:36:52","date_gmt":"2023-10-02T13:36:52","guid":{"rendered":"https:\/\/www.ufsm.br\/unidades-universitarias\/cachoeira-do-sul\/?p=4812"},"modified":"2023-10-02T10:37:11","modified_gmt":"2023-10-02T13:37:11","slug":"vivencias-arquitetonicas-estudantes-e-professores-de-arquitetura-e-urbanismo-da-ufsm-cs-vivenciam-a-arquitetura-de-cidades-gauchas","status":"publish","type":"post","link":"https:\/\/www.ufsm.br\/unidades-universitarias\/cachoeira-do-sul\/2023\/10\/02\/vivencias-arquitetonicas-estudantes-e-professores-de-arquitetura-e-urbanismo-da-ufsm-cs-vivenciam-a-arquitetura-de-cidades-gauchas","title":{"rendered":"Viv\u00eancias Arquitet\u00f4nicas: estudantes e professores de Arquitetura e Urbanismo da UFSM-CS vivenciam a arquitetura de cidades ga\u00fachas"},"content":{"rendered":"\n<p align=\"justify\">No dia 25 de setembro, um grupo de 40 pessoas \u2013 entre estudantes e professores \u2013 esteve nas cidades de Il\u00f3polis, Anta Gorda e Arvorezinha vivenciando a arquitetura da melhor forma: <i>in loco!<\/i><\/p>\n<figure id=\"attachment_4813\" aria-describedby=\"caption-attachment-4813\" style=\"width: 516px\" class=\"wp-caption aligncenter\"><a href=\"https:\/\/www.ufsm.br\/app\/uploads\/sites\/376\/2023\/10\/VIVENCIAS-ARQUITETONICAS-1.jpg\"><img fetchpriority=\"high\" decoding=\"async\" class=\"wp-image-4813\" src=\"https:\/\/www.ufsm.br\/app\/uploads\/sites\/376\/2023\/10\/VIVENCIAS-ARQUITETONICAS-1-300x169.jpg\" alt=\"\" width=\"516\" height=\"291\" srcset=\"https:\/\/www.ufsm.br\/app\/uploads\/sites\/376\/2023\/10\/VIVENCIAS-ARQUITETONICAS-1-300x169.jpg 300w, https:\/\/www.ufsm.br\/app\/uploads\/sites\/376\/2023\/10\/VIVENCIAS-ARQUITETONICAS-1-1024x577.jpg 1024w, https:\/\/www.ufsm.br\/app\/uploads\/sites\/376\/2023\/10\/VIVENCIAS-ARQUITETONICAS-1-768x433.jpg 768w, https:\/\/www.ufsm.br\/app\/uploads\/sites\/376\/2023\/10\/VIVENCIAS-ARQUITETONICAS-1.jpg 1433w\" sizes=\"(max-width: 516px) 100vw, 516px\" \/><\/a><figcaption id=\"caption-attachment-4813\" class=\"wp-caption-text\">Moinho Colognese (Museu do P\u00e3o). Foto: Ismael Rosset.<\/figcaption><\/figure>\n<p align=\"justify\">\u00a0<\/p>\n<p align=\"justify\">O grupo visitou inicialmente o Moinho Colognese, mais conhecido como Museu do P\u00e3o, na cidade de Il\u00f3polis\/RS. O complexo, que contempla um antigo moinho de farinha e dois anexos \u2013 museu e oficina de panifica\u00e7\u00e3o &#8211; foi proposto pelo reconhecido escrit\u00f3rio Brasil Arquitetura, que foi idealizador tamb\u00e9m das demais edifica\u00e7\u00f5es contempladas no roteiro da viagem: Museu do Tijolo, na cidade de Arvorezinha\/RS, e Casa Martelli, na cidade de Anta Gorda.<\/p>\n<figure id=\"attachment_4815\" aria-describedby=\"caption-attachment-4815\" style=\"width: 518px\" class=\"wp-caption aligncenter\"><a href=\"https:\/\/www.ufsm.br\/app\/uploads\/sites\/376\/2023\/10\/VIVENCIAS-ARQUITETONICAS-2.jpg\"><img decoding=\"async\" class=\" wp-image-4815\" src=\"https:\/\/www.ufsm.br\/app\/uploads\/sites\/376\/2023\/10\/VIVENCIAS-ARQUITETONICAS-2-300x169.jpg\" alt=\"\" width=\"518\" height=\"292\" srcset=\"https:\/\/www.ufsm.br\/app\/uploads\/sites\/376\/2023\/10\/VIVENCIAS-ARQUITETONICAS-2-300x169.jpg 300w, https:\/\/www.ufsm.br\/app\/uploads\/sites\/376\/2023\/10\/VIVENCIAS-ARQUITETONICAS-2-1024x577.jpg 1024w, https:\/\/www.ufsm.br\/app\/uploads\/sites\/376\/2023\/10\/VIVENCIAS-ARQUITETONICAS-2-768x433.jpg 768w, https:\/\/www.ufsm.br\/app\/uploads\/sites\/376\/2023\/10\/VIVENCIAS-ARQUITETONICAS-2.jpg 1438w\" sizes=\"(max-width: 518px) 100vw, 518px\" \/><\/a><figcaption id=\"caption-attachment-4815\" class=\"wp-caption-text\">Museu do Tijolo. Foto: Ismael Rosset.<\/figcaption><\/figure>\n<p align=\"justify\">Os locais visitados fazem parte do Caminho dos Moinhos, que consiste em um roteiro cultural e tur\u00edstico que anseia ainda dar visibilidade a edifica\u00e7\u00f5es da imigra\u00e7\u00e3o italiana na regi\u00e3o do Alto Taquari, a exemplo de antigos moinhos, resid\u00eancias, galp\u00f5es, etc.<\/p>\n<figure id=\"attachment_4814\" aria-describedby=\"caption-attachment-4814\" style=\"width: 517px\" class=\"wp-caption aligncenter\"><a href=\"https:\/\/www.ufsm.br\/app\/uploads\/sites\/376\/2023\/10\/VIVENCIAS-ARQUITETONICAS-3.jpg\"><img decoding=\"async\" class=\"wp-image-4814 \" src=\"https:\/\/www.ufsm.br\/app\/uploads\/sites\/376\/2023\/10\/VIVENCIAS-ARQUITETONICAS-3-300x169.jpg\" alt=\"\" width=\"517\" height=\"291\" srcset=\"https:\/\/www.ufsm.br\/app\/uploads\/sites\/376\/2023\/10\/VIVENCIAS-ARQUITETONICAS-3-300x169.jpg 300w, https:\/\/www.ufsm.br\/app\/uploads\/sites\/376\/2023\/10\/VIVENCIAS-ARQUITETONICAS-3-1024x578.jpg 1024w, https:\/\/www.ufsm.br\/app\/uploads\/sites\/376\/2023\/10\/VIVENCIAS-ARQUITETONICAS-3-768x434.jpg 768w, https:\/\/www.ufsm.br\/app\/uploads\/sites\/376\/2023\/10\/VIVENCIAS-ARQUITETONICAS-3.jpg 1435w\" sizes=\"(max-width: 517px) 100vw, 517px\" \/><\/a><figcaption id=\"caption-attachment-4814\" class=\"wp-caption-text\">Casa Martelli. Foto: Ismael Rosset.<\/figcaption><\/figure>\n<p align=\"justify\">A atividade foi organizada pela professora Luiza Segabinazzi Pacheco Delongui e buscou proporcionar aos alunos experi\u00eancias em projetos de restauro e interven\u00e7\u00e3o em edifica\u00e7\u00f5es de interesse hist\u00f3rico-cultural.<\/p>\n","protected":false},"excerpt":{"rendered":"<p>No dia 25 de setembro, um grupo de 40 pessoas \u2013 entre estudantes e professores \u2013 esteve nas cidades de Il\u00f3polis, Anta Gorda e Arvorezinha vivenciando a arquitetura da melhor forma: in loco! \u00a0 O grupo visitou inicialmente o Moinho Colognese, mais conhecido como Museu do P\u00e3o, na cidade de Il\u00f3polis\/RS. O complexo, que contempla [&hellip;]<\/p>\n","protected":false},"author":293,"featured_media":4816,"comment_status":"closed","ping_status":"closed","sticky":false,"template":"","format":"standard","meta":{"footnotes":""},"categories":[21,1],"tags":[],"class_list":["post-4812","post","type-post","status-publish","format-standard","has-post-thumbnail","hentry","category-banner","category-noticias"],"acf":[],"_links":{"self":[{"href":"https:\/\/www.ufsm.br\/unidades-universitarias\/cachoeira-do-sul\/wp-json\/wp\/v2\/posts\/4812","targetHints":{"allow":["GET"]}}],"collection":[{"href":"https:\/\/www.ufsm.br\/unidades-universitarias\/cachoeira-do-sul\/wp-json\/wp\/v2\/posts"}],"about":[{"href":"https:\/\/www.ufsm.br\/unidades-universitarias\/cachoeira-do-sul\/wp-json\/wp\/v2\/types\/post"}],"author":[{"embeddable":true,"href":"https:\/\/www.ufsm.br\/unidades-universitarias\/cachoeira-do-sul\/wp-json\/wp\/v2\/users\/293"}],"replies":[{"embeddable":true,"href":"https:\/\/www.ufsm.br\/unidades-universitarias\/cachoeira-do-sul\/wp-json\/wp\/v2\/comments?post=4812"}],"version-history":[{"count":0,"href":"https:\/\/www.ufsm.br\/unidades-universitarias\/cachoeira-do-sul\/wp-json\/wp\/v2\/posts\/4812\/revisions"}],"wp:featuredmedia":[{"embeddable":true,"href":"https:\/\/www.ufsm.br\/unidades-universitarias\/cachoeira-do-sul\/wp-json\/wp\/v2\/media\/4816"}],"wp:attachment":[{"href":"https:\/\/www.ufsm.br\/unidades-universitarias\/cachoeira-do-sul\/wp-json\/wp\/v2\/media?parent=4812"}],"wp:term":[{"taxonomy":"category","embeddable":true,"href":"https:\/\/www.ufsm.br\/unidades-universitarias\/cachoeira-do-sul\/wp-json\/wp\/v2\/categories?post=4812"},{"taxonomy":"post_tag","embeddable":true,"href":"https:\/\/www.ufsm.br\/unidades-universitarias\/cachoeira-do-sul\/wp-json\/wp\/v2\/tags?post=4812"}],"curies":[{"name":"wp","href":"https:\/\/api.w.org\/{rel}","templated":true}]}}