{"id":4826,"date":"2023-10-04T11:19:45","date_gmt":"2023-10-04T14:19:45","guid":{"rendered":"https:\/\/www.ufsm.br\/unidades-universitarias\/cachoeira-do-sul\/?p=4826"},"modified":"2023-10-04T11:20:17","modified_gmt":"2023-10-04T14:20:17","slug":"revista-ciencia-e-natura-publica-edicao-especial-com-trabalhos-apresentados-na-1a-feira-de-ciencias-tecnologia-e-inovacao-da-ufsm-cs","status":"publish","type":"post","link":"https:\/\/www.ufsm.br\/unidades-universitarias\/cachoeira-do-sul\/2023\/10\/04\/revista-ciencia-e-natura-publica-edicao-especial-com-trabalhos-apresentados-na-1a-feira-de-ciencias-tecnologia-e-inovacao-da-ufsm-cs","title":{"rendered":"Revista Ci\u00eancia e Natura publica edi\u00e7\u00e3o especial com trabalhos apresentados na 1\u00aa Feira de Ci\u00eancias, Tecnologia e Inova\u00e7\u00e3o da UFSM-CS"},"content":{"rendered":"\n<p>J\u00e1 est\u00e1 dispon\u00edvel a publica\u00e7\u00e3o da edi\u00e7\u00e3o especial da revista Ci\u00eancia e Natura com os trabalhos apresentados durante a 1\u00aa Feira de Ci\u00eancias, Tecnologia e Inova\u00e7\u00e3o da UFSM-CS. A revista cient\u00edfica tem classifica\u00e7\u00e3o Qualis A3 na CAPES.<\/p>\n<p>Segundo os organizadores do evento, professores Jocenir Boita e Glauber Quadros, esse \u00e9 um marco importante e um reconhecimento do alto padr\u00e3o de qualidade dos trabalhos apresentados durante a Feira em 2022.<\/p>\n<p>Para conferir a publica\u00e7\u00e3o completa, acesse a <a href=\"https:\/\/periodicos.ufsm.br\/cienciaenatura\/issue\/view\/2775\">p\u00e1gina da revista<\/a>.\u00a0<\/p>\n<div>\u00a0<\/div>\n<div>\u00a0<\/div>\n<p><strong>2\u00aa edi\u00e7\u00e3o da Feira de Ci\u00eancias, Tecnologia e Inova\u00e7\u00e3o da UFSM-CS ser\u00e1 no dia 25 de novembro<\/strong><\/p>\n<p>As inscri\u00e7\u00f5es para a 2\u00aa Feira de Ci\u00eancias, Tecnologia e Inova\u00e7\u00e3o da UFSM-CS j\u00e1 est\u00e3o abertas. O evento acontecer\u00e1 no dia <strong>25 de novembro<\/strong>, no campus da UFSM em Cachoeira do Sul. A Feira t<span style=\"color: initial\">amb\u00e9m incluir\u00e1 a produ\u00e7\u00e3o de um e-book, al\u00e9m de edi\u00e7\u00f5es especiais nas revistas C&amp;N e JESTA.<\/span><\/p>\n<p><span style=\"color: initial;font-size: revert\">De acordo com os organizadores do evento, a Feira busca contribuir para o avan\u00e7o do conhecimento cient\u00edfico, promovendo intera\u00e7\u00e3o entre escolas e universidade. Durante a Feira ser\u00e3o apresentados pain\u00e9is, banners, prot\u00f3tipos, experimentos, softwares, entre outros.\u00a0<\/span><\/p>\n<p><span style=\"font-size: revert;color: initial\">Para participar, \u00e9 preciso realizar a inscri\u00e7\u00e3o, via <a href=\"http:\/\/evento.ccsul.ufsm.br\/cti\/)\">site do evento<\/a>, at\u00e9 o dia<\/span><b style=\"font-size: revert;color: initial\">\u00a012 de novembro<\/b><span style=\"font-size: revert;color: initial\">. Poder\u00e3o participar estudantes de escolas de ensino fundamental e m\u00e9dio e institui\u00e7\u00f5es de ensino t\u00e9cnico, gradua\u00e7\u00e3o e p\u00f3s-gradua\u00e7\u00e3o.<\/span><\/p>\n<div>\n<p>Para saber mais, acesse o <a href=\"http:\/\/evento.ccsul.ufsm.br\/cti\/\">site do evento<\/a> e veja as normas para participar na <a href=\"https:\/\/www.ufsm.br\/unidades-universitarias\/cachoeira-do-sul\/editais\/034-2023-2\">p\u00e1gina do edital<\/a> .<\/p>\n<\/div>\n","protected":false},"excerpt":{"rendered":"<p>J\u00e1 est\u00e1 dispon\u00edvel a publica\u00e7\u00e3o da edi\u00e7\u00e3o especial da revista Ci\u00eancia e Natura com os trabalhos apresentados durante a 1\u00aa Feira de Ci\u00eancias, Tecnologia e Inova\u00e7\u00e3o da UFSM-CS. A revista cient\u00edfica tem classifica\u00e7\u00e3o Qualis A3 na CAPES. Segundo os organizadores do evento, professores Jocenir Boita e Glauber Quadros, esse \u00e9 um marco importante e um [&hellip;]<\/p>\n","protected":false},"author":293,"featured_media":4823,"comment_status":"closed","ping_status":"closed","sticky":false,"template":"","format":"standard","meta":{"footnotes":""},"categories":[21,1],"tags":[],"class_list":["post-4826","post","type-post","status-publish","format-standard","has-post-thumbnail","hentry","category-banner","category-noticias"],"acf":[],"_links":{"self":[{"href":"https:\/\/www.ufsm.br\/unidades-universitarias\/cachoeira-do-sul\/wp-json\/wp\/v2\/posts\/4826","targetHints":{"allow":["GET"]}}],"collection":[{"href":"https:\/\/www.ufsm.br\/unidades-universitarias\/cachoeira-do-sul\/wp-json\/wp\/v2\/posts"}],"about":[{"href":"https:\/\/www.ufsm.br\/unidades-universitarias\/cachoeira-do-sul\/wp-json\/wp\/v2\/types\/post"}],"author":[{"embeddable":true,"href":"https:\/\/www.ufsm.br\/unidades-universitarias\/cachoeira-do-sul\/wp-json\/wp\/v2\/users\/293"}],"replies":[{"embeddable":true,"href":"https:\/\/www.ufsm.br\/unidades-universitarias\/cachoeira-do-sul\/wp-json\/wp\/v2\/comments?post=4826"}],"version-history":[{"count":0,"href":"https:\/\/www.ufsm.br\/unidades-universitarias\/cachoeira-do-sul\/wp-json\/wp\/v2\/posts\/4826\/revisions"}],"wp:featuredmedia":[{"embeddable":true,"href":"https:\/\/www.ufsm.br\/unidades-universitarias\/cachoeira-do-sul\/wp-json\/wp\/v2\/media\/4823"}],"wp:attachment":[{"href":"https:\/\/www.ufsm.br\/unidades-universitarias\/cachoeira-do-sul\/wp-json\/wp\/v2\/media?parent=4826"}],"wp:term":[{"taxonomy":"category","embeddable":true,"href":"https:\/\/www.ufsm.br\/unidades-universitarias\/cachoeira-do-sul\/wp-json\/wp\/v2\/categories?post=4826"},{"taxonomy":"post_tag","embeddable":true,"href":"https:\/\/www.ufsm.br\/unidades-universitarias\/cachoeira-do-sul\/wp-json\/wp\/v2\/tags?post=4826"}],"curies":[{"name":"wp","href":"https:\/\/api.w.org\/{rel}","templated":true}]}}