{"id":4894,"date":"2023-10-30T08:06:59","date_gmt":"2023-10-30T11:06:59","guid":{"rendered":"https:\/\/www.ufsm.br\/unidades-universitarias\/cachoeira-do-sul\/?p=4894"},"modified":"2023-10-30T08:07:30","modified_gmt":"2023-10-30T11:07:30","slug":"estudantes-do-campus-de-cachoeira-do-sul-ficam-em-2-lugar-no-ideathon","status":"publish","type":"post","link":"https:\/\/www.ufsm.br\/unidades-universitarias\/cachoeira-do-sul\/2023\/10\/30\/estudantes-do-campus-de-cachoeira-do-sul-ficam-em-2-lugar-no-ideathon","title":{"rendered":"Estudantes do campus de Cachoeira do Sul ficam em 2\u00b0 lugar no Ideathon"},"content":{"rendered":"\n<figure id=\"attachment_4895\" aria-describedby=\"caption-attachment-4895\" style=\"width: 300px\" class=\"wp-caption alignright\"><a href=\"https:\/\/www.ufsm.br\/app\/uploads\/sites\/376\/2023\/10\/foto-ccr-maratona-de-inovacao.jpg\"><img fetchpriority=\"high\" decoding=\"async\" class=\"size-medium wp-image-4895\" src=\"https:\/\/www.ufsm.br\/app\/uploads\/sites\/376\/2023\/10\/foto-ccr-maratona-de-inovacao-300x200.jpg\" alt=\"\" width=\"300\" height=\"200\" srcset=\"https:\/\/www.ufsm.br\/app\/uploads\/sites\/376\/2023\/10\/foto-ccr-maratona-de-inovacao-300x200.jpg 300w, https:\/\/www.ufsm.br\/app\/uploads\/sites\/376\/2023\/10\/foto-ccr-maratona-de-inovacao-1024x683.jpg 1024w, https:\/\/www.ufsm.br\/app\/uploads\/sites\/376\/2023\/10\/foto-ccr-maratona-de-inovacao-768x512.jpg 768w, https:\/\/www.ufsm.br\/app\/uploads\/sites\/376\/2023\/10\/foto-ccr-maratona-de-inovacao-1536x1024.jpg 1536w, https:\/\/www.ufsm.br\/app\/uploads\/sites\/376\/2023\/10\/foto-ccr-maratona-de-inovacao-272x182.jpg 272w, https:\/\/www.ufsm.br\/app\/uploads\/sites\/376\/2023\/10\/foto-ccr-maratona-de-inovacao.jpg 1920w\" sizes=\"(max-width: 300px) 100vw, 300px\" \/><\/a><figcaption id=\"caption-attachment-4895\" class=\"wp-caption-text\">Equipe do campus de Cachoeira do Sul.<br \/><em>Fotos: Gabriel Escobar, estudante de jornalismo e bolsista<\/em><\/figcaption><\/figure>\n<p>Na \u00faltima quarta-feira (25), foi realizado o Ideathon, atividade da 2\u00aa edi\u00e7\u00e3o da Maratona de Inova\u00e7\u00e3o, integrada \u00e0 38\u00aa Jornada Acad\u00eamica Integrada (JAI) da UFSM, no Espa\u00e7o Coworking da Pulsar Incubadora, no campus sede da UFSM. O evento foi promovido pela Pr\u00f3-Reitoria de Inova\u00e7\u00e3o e Empreendedorismo (Proinova) e contou com o apoio do Sebrae, do Sicredi, da i9 Liga de Empreendedorismo e da Inova Centro, al\u00e9m da pr\u00f3pria Incubadora.<\/p>\n<p>Esta edi\u00e7\u00e3o da Maratona de Inova\u00e7\u00e3o \u00e9 o fechamento de uma jornada de Inova\u00e7\u00e3o que est\u00e1 ocorrendo deste abril deste ano e passou por todas as unidades da UFSM. Cada unidade participou de uma etapa individual do Ideathon e, no fim, escolheram um projeto formulado pelos estudantes da unidade para o Pitch Day \u2013 dia final de apresenta\u00e7\u00e3o das propostas. Cada idealizador teve cinco minutos para expor sua iniciativa e cinco minutos para tirar d\u00favidas da banca de avaliadores, que foi formada pelo assessor de neg\u00f3cios e desenvolvimento do Sicredi, Eduardo Saldanha, pela administradora e empres\u00e1ria Jeanne Mainardi e pelo gerente regional do Sebrae, Maico Fabiano.<\/p>\n<p>Ao final das apresenta\u00e7\u00f5es, tr\u00eas propostas foram anunciadas como vencedores. Os estudantes do campus de Cachoeira do Sul conquistaram o 2\u00b0 lugar com a proposta \u201cEcoPav, pavimenta\u00e7\u00e3o com produtos ecol\u00f3gicos feito com reutiliza\u00e7\u00e3o das sobras de obras\u201d, que recebeu R$ 2 mil de investimento. Em 1\u00b0 lugar, ficaram os alunos do Centro de Ci\u00eancias Rurais (CCR) e, em 3\u00b0, o campus da UFSM em Frederico Westphalen. <\/p>\n<p>\u00a0<\/p>\n<p>\u00a0<\/p>\n","protected":false},"excerpt":{"rendered":"<p>Na \u00faltima quarta-feira (25), foi realizado o Ideathon, atividade da 2\u00aa edi\u00e7\u00e3o da Maratona de Inova\u00e7\u00e3o, integrada \u00e0 38\u00aa Jornada Acad\u00eamica Integrada (JAI) da UFSM, no Espa\u00e7o Coworking da Pulsar Incubadora, no campus sede da UFSM. O evento foi promovido pela Pr\u00f3-Reitoria de Inova\u00e7\u00e3o e Empreendedorismo (Proinova) e contou com o apoio do Sebrae, do [&hellip;]<\/p>\n","protected":false},"author":293,"featured_media":4895,"comment_status":"closed","ping_status":"closed","sticky":false,"template":"","format":"standard","meta":{"footnotes":""},"categories":[1],"tags":[675],"class_list":["post-4894","post","type-post","status-publish","format-standard","has-post-thumbnail","hentry","category-noticias","tag-destaques"],"acf":[],"_links":{"self":[{"href":"https:\/\/www.ufsm.br\/unidades-universitarias\/cachoeira-do-sul\/wp-json\/wp\/v2\/posts\/4894","targetHints":{"allow":["GET"]}}],"collection":[{"href":"https:\/\/www.ufsm.br\/unidades-universitarias\/cachoeira-do-sul\/wp-json\/wp\/v2\/posts"}],"about":[{"href":"https:\/\/www.ufsm.br\/unidades-universitarias\/cachoeira-do-sul\/wp-json\/wp\/v2\/types\/post"}],"author":[{"embeddable":true,"href":"https:\/\/www.ufsm.br\/unidades-universitarias\/cachoeira-do-sul\/wp-json\/wp\/v2\/users\/293"}],"replies":[{"embeddable":true,"href":"https:\/\/www.ufsm.br\/unidades-universitarias\/cachoeira-do-sul\/wp-json\/wp\/v2\/comments?post=4894"}],"version-history":[{"count":0,"href":"https:\/\/www.ufsm.br\/unidades-universitarias\/cachoeira-do-sul\/wp-json\/wp\/v2\/posts\/4894\/revisions"}],"wp:featuredmedia":[{"embeddable":true,"href":"https:\/\/www.ufsm.br\/unidades-universitarias\/cachoeira-do-sul\/wp-json\/wp\/v2\/media\/4895"}],"wp:attachment":[{"href":"https:\/\/www.ufsm.br\/unidades-universitarias\/cachoeira-do-sul\/wp-json\/wp\/v2\/media?parent=4894"}],"wp:term":[{"taxonomy":"category","embeddable":true,"href":"https:\/\/www.ufsm.br\/unidades-universitarias\/cachoeira-do-sul\/wp-json\/wp\/v2\/categories?post=4894"},{"taxonomy":"post_tag","embeddable":true,"href":"https:\/\/www.ufsm.br\/unidades-universitarias\/cachoeira-do-sul\/wp-json\/wp\/v2\/tags?post=4894"}],"curies":[{"name":"wp","href":"https:\/\/api.w.org\/{rel}","templated":true}]}}