{"id":4939,"date":"2023-11-09T10:14:01","date_gmt":"2023-11-09T13:14:01","guid":{"rendered":"https:\/\/www.ufsm.br\/unidades-universitarias\/cachoeira-do-sul\/?p=4939"},"modified":"2023-11-09T10:30:03","modified_gmt":"2023-11-09T13:30:03","slug":"argamassas-tradicionais-e-madeiras-no-patrimonio-cultural-sao-foco-de-oficinas-ministradas-por-antonio-sarasa-para-o-curso-de-arquitetura-e-urbanismo","status":"publish","type":"post","link":"https:\/\/www.ufsm.br\/unidades-universitarias\/cachoeira-do-sul\/2023\/11\/09\/argamassas-tradicionais-e-madeiras-no-patrimonio-cultural-sao-foco-de-oficinas-ministradas-por-antonio-sarasa-para-o-curso-de-arquitetura-e-urbanismo","title":{"rendered":"Argamassas Tradicionais e Madeiras no Patrim\u00f4nio Cultural s\u00e3o foco de oficinas ministradas por Antonio Saras\u00e1 para o curso de Arquitetura e Urbanismo"},"content":{"rendered":"\t\t<div data-elementor-type=\"wp-post\" data-elementor-id=\"4939\" class=\"elementor elementor-4939\">\n\t\t\t\t\t\t<section class=\"elementor-section elementor-top-section elementor-element elementor-element-12ee61cf elementor-section-boxed elementor-section-height-default elementor-section-height-default\" data-id=\"12ee61cf\" data-element_type=\"section\">\n\t\t\t\t\t\t<div class=\"elementor-container elementor-column-gap-default\">\n\t\t\t\t\t<div class=\"elementor-column elementor-col-100 elementor-top-column elementor-element elementor-element-5d5f2266\" data-id=\"5d5f2266\" data-element_type=\"column\">\n\t\t\t<div class=\"elementor-widget-wrap elementor-element-populated\">\n\t\t\t\t\t\t<div class=\"elementor-element elementor-element-6bf86f0c elementor-widget elementor-widget-text-editor\" data-id=\"6bf86f0c\" data-element_type=\"widget\" data-widget_type=\"text-editor.default\">\n\t\t\t\t<div class=\"elementor-widget-container\">\n\t\t\t\t\t\t\t<!-- wp:tadv\/classic-paragraph \/-->\n\n<!-- wp:tadv\/classic-paragraph -->\n<p><a href=\"https:\/\/www.ufsm.br\/app\/uploads\/sites\/376\/2023\/11\/Oficina-AU-nov.-2023-4.jpg\"><img fetchpriority=\"high\" decoding=\"async\" class=\" wp-image-4942 alignright\" src=\"https:\/\/www.ufsm.br\/app\/uploads\/sites\/376\/2023\/11\/Oficina-AU-nov.-2023-4-300x181.jpg\" alt=\"\" width=\"353\" height=\"213\" srcset=\"https:\/\/www.ufsm.br\/app\/uploads\/sites\/376\/2023\/11\/Oficina-AU-nov.-2023-4-300x181.jpg 300w, https:\/\/www.ufsm.br\/app\/uploads\/sites\/376\/2023\/11\/Oficina-AU-nov.-2023-4-1024x618.jpg 1024w, https:\/\/www.ufsm.br\/app\/uploads\/sites\/376\/2023\/11\/Oficina-AU-nov.-2023-4-768x464.jpg 768w, https:\/\/www.ufsm.br\/app\/uploads\/sites\/376\/2023\/11\/Oficina-AU-nov.-2023-4-1536x927.jpg 1536w, https:\/\/www.ufsm.br\/app\/uploads\/sites\/376\/2023\/11\/Oficina-AU-nov.-2023-4.jpg 1600w\" sizes=\"(max-width: 353px) 100vw, 353px\" \/><\/a>Nos dias 06 e 07 de novembro de 2023, o curso de Arquitetura e Urbanismo da UFSM em Cachoeira do Sul sediou duas oficinas de grande relev\u00e2ncia para alunos e professores. O evento ainda marcou o in\u00edcio da utiliza\u00e7\u00e3o de um dos laborat\u00f3rios do curso na sala 12 do pr\u00e9dio C4. As atividades foram organizadas pela professora Luiza S. Pacheco Delongui e tiveram como ministrante o conservador e restaurador, Antonio Saras\u00e1 \u2013 diretor do Est\u00fadio Saras\u00e1, empresa com sede em S\u00e3o Paulo\/SP, que possui destaque no Brasil no \u00e2mbito da conserva\u00e7\u00e3o, zeladoria e restauro do Patrim\u00f4nio Cultural.<\/p>\n<p>O evento ocorreu a partir de demandas das disciplinas T\u00e9cnicas de Restauro e Interven\u00e7\u00e3o e Projeto VI e contemplou, no primeiro dia, a tem\u00e1tica sobre \u201cArgamassas Tradicionais\u201d, onde foi trabalhado \u2013 entre outros aspectos &#8211; o ciclo da cal, aplica\u00e7\u00e3o de argamassas \u00e0 base de cal, pigmentos e acabamentos, que culminaram na constru\u00e7\u00e3o de uma paleta de cores, confeccionada em uma das paredes do novo laborat\u00f3rio, e que servir\u00e1 como um registro da atividade inaugural.<\/p>\n<p>No segundo dia, o tema da oficina foi \u201cMadeiras no Patrim\u00f4nio Cultural\u201d em que foi exposta uma parte te\u00f3rica acerca do uso da madeira, anatomia, cortes, artes e of\u00edcios com a madeira &#8211; como encaixe, entalhes e o papel humano neste universo. Al\u00e9m disso, foram explorados t\u00f3picos relativos \u00e0 hidrata\u00e7\u00e3o com \u00f3leos e ceras naturais, permitindo aos alunos realizar testes com diferentes tipos desses materiais e aplicar pigmentos a eles. Tamb\u00e9m foi oferecida a oportunidade de examinar as caracter\u00edsticas de distintos tipos de madeira por meio do uso de lupas conta-fio.<\/p>\n<p>Segundo a professora Luiza, ambos os dias representaram oportunidades valiosas de aprendizado, tendo repercuss\u00e3o muito positiva e refor\u00e7ando que momentos como estes contribuem significativamente para a forma\u00e7\u00e3o dos estudantes de Arquitetura e Urbanismo.<\/p>\n<!-- \/wp:tadv\/classic-paragraph -->\t\t\t\t\t\t<\/div>\n\t\t\t\t<\/div>\n\t\t\t\t\t<\/div>\n\t\t<\/div>\n\t\t\t\t\t<\/div>\n\t\t<\/section>\n\t\t\t\t<section class=\"elementor-section elementor-top-section elementor-element elementor-element-d476943 elementor-section-boxed elementor-section-height-default elementor-section-height-default\" data-id=\"d476943\" data-element_type=\"section\">\n\t\t\t\t\t\t<div class=\"elementor-container elementor-column-gap-default\">\n\t\t\t\t\t<div class=\"elementor-column elementor-col-100 elementor-top-column elementor-element elementor-element-369f24f\" data-id=\"369f24f\" data-element_type=\"column\">\n\t\t\t<div class=\"elementor-widget-wrap elementor-element-populated\">\n\t\t\t\t\t\t<div class=\"elementor-element elementor-element-48233f4 elementor-arrows-position-inside elementor-pagination-position-outside elementor-widget elementor-widget-image-carousel\" data-id=\"48233f4\" data-element_type=\"widget\" data-settings=\"{&quot;slides_to_show&quot;:&quot;1&quot;,&quot;navigation&quot;:&quot;both&quot;,&quot;autoplay&quot;:&quot;yes&quot;,&quot;pause_on_hover&quot;:&quot;yes&quot;,&quot;pause_on_interaction&quot;:&quot;yes&quot;,&quot;autoplay_speed&quot;:5000,&quot;infinite&quot;:&quot;yes&quot;,&quot;effect&quot;:&quot;slide&quot;,&quot;speed&quot;:500}\" data-widget_type=\"image-carousel.default\">\n\t\t\t\t<div class=\"elementor-widget-container\">\n\t\t\t\t\t<div class=\"elementor-image-carousel-wrapper swiper\" dir=\"ltr\">\n\t\t\t<div class=\"elementor-image-carousel swiper-wrapper\" aria-live=\"off\">\n\t\t\t\t\t\t\t\t<div class=\"swiper-slide\" role=\"group\" aria-roledescription=\"slide\" aria-label=\"1 of 4\"><figure class=\"swiper-slide-inner\"><img decoding=\"async\" class=\"swiper-slide-image\" src=\"https:\/\/www.ufsm.br\/app\/uploads\/sites\/376\/2023\/11\/Oficina-AU-nov.-2023-6-1-1-768x420.jpg\" alt=\"Oficina AU - nov. 2023 6\" \/><\/figure><\/div><div class=\"swiper-slide\" role=\"group\" aria-roledescription=\"slide\" aria-label=\"2 of 4\"><figure class=\"swiper-slide-inner\"><img decoding=\"async\" class=\"swiper-slide-image\" src=\"https:\/\/www.ufsm.br\/app\/uploads\/sites\/376\/2023\/11\/Oficina-AU-nov.-2023-1-768x432.jpg\" alt=\"Oficina AU - nov. 2023 1\" \/><\/figure><\/div><div class=\"swiper-slide\" role=\"group\" aria-roledescription=\"slide\" aria-label=\"3 of 4\"><figure class=\"swiper-slide-inner\"><img decoding=\"async\" class=\"swiper-slide-image\" src=\"https:\/\/www.ufsm.br\/app\/uploads\/sites\/376\/2023\/11\/Oficina-AU-nov.-2023-2.jpg\" alt=\"Oficina AU - nov. 2023 2\" \/><\/figure><\/div><div class=\"swiper-slide\" role=\"group\" aria-roledescription=\"slide\" aria-label=\"4 of 4\"><figure class=\"swiper-slide-inner\"><img decoding=\"async\" class=\"swiper-slide-image\" src=\"https:\/\/www.ufsm.br\/app\/uploads\/sites\/376\/2023\/11\/Oficina-AU-nov.-2023-3-768x432.jpg\" alt=\"Oficina AU - nov. 2023 3\" \/><\/figure><\/div>\t\t\t<\/div>\n\t\t\t\t\t\t\t\t\t\t\t\t<div class=\"elementor-swiper-button elementor-swiper-button-prev\" role=\"button\" tabindex=\"0\">\n\t\t\t\t\t\t<i aria-hidden=\"true\" class=\"eicon-chevron-left\"><\/i>\t\t\t\t\t<\/div>\n\t\t\t\t\t<div class=\"elementor-swiper-button elementor-swiper-button-next\" role=\"button\" tabindex=\"0\">\n\t\t\t\t\t\t<i aria-hidden=\"true\" class=\"eicon-chevron-right\"><\/i>\t\t\t\t\t<\/div>\n\t\t\t\t\n\t\t\t\t\t\t\t\t\t<div class=\"swiper-pagination\"><\/div>\n\t\t\t\t\t\t\t\t\t<\/div>\n\t\t\t\t<\/div>\n\t\t\t\t<\/div>\n\t\t\t\t\t<\/div>\n\t\t<\/div>\n\t\t\t\t\t<\/div>\n\t\t<\/section>\n\t\t\t\t<\/div>\n\t\t","protected":false},"excerpt":{"rendered":"<p>Nos dias 06 e 07 de novembro de 2023, o curso de Arquitetura e Urbanismo da UFSM em Cachoeira do Sul sediou duas oficinas de grande relev\u00e2ncia para alunos e professores. O evento ainda marcou o in\u00edcio da utiliza\u00e7\u00e3o de um dos laborat\u00f3rios do curso na sala 12 do pr\u00e9dio C4. As atividades foram organizadas [&hellip;]<\/p>\n","protected":false},"author":293,"featured_media":4943,"comment_status":"closed","ping_status":"closed","sticky":false,"template":"","format":"standard","meta":{"footnotes":""},"categories":[1],"tags":[675],"class_list":["post-4939","post","type-post","status-publish","format-standard","has-post-thumbnail","hentry","category-noticias","tag-destaques"],"acf":[],"_links":{"self":[{"href":"https:\/\/www.ufsm.br\/unidades-universitarias\/cachoeira-do-sul\/wp-json\/wp\/v2\/posts\/4939","targetHints":{"allow":["GET"]}}],"collection":[{"href":"https:\/\/www.ufsm.br\/unidades-universitarias\/cachoeira-do-sul\/wp-json\/wp\/v2\/posts"}],"about":[{"href":"https:\/\/www.ufsm.br\/unidades-universitarias\/cachoeira-do-sul\/wp-json\/wp\/v2\/types\/post"}],"author":[{"embeddable":true,"href":"https:\/\/www.ufsm.br\/unidades-universitarias\/cachoeira-do-sul\/wp-json\/wp\/v2\/users\/293"}],"replies":[{"embeddable":true,"href":"https:\/\/www.ufsm.br\/unidades-universitarias\/cachoeira-do-sul\/wp-json\/wp\/v2\/comments?post=4939"}],"version-history":[{"count":0,"href":"https:\/\/www.ufsm.br\/unidades-universitarias\/cachoeira-do-sul\/wp-json\/wp\/v2\/posts\/4939\/revisions"}],"wp:featuredmedia":[{"embeddable":true,"href":"https:\/\/www.ufsm.br\/unidades-universitarias\/cachoeira-do-sul\/wp-json\/wp\/v2\/media\/4943"}],"wp:attachment":[{"href":"https:\/\/www.ufsm.br\/unidades-universitarias\/cachoeira-do-sul\/wp-json\/wp\/v2\/media?parent=4939"}],"wp:term":[{"taxonomy":"category","embeddable":true,"href":"https:\/\/www.ufsm.br\/unidades-universitarias\/cachoeira-do-sul\/wp-json\/wp\/v2\/categories?post=4939"},{"taxonomy":"post_tag","embeddable":true,"href":"https:\/\/www.ufsm.br\/unidades-universitarias\/cachoeira-do-sul\/wp-json\/wp\/v2\/tags?post=4939"}],"curies":[{"name":"wp","href":"https:\/\/api.w.org\/{rel}","templated":true}]}}