{"id":4973,"date":"2023-11-27T16:11:08","date_gmt":"2023-11-27T19:11:08","guid":{"rendered":"https:\/\/www.ufsm.br\/unidades-universitarias\/cachoeira-do-sul\/?p=4973"},"modified":"2023-11-27T16:11:09","modified_gmt":"2023-11-27T19:11:09","slug":"ufsm-abre-selecao-publica-de-professor-substituto-para-o-curso-de-arquitetura-e-urbanismo-de-cachoeira-do-sul","status":"publish","type":"post","link":"https:\/\/www.ufsm.br\/unidades-universitarias\/cachoeira-do-sul\/2023\/11\/27\/ufsm-abre-selecao-publica-de-professor-substituto-para-o-curso-de-arquitetura-e-urbanismo-de-cachoeira-do-sul","title":{"rendered":"UFSM abre Sele\u00e7\u00e3o P\u00fablica de Professor Substituto para o curso de Arquitetura e Urbanismo de Cachoeira do Sul"},"content":{"rendered":"\n\n\n<p style=\"font-weight: 400\">Est\u00e1 dispon\u00edvel na p\u00e1gina da UFSM, em \u201cTrabalhe aqui\u201d ou pelo link: <u><a href=\"https:\/\/www.ufsm.br\/pro-reitorias\/progep\/editais\/195-2023\" data-saferedirecturl=\"https:\/\/www.google.com\/url?q=https:\/\/www.ufsm.br\/pro-reitorias\/progep\/editais\/195-2023&amp;source=gmail&amp;ust=1701195188094000&amp;usg=AOvVaw11l3oBJvtc0umGhipzDNYq\">https:\/\/www.ufsm.br\/pro-reitorias\/progep\/editais\/195-2023<\/a><\/u>, o\u00a0<strong>Edital\u00a0N.\u00a0195\/2023<\/strong>, de Sele\u00e7\u00e3o P\u00fablica para Professor Substituto do Magist\u00e9rio Superior.\u00a0<\/p>\n<p style=\"font-weight: 400\">&#8211; Os procedimentos dever\u00e3o ser realizados em conformidade com o<strong>\u00a0<\/strong><strong>Edital\u00a0N.\u00a0195\/2023\u00a0<\/strong>e com a\u00a0<strong>Resolu\u00e7\u00e3o UFSM N. 016\/2014<\/strong>. O\u00a0Edital\u00a0est\u00e1 anexo a este e-mail.<\/p>\n<p style=\"font-weight: 400\">\u00a0<\/p>\n<p style=\"font-weight: 400\">&#8211; Os candidatos realizar\u00e3o as\u00a0<u>inscri\u00e7\u00f5es de forma online<\/u>, pelo link:\u00a0<u><a href=\"https:\/\/portal.ufsm.br\/concursos\/inscricao\/opcoes.html?edicao=4796\" data-saferedirecturl=\"https:\/\/www.google.com\/url?q=https:\/\/portal.ufsm.br\/concursos\/inscricao\/opcoes.html?edicao%3D4796&amp;source=gmail&amp;ust=1701195188094000&amp;usg=AOvVaw0dt162GMBwW5Fg5C7EuHYV\">https:\/\/portal.ufsm.br\/concursos\/inscricao\/opcoes.html?edicao=4796<\/a><\/u>, no per\u00edodo de\u00a0<strong><u>27\/11\/2023 a 1\u00ba\/12\/2023<\/u><\/strong>. Ap\u00f3s a finaliza\u00e7\u00e3o do prazo das inscri\u00e7\u00f5es, a CCON\/PROGEP far\u00e1 a homologa\u00e7\u00e3o das inscri\u00e7\u00f5es, mediante a confirma\u00e7\u00e3o do pagamento do valor da inscri\u00e7\u00e3o, em um prazo de at\u00e9 10 (dez) dias corridos ap\u00f3s o encerramento destas, e divulgar\u00e1 na p\u00e1gina da Sele\u00e7\u00e3o P\u00fablica;<\/p>\n<p style=\"font-weight: 400\">\u00a0<\/p>\n<p style=\"font-weight: 400\">&#8211; Em rela\u00e7\u00e3o ao\u00a0<u>n\u00famero de aprovados na Sele\u00e7\u00e3o P\u00fablica<\/u>, deve ser observado o disposto no item 8 do\u00a0Edital\u00a0de abertura:<\/p>\n<p style=\"font-weight: 400\"><em>8.2. O quantitativo m\u00e1ximo de candidatos classificados para cada vaga ser\u00e1 de acordo com o estabelecido no Anexo II do Decreto N. 9.739\/2019, conforme quadro a seguir:<\/em><\/p>\n<p style=\"font-weight: 400\"><em>\u00a0<\/em><\/p>\n<table>\n<tbody>\n<tr>\n<td width=\"142\">\n<p><strong>VAGAS PREVISTAS NO\u00a0EDITAL<\/strong><\/p>\n<\/td>\n<td width=\"188\">\n<p><strong>M\u00c1XIMO DE CANDIDATOS APROVADOS<\/strong><\/p>\n<\/td>\n<\/tr>\n<tr>\n<td width=\"142\">\n<p>01<\/p>\n<\/td>\n<td width=\"188\">\n<p>05<\/p>\n<\/td>\n<\/tr>\n<tr>\n<td width=\"142\">\n<p>02<\/p>\n<\/td>\n<td width=\"188\">\n<p>09<\/p>\n<\/td>\n<\/tr>\n<\/tbody>\n<\/table>\n<p style=\"font-weight: 400\"><em>\u00a0<\/em><\/p>\n<p style=\"font-weight: 400\">Os candidatos n\u00e3o classificados no n\u00famero m\u00e1ximo de aprovados, ainda que tenham atingido a nota m\u00ednima estabelecida para habilita\u00e7\u00e3o, estar\u00e3o automaticamente reprovados na sele\u00e7\u00e3o p\u00fablica, de acordo com o Decreto N. 9.739\/2019.<\/p>\n<p style=\"font-weight: 400\">\u00a0<\/p>\n<p style=\"font-weight: 400\">&#8211; Quanto \u00e0\u00a0<u>Prova de T\u00edtulos<\/u>: de acordo Parecer N. 111\/2020\/PROJUR\/PFUFSM\/PGF\/AGU, de 30\/09\/2020, a Prova de T\u00edtulos dever\u00e1 ter\u00a0<u>car\u00e1ter unicamente classificat\u00f3rio<\/u>. Desta forma, solicitamos aten\u00e7\u00e3o especial aos\u00a0<u>itens 4.17 a 4.21 e 8.1 do\u00a0Edital\u00a0de abertura.<\/u><\/p>\n<p style=\"font-weight: 400\">\u00a0<\/p>\n<p style=\"font-weight: 400\">&#8211; Refor\u00e7amos que a Resolu\u00e7\u00e3o UFSM n. 016\/2014 determina que a Prova de T\u00edtulos ter\u00e1 peso 2 na Sele\u00e7\u00e3o P\u00fablica e que deve-se considerar a maior pontua\u00e7\u00e3o, dentre os candidatos, como 2, e as pontua\u00e7\u00f5es inferiores\u00a0<u>atribu\u00eddas proporcionalmente em uma regra de tr\u00eas simples<\/u>, ou seja,\u00a0<u>n\u00e3o deve ser feita a multiplica\u00e7\u00e3o da pontua\u00e7\u00e3o do candidato na Prova de T\u00edtulos por 0,2 direto<\/u>, pois dessa forma o c\u00e1lculo n\u00e3o fica de acordo com o que estabelece a Resolu\u00e7\u00e3o.<\/p>\n<p style=\"font-weight: 400\">\u00a0<\/p>\n<p style=\"font-weight: 400\">&#8211; O\u00a0<u>prazo de validade<\/u>\u00a0da sele\u00e7\u00e3o p\u00fablica ser\u00e1 de 1 (um) ano a contar da data da publica\u00e7\u00e3o da homologa\u00e7\u00e3o no Di\u00e1rio Oficial da Uni\u00e3o,\u00a0<strong>podendo ser prorrogado por igual per\u00edodo por solicita\u00e7\u00e3o do Departamento Did\u00e1tico ou Unidade respons\u00e1vel pela sele\u00e7\u00e3o<\/strong>.<\/p>\n","protected":false},"excerpt":{"rendered":"<p>Est\u00e1 dispon\u00edvel na p\u00e1gina da UFSM, em \u201cTrabalhe aqui\u201d ou pelo link: https:\/\/www.ufsm.br\/pro-reitorias\/progep\/editais\/195-2023, o\u00a0Edital\u00a0N.\u00a0195\/2023, de Sele\u00e7\u00e3o P\u00fablica para Professor Substituto do Magist\u00e9rio Superior.\u00a0 &#8211; Os procedimentos dever\u00e3o ser realizados em conformidade com o\u00a0Edital\u00a0N.\u00a0195\/2023\u00a0e com a\u00a0Resolu\u00e7\u00e3o UFSM N. 016\/2014. O\u00a0Edital\u00a0est\u00e1 anexo a este e-mail. \u00a0 &#8211; Os candidatos realizar\u00e3o as\u00a0inscri\u00e7\u00f5es de forma online, pelo link:\u00a0https:\/\/portal.ufsm.br\/concursos\/inscricao\/opcoes.html?edicao=4796, no [&hellip;]<\/p>\n","protected":false},"author":4522,"featured_media":0,"comment_status":"closed","ping_status":"closed","sticky":false,"template":"","format":"standard","meta":{"footnotes":""},"categories":[1],"tags":[],"class_list":["post-4973","post","type-post","status-publish","format-standard","hentry","category-noticias"],"acf":[],"_links":{"self":[{"href":"https:\/\/www.ufsm.br\/unidades-universitarias\/cachoeira-do-sul\/wp-json\/wp\/v2\/posts\/4973","targetHints":{"allow":["GET"]}}],"collection":[{"href":"https:\/\/www.ufsm.br\/unidades-universitarias\/cachoeira-do-sul\/wp-json\/wp\/v2\/posts"}],"about":[{"href":"https:\/\/www.ufsm.br\/unidades-universitarias\/cachoeira-do-sul\/wp-json\/wp\/v2\/types\/post"}],"author":[{"embeddable":true,"href":"https:\/\/www.ufsm.br\/unidades-universitarias\/cachoeira-do-sul\/wp-json\/wp\/v2\/users\/4522"}],"replies":[{"embeddable":true,"href":"https:\/\/www.ufsm.br\/unidades-universitarias\/cachoeira-do-sul\/wp-json\/wp\/v2\/comments?post=4973"}],"version-history":[{"count":0,"href":"https:\/\/www.ufsm.br\/unidades-universitarias\/cachoeira-do-sul\/wp-json\/wp\/v2\/posts\/4973\/revisions"}],"wp:attachment":[{"href":"https:\/\/www.ufsm.br\/unidades-universitarias\/cachoeira-do-sul\/wp-json\/wp\/v2\/media?parent=4973"}],"wp:term":[{"taxonomy":"category","embeddable":true,"href":"https:\/\/www.ufsm.br\/unidades-universitarias\/cachoeira-do-sul\/wp-json\/wp\/v2\/categories?post=4973"},{"taxonomy":"post_tag","embeddable":true,"href":"https:\/\/www.ufsm.br\/unidades-universitarias\/cachoeira-do-sul\/wp-json\/wp\/v2\/tags?post=4973"}],"curies":[{"name":"wp","href":"https:\/\/api.w.org\/{rel}","templated":true}]}}