{"id":5141,"date":"2023-12-20T08:42:07","date_gmt":"2023-12-20T11:42:07","guid":{"rendered":"https:\/\/www.ufsm.br\/unidades-universitarias\/cachoeira-do-sul\/?p=5141"},"modified":"2023-12-20T08:43:44","modified_gmt":"2023-12-20T11:43:44","slug":"egressas-do-curso-de-arquitetura-e-urbanismo-do-campus-da-ufsm-em-cachoeira-do-sul-ganham-mencao-destaque-no-premio-iab-rs-jose-albano-volkmer","status":"publish","type":"post","link":"https:\/\/www.ufsm.br\/unidades-universitarias\/cachoeira-do-sul\/2023\/12\/20\/egressas-do-curso-de-arquitetura-e-urbanismo-do-campus-da-ufsm-em-cachoeira-do-sul-ganham-mencao-destaque-no-premio-iab-rs-jose-albano-volkmer","title":{"rendered":"Egressas do curso de Arquitetura e Urbanismo do campus da UFSM em Cachoeira do Sul ganham men\u00e7\u00e3o-destaque no pr\u00eamio IAB RS &#8211; Jos\u00e9 Albano Volkmer"},"content":{"rendered":"\n<p>As egressas do curso de Arquitetura e Urbanismo do campus da UFSM em Cachoeira do Sul, Jana\u00edna Redin e Ariane Brum Rodrigues, receberam men\u00e7\u00e3o-destaque no pr\u00eamio IAB RS &#8211; Jos\u00e9 Albano Volkmer. As arquitetas se formaram no primeiro e no segundo semestre de 2022, respectivamente.<\/p>\n<p>O Instituto de Arquitetos do Brasil \u2013 Departamento do Rio Grande do Sul (IAB-RS) organiza o pr\u00eamio desde 1998. A premia\u00e7\u00e3o acontece em duas etapas: as semestrais, em que cada universidade do Rio Grande do Sul, escolhe os 3 (tr\u00eas) melhores trabalhos finais de gradua\u00e7\u00e3o de cada semestre; e a etapa final, reunindo os trabalhos selecionados em todas as universidades, que resultam em uma premia\u00e7\u00e3o e a publica\u00e7\u00e3o de todos os trabalhos inscritos na plataforma digital.<\/p>\n<p>O Pr\u00eamio IAB RS &#8211; Jos\u00e9 Albano Volkmer tem como objetivo valorizar e divulgar a qualidade da produ\u00e7\u00e3o acad\u00eamica das Faculdades de Arquitetura e Urbanismo do Rio Grande do Sul, promovendo o ensino da arquitetura e urbanismo das faculdades, refor\u00e7ando sua relev\u00e2ncia como instrumento de qualifica\u00e7\u00e3o das cidades e do habitat atrav\u00e9s do reconhecimento dos jovens talentos locais premiando os melhores trabalhos de conclus\u00e3o das Faculdades de Arquitetura e Urbanismo do Estado.<\/p>\n<p>O trabalho premiado de Jana\u00edna Redin \u00e9 \u201cRotas (eco)tur\u00edsticas para o Munic\u00edpio de Sobradinho \u2013 RS: um instrumento de planejamento da paisagem\u201d. Segundo o parecer do j\u00fari, \u201co trabalho enfrenta o desafio de articular din\u00e2micas regionais para propor rotas ecotur\u00edsticas na escala do munic\u00edpio. \u00c9 um trabalho bastante completo, com metodologia clara, boas an\u00e1lises e representa\u00e7\u00e3o gr\u00e1fica primorosa. O resultado \u00e9 uma estrat\u00e9gia de planejamento que dialoga com quest\u00f5es ambientais e promove a valoriza\u00e7\u00e3o do patrim\u00f4nio cultural do munic\u00edpio\u201d.<\/p>\n<p>J\u00e1 o projeto apresentado por Ariane Brum Rodrigues tem como t\u00edtulo \u201cPreservar, conservar e usufruir: constru\u00e7\u00e3o de um sistema de espa\u00e7os livre para a cidade de S\u00e3o Sep\u00e9, RS\u201d. O j\u00fari, ao definir seu parecer, salientou que o trabalho de Ariane \u201capresenta uma boa an\u00e1lise da realidade, na escala do munic\u00edpio, a fim de propor um conjunto articulado de espa\u00e7os livres. Analisa e relaciona, de modo bastante interessante, os elementos delimitadores do cintur\u00e3o verde-azul a um sistema de parques planejados, conseguindo chegar \u00e0 escala de detalhamento de uma das \u00e1reas definidas na proposta\u201d.<\/p>\n<p>Para saber mais sobre o pr\u00eamio e os trabalhos vencedores, acesse o <a href=\"https:\/\/premioiabrs.org.br\/\">site do pr\u00eamio<\/a>.<br \/><br \/><\/p>\n","protected":false},"excerpt":{"rendered":"<p>O Instituto de Arquitetos do Brasil &#8211; Departamento do Rio Grande do Sul (IAB-RS) premia anualmente os melhores Trabalhos de Conclus\u00e3o de Curso (TCC) das universidades do Estado<\/p>\n","protected":false},"author":293,"featured_media":5143,"comment_status":"closed","ping_status":"closed","sticky":false,"template":"","format":"standard","meta":{"footnotes":""},"categories":[1],"tags":[675],"class_list":["post-5141","post","type-post","status-publish","format-standard","has-post-thumbnail","hentry","category-noticias","tag-destaques"],"acf":[],"_links":{"self":[{"href":"https:\/\/www.ufsm.br\/unidades-universitarias\/cachoeira-do-sul\/wp-json\/wp\/v2\/posts\/5141","targetHints":{"allow":["GET"]}}],"collection":[{"href":"https:\/\/www.ufsm.br\/unidades-universitarias\/cachoeira-do-sul\/wp-json\/wp\/v2\/posts"}],"about":[{"href":"https:\/\/www.ufsm.br\/unidades-universitarias\/cachoeira-do-sul\/wp-json\/wp\/v2\/types\/post"}],"author":[{"embeddable":true,"href":"https:\/\/www.ufsm.br\/unidades-universitarias\/cachoeira-do-sul\/wp-json\/wp\/v2\/users\/293"}],"replies":[{"embeddable":true,"href":"https:\/\/www.ufsm.br\/unidades-universitarias\/cachoeira-do-sul\/wp-json\/wp\/v2\/comments?post=5141"}],"version-history":[{"count":0,"href":"https:\/\/www.ufsm.br\/unidades-universitarias\/cachoeira-do-sul\/wp-json\/wp\/v2\/posts\/5141\/revisions"}],"wp:featuredmedia":[{"embeddable":true,"href":"https:\/\/www.ufsm.br\/unidades-universitarias\/cachoeira-do-sul\/wp-json\/wp\/v2\/media\/5143"}],"wp:attachment":[{"href":"https:\/\/www.ufsm.br\/unidades-universitarias\/cachoeira-do-sul\/wp-json\/wp\/v2\/media?parent=5141"}],"wp:term":[{"taxonomy":"category","embeddable":true,"href":"https:\/\/www.ufsm.br\/unidades-universitarias\/cachoeira-do-sul\/wp-json\/wp\/v2\/categories?post=5141"},{"taxonomy":"post_tag","embeddable":true,"href":"https:\/\/www.ufsm.br\/unidades-universitarias\/cachoeira-do-sul\/wp-json\/wp\/v2\/tags?post=5141"}],"curies":[{"name":"wp","href":"https:\/\/api.w.org\/{rel}","templated":true}]}}