{"id":5504,"date":"2024-04-02T14:19:52","date_gmt":"2024-04-02T17:19:52","guid":{"rendered":"https:\/\/www.ufsm.br\/unidades-universitarias\/cachoeira-do-sul\/?p=5504"},"modified":"2024-04-02T14:21:09","modified_gmt":"2024-04-02T17:21:09","slug":"reitor-visita-campus-da-ufsm-em-cachoeira-do-sul","status":"publish","type":"post","link":"https:\/\/www.ufsm.br\/unidades-universitarias\/cachoeira-do-sul\/2024\/04\/02\/reitor-visita-campus-da-ufsm-em-cachoeira-do-sul","title":{"rendered":"Reitor visita campus da UFSM em Cachoeira do Sul"},"content":{"rendered":"\n<p><br \/><a href=\"https:\/\/www.ufsm.br\/app\/uploads\/sites\/376\/2024\/04\/20240401_154253.jpg\"><img fetchpriority=\"high\" decoding=\"async\" class=\"size-medium wp-image-5506 alignright\" src=\"https:\/\/www.ufsm.br\/app\/uploads\/sites\/376\/2024\/04\/20240401_154253-300x169.jpg\" alt=\"\" width=\"300\" height=\"169\" srcset=\"https:\/\/www.ufsm.br\/app\/uploads\/sites\/376\/2024\/04\/20240401_154253-300x169.jpg 300w, https:\/\/www.ufsm.br\/app\/uploads\/sites\/376\/2024\/04\/20240401_154253-1024x576.jpg 1024w, https:\/\/www.ufsm.br\/app\/uploads\/sites\/376\/2024\/04\/20240401_154253-768x432.jpg 768w, https:\/\/www.ufsm.br\/app\/uploads\/sites\/376\/2024\/04\/20240401_154253-1536x864.jpg 1536w, https:\/\/www.ufsm.br\/app\/uploads\/sites\/376\/2024\/04\/20240401_154253.jpg 1920w\" sizes=\"(max-width: 300px) 100vw, 300px\" \/><\/a>Nesta segunda-feira, dia 1, o reitor da UFSM, professor Luciano Schuch, esteve no campus de Cachoeira do Sul para conversar com servidores e a Comiss\u00e3o Pr\u00f3-UFSM.<br \/>Durante a tarde, o reitor se reuniu com cerca de 70 servidores docentes e t\u00e9cnicos administrativos para conversar sobre a realidade do campus e da UFSM. Na sua fala, Schuch exp\u00f4s quest\u00f5es relativas a recursos, vagas de servidores, pactua\u00e7\u00e3o do campus, preenchimento de vagas e o Programa de Gest\u00e3o e Desempenho (PGD), que come\u00e7ou a ser implementado neste m\u00eas na UFSM. Sobre a greve dos servidores t\u00e9cnicos administrativos, o Reitor disse se tratar de um movimento leg\u00edtimo. Na oportunidade, o reitor ainda parabenizou os esfor\u00e7os realizados no campus para manter a qualidade dos servi\u00e7os e a excel\u00eancia no ensino, apesar das adversidades encontradas ao longo dos anos, e citou com exemplo o recente conceito 5 do curso de Engenharia de Transportes e Log\u00edstica na avalia\u00e7\u00e3o do MEC. Ap\u00f3s a fala de Schuch, professores e t\u00e9cnicos ainda puderam fazer algumas perguntas e expor situa\u00e7\u00f5es do dia a dia no campus.<a href=\"https:\/\/www.ufsm.br\/app\/uploads\/sites\/376\/2024\/04\/WhatsApp-Image-2024-04-01-at-11.03.34-PM-2.jpeg\"><img decoding=\"async\" class=\"size-medium wp-image-5509 alignleft\" src=\"https:\/\/www.ufsm.br\/app\/uploads\/sites\/376\/2024\/04\/WhatsApp-Image-2024-04-01-at-11.03.34-PM-2-300x225.jpeg\" alt=\"\" width=\"300\" height=\"225\" srcset=\"https:\/\/www.ufsm.br\/app\/uploads\/sites\/376\/2024\/04\/WhatsApp-Image-2024-04-01-at-11.03.34-PM-2-300x225.jpeg 300w, https:\/\/www.ufsm.br\/app\/uploads\/sites\/376\/2024\/04\/WhatsApp-Image-2024-04-01-at-11.03.34-PM-2-1024x768.jpeg 1024w, https:\/\/www.ufsm.br\/app\/uploads\/sites\/376\/2024\/04\/WhatsApp-Image-2024-04-01-at-11.03.34-PM-2-768x576.jpeg 768w, https:\/\/www.ufsm.br\/app\/uploads\/sites\/376\/2024\/04\/WhatsApp-Image-2024-04-01-at-11.03.34-PM-2-1536x1152.jpeg 1536w, https:\/\/www.ufsm.br\/app\/uploads\/sites\/376\/2024\/04\/WhatsApp-Image-2024-04-01-at-11.03.34-PM-2.jpeg 1600w\" sizes=\"(max-width: 300px) 100vw, 300px\" \/><\/a><br \/>Ap\u00f3s o encontro com os servidores, o reitor participou de uma reuni\u00e3o com a Comiss\u00e3o Pr\u00f3-UFSM. Nesta oportunidade, o professor sanou d\u00favidas sobre o andamento do processo de pactua\u00e7\u00e3o do campus com o MEC e do Programa de Acelera\u00e7\u00e3o do Crescimento (PAC) da Educa\u00e7\u00e3o. Al\u00e9m disso, o grupo questionou sobre como est\u00e1 o di\u00e1logo da Universidade com o MEC, se colocando \u00e0 disposi\u00e7\u00e3o para auxiliar no que for preciso para trazer recursos para o campus.<\/p>\n","protected":false},"excerpt":{"rendered":"<p>Nesta segunda-feira, dia 1, o reitor da UFSM, professor Luciano Schuch, esteve no campus de Cachoeira do Sul para conversar com servidores e a Comiss\u00e3o Pr\u00f3-UFSM.Durante a tarde, o reitor se reuniu com cerca de 70 servidores docentes e t\u00e9cnicos administrativos para conversar sobre a realidade do campus e da UFSM. Na sua fala, Schuch [&hellip;]<\/p>\n","protected":false},"author":293,"featured_media":5508,"comment_status":"closed","ping_status":"closed","sticky":false,"template":"","format":"standard","meta":{"footnotes":""},"categories":[1],"tags":[675],"class_list":["post-5504","post","type-post","status-publish","format-standard","has-post-thumbnail","hentry","category-noticias","tag-destaques"],"acf":[],"_links":{"self":[{"href":"https:\/\/www.ufsm.br\/unidades-universitarias\/cachoeira-do-sul\/wp-json\/wp\/v2\/posts\/5504","targetHints":{"allow":["GET"]}}],"collection":[{"href":"https:\/\/www.ufsm.br\/unidades-universitarias\/cachoeira-do-sul\/wp-json\/wp\/v2\/posts"}],"about":[{"href":"https:\/\/www.ufsm.br\/unidades-universitarias\/cachoeira-do-sul\/wp-json\/wp\/v2\/types\/post"}],"author":[{"embeddable":true,"href":"https:\/\/www.ufsm.br\/unidades-universitarias\/cachoeira-do-sul\/wp-json\/wp\/v2\/users\/293"}],"replies":[{"embeddable":true,"href":"https:\/\/www.ufsm.br\/unidades-universitarias\/cachoeira-do-sul\/wp-json\/wp\/v2\/comments?post=5504"}],"version-history":[{"count":0,"href":"https:\/\/www.ufsm.br\/unidades-universitarias\/cachoeira-do-sul\/wp-json\/wp\/v2\/posts\/5504\/revisions"}],"wp:featuredmedia":[{"embeddable":true,"href":"https:\/\/www.ufsm.br\/unidades-universitarias\/cachoeira-do-sul\/wp-json\/wp\/v2\/media\/5508"}],"wp:attachment":[{"href":"https:\/\/www.ufsm.br\/unidades-universitarias\/cachoeira-do-sul\/wp-json\/wp\/v2\/media?parent=5504"}],"wp:term":[{"taxonomy":"category","embeddable":true,"href":"https:\/\/www.ufsm.br\/unidades-universitarias\/cachoeira-do-sul\/wp-json\/wp\/v2\/categories?post=5504"},{"taxonomy":"post_tag","embeddable":true,"href":"https:\/\/www.ufsm.br\/unidades-universitarias\/cachoeira-do-sul\/wp-json\/wp\/v2\/tags?post=5504"}],"curies":[{"name":"wp","href":"https:\/\/api.w.org\/{rel}","templated":true}]}}