{"id":5525,"date":"2024-04-24T11:02:05","date_gmt":"2024-04-24T14:02:05","guid":{"rendered":"https:\/\/www.ufsm.br\/unidades-universitarias\/cachoeira-do-sul\/?p=5525"},"modified":"2024-04-24T11:02:08","modified_gmt":"2024-04-24T14:02:08","slug":"professor-da-ufsm-cs-participa-de-organizacao-de-manual-de-maquinas-agricolas","status":"publish","type":"post","link":"https:\/\/www.ufsm.br\/unidades-universitarias\/cachoeira-do-sul\/2024\/04\/24\/professor-da-ufsm-cs-participa-de-organizacao-de-manual-de-maquinas-agricolas","title":{"rendered":"Professor da UFSM-CS participa de organiza\u00e7\u00e3o de Manual de M\u00e1quinas Agr\u00edcolas"},"content":{"rendered":"\n<p><a href=\"https:\/\/www.ufsm.br\/app\/uploads\/sites\/376\/2024\/04\/Cards-Feed-2024-2.jpg\"><img fetchpriority=\"high\" decoding=\"async\" class=\"size-medium wp-image-5527 alignright\" src=\"https:\/\/www.ufsm.br\/app\/uploads\/sites\/376\/2024\/04\/Cards-Feed-2024-2-300x300.jpg\" alt=\"\" width=\"300\" height=\"300\" srcset=\"https:\/\/www.ufsm.br\/app\/uploads\/sites\/376\/2024\/04\/Cards-Feed-2024-2-300x300.jpg 300w, https:\/\/www.ufsm.br\/app\/uploads\/sites\/376\/2024\/04\/Cards-Feed-2024-2-1024x1024.jpg 1024w, https:\/\/www.ufsm.br\/app\/uploads\/sites\/376\/2024\/04\/Cards-Feed-2024-2-150x150.jpg 150w, https:\/\/www.ufsm.br\/app\/uploads\/sites\/376\/2024\/04\/Cards-Feed-2024-2-768x768.jpg 768w, https:\/\/www.ufsm.br\/app\/uploads\/sites\/376\/2024\/04\/Cards-Feed-2024-2.jpg 1080w\" sizes=\"(max-width: 300px) 100vw, 300px\" \/><\/a>O professor do curso de Engenharia Agr\u00edcola do campus da UFSM em Cachoeira do Sul Tiago Rodrigo Francetto faz parte do projeto que acaba de lan\u00e7ar o livro \u201cManual de M\u00e1quinas Agr\u00edcolas \u2013 Volume I\u201d, pela Editora Funep. O professor \u00e9 respons\u00e1vel pela edi\u00e7\u00e3o e autoria do material, junto aos professores Rouverson Pereira da Silva (UNESP) e Lucas Augusto da Silva G\u00edrio (UFRGS).<\/p>\n<p>O projeto \u00e9 uma colabora\u00e7\u00e3o volunt\u00e1ria entre v\u00e1rios docentes de universidades p\u00fablicas e privadas do pa\u00eds e do exterior, em parceria com a ind\u00fastria de m\u00e1quinas agr\u00edcolas brasileira, visando promover o acesso ao conhecimento t\u00e9cnico-cient\u00edfico. Toda a renda gerada pela venda dos exemplares ser\u00e1 destinada exclusivamente aos custos do projeto, sendo que as universidades dos autores receber\u00e3o gratuitamente 5 exemplares de cada volume. Ao todo, neste primeiro volume, est\u00e3o envolvidos 22 professores autores, 14 institui\u00e7\u00f5es de ensino e 14 empresas apoiadoras. Do campus da UFSM em Cachoeira do Sul, dois docentes, al\u00e9m do professor Tiago, participaram desta edi\u00e7\u00e3o do livro: o prof. Paulo Ademar Avelar Ferreira e o prof. Alfran Tellechea Martini, ambos do curso de Engenharia Agr\u00edcola, atuaram respectivamente como co-autor de um cap\u00edtulo e autor de outro cap\u00edtulo.<\/p>\n<p>Segundo o professor Tiago Francetto, a ideia de fazer o livro surgiu a partir da necessidade de uma problem\u00e1tica antiga, que \u00e9 a falta de informa\u00e7\u00e3o t\u00e9cnica acess\u00edvel para os alunos dos cursos principalmente de Engenharia Agr\u00edcola. \u201cAt\u00e9 ent\u00e3o toda literatura que t\u00ednhamos nessa \u00e1rea era apenas em livros internacionais, pois as obras nacionais dispon\u00edveis, n\u00e3o eram atualizadas, ou seja, muitas das tecnologias utilizadas atualmente naquela \u00e9poca nem existiam e os conte\u00fados da internet eram confusos sem muita qualidade das informa\u00e7\u00f5es\u201d, destacou.<\/p>\n<p>O Volume II abordar\u00e1 m\u00e1quinas para colheita mecanizada e est\u00e1 previsto para ser lan\u00e7ado entre final de 2024 e in\u00edcio de 2025. Al\u00e9m do lan\u00e7amento de livros f\u00edsicos, que devem ser disponibilizados nas bibliotecas das universidades e empresas parceiras, o projeto ainda prev\u00ea o lan\u00e7amento dos livros em formato digital, com m\u00eddias de \u00e1udio, v\u00eddeo e hiperlinks, al\u00e9m de vers\u00f5es em ingl\u00eas e espanhol.<\/p>\n<p>Para saber mais sobre o \u201cManual de M\u00e1quinas Agr\u00edcolas \u2013 Volume I\u201d, acesse o <a href=\"https:\/\/livraria.funep.org.br\/product\/manual-de-maquinas-agricolas-volume-1\/\" target=\"_top\" rel=\"noopener\">site da Funep<\/a>.<\/p>\n","protected":false},"excerpt":{"rendered":"<p>O projeto prev\u00ea o lan\u00e7amento de mais um volume at\u00e9 o in\u00edcio de 2025<\/p>\n","protected":false},"author":293,"featured_media":5526,"comment_status":"closed","ping_status":"closed","sticky":false,"template":"","format":"standard","meta":{"footnotes":""},"categories":[1],"tags":[675],"class_list":["post-5525","post","type-post","status-publish","format-standard","has-post-thumbnail","hentry","category-noticias","tag-destaques"],"acf":[],"_links":{"self":[{"href":"https:\/\/www.ufsm.br\/unidades-universitarias\/cachoeira-do-sul\/wp-json\/wp\/v2\/posts\/5525","targetHints":{"allow":["GET"]}}],"collection":[{"href":"https:\/\/www.ufsm.br\/unidades-universitarias\/cachoeira-do-sul\/wp-json\/wp\/v2\/posts"}],"about":[{"href":"https:\/\/www.ufsm.br\/unidades-universitarias\/cachoeira-do-sul\/wp-json\/wp\/v2\/types\/post"}],"author":[{"embeddable":true,"href":"https:\/\/www.ufsm.br\/unidades-universitarias\/cachoeira-do-sul\/wp-json\/wp\/v2\/users\/293"}],"replies":[{"embeddable":true,"href":"https:\/\/www.ufsm.br\/unidades-universitarias\/cachoeira-do-sul\/wp-json\/wp\/v2\/comments?post=5525"}],"version-history":[{"count":0,"href":"https:\/\/www.ufsm.br\/unidades-universitarias\/cachoeira-do-sul\/wp-json\/wp\/v2\/posts\/5525\/revisions"}],"wp:featuredmedia":[{"embeddable":true,"href":"https:\/\/www.ufsm.br\/unidades-universitarias\/cachoeira-do-sul\/wp-json\/wp\/v2\/media\/5526"}],"wp:attachment":[{"href":"https:\/\/www.ufsm.br\/unidades-universitarias\/cachoeira-do-sul\/wp-json\/wp\/v2\/media?parent=5525"}],"wp:term":[{"taxonomy":"category","embeddable":true,"href":"https:\/\/www.ufsm.br\/unidades-universitarias\/cachoeira-do-sul\/wp-json\/wp\/v2\/categories?post=5525"},{"taxonomy":"post_tag","embeddable":true,"href":"https:\/\/www.ufsm.br\/unidades-universitarias\/cachoeira-do-sul\/wp-json\/wp\/v2\/tags?post=5525"}],"curies":[{"name":"wp","href":"https:\/\/api.w.org\/{rel}","templated":true}]}}