{"id":5576,"date":"2024-06-06T11:41:07","date_gmt":"2024-06-06T14:41:07","guid":{"rendered":"https:\/\/www.ufsm.br\/unidades-universitarias\/cachoeira-do-sul\/?p=5576"},"modified":"2024-06-06T11:53:59","modified_gmt":"2024-06-06T14:53:59","slug":"aberto-edital-para-obra-do-trevo-de-acesso-ao-campus-da-ufsm-em-cachoeira-do-sul","status":"publish","type":"post","link":"https:\/\/www.ufsm.br\/unidades-universitarias\/cachoeira-do-sul\/2024\/06\/06\/aberto-edital-para-obra-do-trevo-de-acesso-ao-campus-da-ufsm-em-cachoeira-do-sul","title":{"rendered":"Aberto edital para obra do trevo de acesso ao campus da UFSM em Cachoeira do Sul"},"content":{"rendered":"\n<p><a href=\"https:\/\/www.ufsm.br\/app\/uploads\/sites\/376\/2024\/06\/Acesso-ao-campus.jpg\"><img fetchpriority=\"high\" decoding=\"async\" class=\" wp-image-5577 alignright\" src=\"https:\/\/www.ufsm.br\/app\/uploads\/sites\/376\/2024\/06\/Acesso-ao-campus-300x156.jpg\" alt=\"\" width=\"385\" height=\"200\" srcset=\"https:\/\/www.ufsm.br\/app\/uploads\/sites\/376\/2024\/06\/Acesso-ao-campus-300x156.jpg 300w, https:\/\/www.ufsm.br\/app\/uploads\/sites\/376\/2024\/06\/Acesso-ao-campus-1024x533.jpg 1024w, https:\/\/www.ufsm.br\/app\/uploads\/sites\/376\/2024\/06\/Acesso-ao-campus-768x400.jpg 768w, https:\/\/www.ufsm.br\/app\/uploads\/sites\/376\/2024\/06\/Acesso-ao-campus.jpg 1511w\" sizes=\"(max-width: 385px) 100vw, 385px\" \/><\/a>Na \u00faltima sexta-feira, 31 de maio, a Prefeitura Municipal de Cachoeira do Sul publicou o edital de concorr\u00eancia eletr\u00f4nica para a contrata\u00e7\u00e3o de empresa para a obra de constru\u00e7\u00e3o do trevo de acesso ao campus da UFSM em Cachoeira do Sul. O projeto foi desenvolvido em parceria com o curso de Engenharia de Transportes e Log\u00edstica do campus.<\/p>\n<p>O acolhimento das propostas acontecer\u00e1 at\u00e9 \u00e0s 9h do dia 19 de junho. A partir das 9h01min deste mesmo dia, ter\u00e3o in\u00edcio os lances das construtoras inscritas. A obra, or\u00e7ada em R$ 1.131.732,80, tem prazo de execu\u00e7\u00e3o de quatro meses. Para saber mais informa\u00e7\u00f5es, acesse o <a href=\"https:\/\/www.cachoeiradosul.rs.gov.br\/portal\/editais\/0\/1\/2803\/\">edital de contrata\u00e7\u00e3o<\/a>.<\/p>\n","protected":false},"excerpt":{"rendered":"<p>Empresas interessadas t\u00eam at\u00e9 o dia 19 de junho para enviar suas propostas.<\/p>\n","protected":false},"author":293,"featured_media":5577,"comment_status":"closed","ping_status":"closed","sticky":false,"template":"","format":"standard","meta":{"footnotes":""},"categories":[1],"tags":[675],"class_list":["post-5576","post","type-post","status-publish","format-standard","has-post-thumbnail","hentry","category-noticias","tag-destaques"],"acf":[],"_links":{"self":[{"href":"https:\/\/www.ufsm.br\/unidades-universitarias\/cachoeira-do-sul\/wp-json\/wp\/v2\/posts\/5576","targetHints":{"allow":["GET"]}}],"collection":[{"href":"https:\/\/www.ufsm.br\/unidades-universitarias\/cachoeira-do-sul\/wp-json\/wp\/v2\/posts"}],"about":[{"href":"https:\/\/www.ufsm.br\/unidades-universitarias\/cachoeira-do-sul\/wp-json\/wp\/v2\/types\/post"}],"author":[{"embeddable":true,"href":"https:\/\/www.ufsm.br\/unidades-universitarias\/cachoeira-do-sul\/wp-json\/wp\/v2\/users\/293"}],"replies":[{"embeddable":true,"href":"https:\/\/www.ufsm.br\/unidades-universitarias\/cachoeira-do-sul\/wp-json\/wp\/v2\/comments?post=5576"}],"version-history":[{"count":0,"href":"https:\/\/www.ufsm.br\/unidades-universitarias\/cachoeira-do-sul\/wp-json\/wp\/v2\/posts\/5576\/revisions"}],"wp:featuredmedia":[{"embeddable":true,"href":"https:\/\/www.ufsm.br\/unidades-universitarias\/cachoeira-do-sul\/wp-json\/wp\/v2\/media\/5577"}],"wp:attachment":[{"href":"https:\/\/www.ufsm.br\/unidades-universitarias\/cachoeira-do-sul\/wp-json\/wp\/v2\/media?parent=5576"}],"wp:term":[{"taxonomy":"category","embeddable":true,"href":"https:\/\/www.ufsm.br\/unidades-universitarias\/cachoeira-do-sul\/wp-json\/wp\/v2\/categories?post=5576"},{"taxonomy":"post_tag","embeddable":true,"href":"https:\/\/www.ufsm.br\/unidades-universitarias\/cachoeira-do-sul\/wp-json\/wp\/v2\/tags?post=5576"}],"curies":[{"name":"wp","href":"https:\/\/api.w.org\/{rel}","templated":true}]}}