{"id":5583,"date":"2024-06-16T22:06:43","date_gmt":"2024-06-17T01:06:43","guid":{"rendered":"https:\/\/www.ufsm.br\/unidades-universitarias\/cachoeira-do-sul\/?p=5583"},"modified":"2024-06-16T22:06:45","modified_gmt":"2024-06-17T01:06:45","slug":"nota-de-pesar-luto-e-suspensao-de-atividades-do-curso-de-engenharia-eletrica-da-ufsm-cachoeira-do-sul","status":"publish","type":"post","link":"https:\/\/www.ufsm.br\/unidades-universitarias\/cachoeira-do-sul\/2024\/06\/16\/nota-de-pesar-luto-e-suspensao-de-atividades-do-curso-de-engenharia-eletrica-da-ufsm-cachoeira-do-sul","title":{"rendered":"Nota de pesar, luto e suspens\u00e3o de atividades do curso de Engenharia El\u00e9trica da UFSM &#8211; Cachoeira do Sul"},"content":{"rendered":"\n<p style=\"text-align: left\">O campus da UFSM em Cachoeira do Sul comunica a suspens\u00e3o das atividades acad\u00eamicas de seu curso de Engenharia El\u00e9trica, nos dias 17 e 18 de junho, em raz\u00e3o do falecimento de seu acad\u00eamico Marco Ant\u00f4nio Kellerman.<\/p>\n<p style=\"text-align: left\">A UFSM &#8211; Cachoeira do Sul se solidariza com os familiares e amigos.<\/p>\n<p style=\"text-align: right\">Dire\u00e7\u00e3o do campus da UFSM em Cachoeira do Sul\u00a0<\/p>\n","protected":false},"excerpt":{"rendered":"<p>O campus da UFSM em Cachoeira do Sul comunica a suspens\u00e3o das atividades acad\u00eamicas de seu curso de Engenharia El\u00e9trica, nos dias 17 e 18 de junho, em raz\u00e3o do falecimento de seu acad\u00eamico Marco Ant\u00f4nio Kellerman. A UFSM &#8211; Cachoeira do Sul se solidariza com os familiares e amigos. Dire\u00e7\u00e3o do campus da UFSM [&hellip;]<\/p>\n","protected":false},"author":293,"featured_media":5584,"comment_status":"closed","ping_status":"closed","sticky":false,"template":"","format":"standard","meta":{"footnotes":""},"categories":[1],"tags":[675],"class_list":["post-5583","post","type-post","status-publish","format-standard","has-post-thumbnail","hentry","category-noticias","tag-destaques"],"acf":[],"_links":{"self":[{"href":"https:\/\/www.ufsm.br\/unidades-universitarias\/cachoeira-do-sul\/wp-json\/wp\/v2\/posts\/5583","targetHints":{"allow":["GET"]}}],"collection":[{"href":"https:\/\/www.ufsm.br\/unidades-universitarias\/cachoeira-do-sul\/wp-json\/wp\/v2\/posts"}],"about":[{"href":"https:\/\/www.ufsm.br\/unidades-universitarias\/cachoeira-do-sul\/wp-json\/wp\/v2\/types\/post"}],"author":[{"embeddable":true,"href":"https:\/\/www.ufsm.br\/unidades-universitarias\/cachoeira-do-sul\/wp-json\/wp\/v2\/users\/293"}],"replies":[{"embeddable":true,"href":"https:\/\/www.ufsm.br\/unidades-universitarias\/cachoeira-do-sul\/wp-json\/wp\/v2\/comments?post=5583"}],"version-history":[{"count":0,"href":"https:\/\/www.ufsm.br\/unidades-universitarias\/cachoeira-do-sul\/wp-json\/wp\/v2\/posts\/5583\/revisions"}],"wp:featuredmedia":[{"embeddable":true,"href":"https:\/\/www.ufsm.br\/unidades-universitarias\/cachoeira-do-sul\/wp-json\/wp\/v2\/media\/5584"}],"wp:attachment":[{"href":"https:\/\/www.ufsm.br\/unidades-universitarias\/cachoeira-do-sul\/wp-json\/wp\/v2\/media?parent=5583"}],"wp:term":[{"taxonomy":"category","embeddable":true,"href":"https:\/\/www.ufsm.br\/unidades-universitarias\/cachoeira-do-sul\/wp-json\/wp\/v2\/categories?post=5583"},{"taxonomy":"post_tag","embeddable":true,"href":"https:\/\/www.ufsm.br\/unidades-universitarias\/cachoeira-do-sul\/wp-json\/wp\/v2\/tags?post=5583"}],"curies":[{"name":"wp","href":"https:\/\/api.w.org\/{rel}","templated":true}]}}