{"id":5589,"date":"2024-06-24T10:08:42","date_gmt":"2024-06-24T13:08:42","guid":{"rendered":"https:\/\/www.ufsm.br\/unidades-universitarias\/cachoeira-do-sul\/?p=5589"},"modified":"2024-06-24T10:12:04","modified_gmt":"2024-06-24T13:12:04","slug":"curso-de-formacao-de-professores-municipais-acontece-na-ufsm-cs","status":"publish","type":"post","link":"https:\/\/www.ufsm.br\/unidades-universitarias\/cachoeira-do-sul\/2024\/06\/24\/curso-de-formacao-de-professores-municipais-acontece-na-ufsm-cs","title":{"rendered":"Curso de forma\u00e7\u00e3o de professores municipais acontece na UFSM-CS"},"content":{"rendered":"\n<p><a href=\"https:\/\/www.ufsm.br\/app\/uploads\/sites\/376\/2024\/06\/WhatsApp-Image-2024-06-24-at-09.56.22-e1719234093247.jpeg\"><img fetchpriority=\"high\" decoding=\"async\" class=\"size-medium wp-image-5594 alignright\" src=\"https:\/\/www.ufsm.br\/app\/uploads\/sites\/376\/2024\/06\/WhatsApp-Image-2024-06-24-at-09.56.22-e1719234093247-239x300.jpeg\" alt=\"\" width=\"239\" height=\"300\" srcset=\"https:\/\/www.ufsm.br\/app\/uploads\/sites\/376\/2024\/06\/WhatsApp-Image-2024-06-24-at-09.56.22-e1719234093247-239x300.jpeg 239w, https:\/\/www.ufsm.br\/app\/uploads\/sites\/376\/2024\/06\/WhatsApp-Image-2024-06-24-at-09.56.22-e1719234093247-814x1024.jpeg 814w, https:\/\/www.ufsm.br\/app\/uploads\/sites\/376\/2024\/06\/WhatsApp-Image-2024-06-24-at-09.56.22-e1719234093247-768x966.jpeg 768w, https:\/\/www.ufsm.br\/app\/uploads\/sites\/376\/2024\/06\/WhatsApp-Image-2024-06-24-at-09.56.22-e1719234093247.jpeg 901w\" sizes=\"(max-width: 239px) 100vw, 239px\" \/><\/a>Na \u00faltima sexta-feira, dia 21, foi realizado no campus o evento &#8220;Transformar: Encontro de forma\u00e7\u00e3o de Professores&#8221;. A atividade foi voltada para forma\u00e7\u00e3o de profissionais dedicados \u00e0 educa\u00e7\u00e3o matem\u00e1tica do Munic\u00edpio de Cachoeira do Sul. <a href=\"https:\/\/www.ufsm.br\/app\/uploads\/sites\/376\/2024\/06\/WhatsApp-Image-2024-06-24-at-09.56.22-1.jpeg\"><img decoding=\"async\" class=\" wp-image-5593 alignleft\" src=\"https:\/\/www.ufsm.br\/app\/uploads\/sites\/376\/2024\/06\/WhatsApp-Image-2024-06-24-at-09.56.22-1-300x169.jpeg\" alt=\"\" width=\"360\" height=\"203\" srcset=\"https:\/\/www.ufsm.br\/app\/uploads\/sites\/376\/2024\/06\/WhatsApp-Image-2024-06-24-at-09.56.22-1-300x169.jpeg 300w, https:\/\/www.ufsm.br\/app\/uploads\/sites\/376\/2024\/06\/WhatsApp-Image-2024-06-24-at-09.56.22-1-1024x576.jpeg 1024w, https:\/\/www.ufsm.br\/app\/uploads\/sites\/376\/2024\/06\/WhatsApp-Image-2024-06-24-at-09.56.22-1-768x432.jpeg 768w, https:\/\/www.ufsm.br\/app\/uploads\/sites\/376\/2024\/06\/WhatsApp-Image-2024-06-24-at-09.56.22-1-1536x864.jpeg 1536w, https:\/\/www.ufsm.br\/app\/uploads\/sites\/376\/2024\/06\/WhatsApp-Image-2024-06-24-at-09.56.22-1.jpeg 1600w\" sizes=\"(max-width: 360px) 100vw, 360px\" \/><\/a><br \/>O evento teve como principal objetivo compartilhar experi\u00eancias, aprender novas metodologias e discutir pr\u00e1ticas inovadoras que possam ser aplicadas em sala de aula. O &#8220;Transformar&#8221; no nome desse evento objetiva proporcionar momentos de reflex\u00e3o, aprendizado e troca de experi\u00eancias, sempre com o intuito de melhorias na educa\u00e7\u00e3o, no desenvolvimento sustent\u00e1vel e na introdu\u00e7\u00e3o ou no refor\u00e7o ou na fixa\u00e7\u00e3o de um conte\u00fado novo.<br \/>Durante o dia foi realizada uma palestra intitulada &#8220;Matem\u00e1tica e Possibilidades: Uma Conversa sobre Desafios, Atividades e Jogos&#8221;, ministrada pela Professora Cl\u00e1udia Brum de Oliveira Fogliarini Filha, a qual \u00e9 coordenadora do curso de Licenciatura em Matem\u00e1tica no Instituto Federal de Educa\u00e7\u00e3o, Ci\u00eancia e Tecnologia do Rio Grande do Sul &#8211; Campus Canoas. Uma palestra voltada para a explora\u00e7\u00e3o das diversas maneiras de tornar o aprendizado da matem\u00e1tica mais envolvente e eficaz atrav\u00e9s de desafios e jogos educativos. Logo ap\u00f3s foi realizada v\u00e1rias atividades pr\u00e1ticas e colaborativas para aplica\u00e7\u00e3o em sala de aula. Nessas atividades foram usados jogos educativos com materiais reciclados.<\/p>\n<p><a href=\"https:\/\/www.ufsm.br\/app\/uploads\/sites\/376\/2024\/06\/20240621_094750-scaled.jpg\"><img decoding=\"async\" class=\"size-medium wp-image-5591 alignleft\" src=\"https:\/\/www.ufsm.br\/app\/uploads\/sites\/376\/2024\/06\/20240621_094750-168x300.jpg\" alt=\"\" width=\"168\" height=\"300\" srcset=\"https:\/\/www.ufsm.br\/app\/uploads\/sites\/376\/2024\/06\/20240621_094750-168x300.jpg 168w, https:\/\/www.ufsm.br\/app\/uploads\/sites\/376\/2024\/06\/20240621_094750-573x1024.jpg 573w, https:\/\/www.ufsm.br\/app\/uploads\/sites\/376\/2024\/06\/20240621_094750-768x1372.jpg 768w, https:\/\/www.ufsm.br\/app\/uploads\/sites\/376\/2024\/06\/20240621_094750-860x1536.jpg 860w, https:\/\/www.ufsm.br\/app\/uploads\/sites\/376\/2024\/06\/20240621_094750-1147x2048.jpg 1147w, https:\/\/www.ufsm.br\/app\/uploads\/sites\/376\/2024\/06\/20240621_094750-scaled.jpg 1433w\" sizes=\"(max-width: 168px) 100vw, 168px\" \/><\/a>O evento faz parte do projeto de extens\u00e3o &#8220;A\u00e7\u00f5es e pr\u00e1ticas sustent\u00e1veis na educa\u00e7\u00e3o ambiental&#8221;, que \u00e9 fomentado pelo Fundo de Incentivo \u00e0 Extens\u00e3o (FIEX-UFSM) e pela Sele\u00e7\u00e3o Interna de A\u00e7\u00f5es Alinhadas aos COREDES, da Pr\u00f3-Reitoria de Extens\u00e3o (PRE). O projeto foi iniciado em 2023 como cr\u00e9ditos de extens\u00e3o das disciplinas de Fundamentos de C\u00e1lculo, Engenharia Ambiental, Introdu\u00e7\u00e3o \u00e0 Economia e Estat\u00edstica Aplicada \u00e0 Engenharia, do curso de Engenharia El\u00e9trica do campus, buscando assim aproximar a Universidade e a sociedade, sendo coordenado pela Professora Deise Cirolini, em conjunto com as professoras Lucin\u00e9ia Fabris e Mariana Vieira Coronas.<a href=\"https:\/\/www.ufsm.br\/app\/uploads\/sites\/376\/2024\/06\/WhatsApp-Image-2024-06-21-at-14.22.59.jpeg\"><img loading=\"lazy\" decoding=\"async\" class=\"size-medium wp-image-5592 alignright\" src=\"https:\/\/www.ufsm.br\/app\/uploads\/sites\/376\/2024\/06\/WhatsApp-Image-2024-06-21-at-14.22.59-300x169.jpeg\" alt=\"\" width=\"300\" height=\"169\" srcset=\"https:\/\/www.ufsm.br\/app\/uploads\/sites\/376\/2024\/06\/WhatsApp-Image-2024-06-21-at-14.22.59-300x169.jpeg 300w, https:\/\/www.ufsm.br\/app\/uploads\/sites\/376\/2024\/06\/WhatsApp-Image-2024-06-21-at-14.22.59-1024x576.jpeg 1024w, https:\/\/www.ufsm.br\/app\/uploads\/sites\/376\/2024\/06\/WhatsApp-Image-2024-06-21-at-14.22.59-768x432.jpeg 768w, https:\/\/www.ufsm.br\/app\/uploads\/sites\/376\/2024\/06\/WhatsApp-Image-2024-06-21-at-14.22.59-1536x864.jpeg 1536w, https:\/\/www.ufsm.br\/app\/uploads\/sites\/376\/2024\/06\/WhatsApp-Image-2024-06-21-at-14.22.59.jpeg 1600w\" sizes=\"(max-width: 300px) 100vw, 300px\" \/><\/a><br \/>O evento \u00e9 uma parceria entre a Universidade e a Secretaria Municipal de Educa\u00e7\u00e3o e a previs\u00e3o \u00e9 que em julho desse ano essa metodologia j\u00e1 seja aplicada em sala de aula, numa escola da rede municipal.\u00a0<\/p>\n<p>\u00a0<\/p>\n","protected":false},"excerpt":{"rendered":"<p>A atividade buscou explorar diversas maneiras de tornar o aprendizado da matem\u00e1tica mais envolvente e eficaz atrav\u00e9s de desafios e jogos educativos<\/p>\n","protected":false},"author":293,"featured_media":5590,"comment_status":"closed","ping_status":"closed","sticky":false,"template":"","format":"standard","meta":{"footnotes":""},"categories":[1],"tags":[675],"class_list":["post-5589","post","type-post","status-publish","format-standard","has-post-thumbnail","hentry","category-noticias","tag-destaques"],"acf":[],"_links":{"self":[{"href":"https:\/\/www.ufsm.br\/unidades-universitarias\/cachoeira-do-sul\/wp-json\/wp\/v2\/posts\/5589","targetHints":{"allow":["GET"]}}],"collection":[{"href":"https:\/\/www.ufsm.br\/unidades-universitarias\/cachoeira-do-sul\/wp-json\/wp\/v2\/posts"}],"about":[{"href":"https:\/\/www.ufsm.br\/unidades-universitarias\/cachoeira-do-sul\/wp-json\/wp\/v2\/types\/post"}],"author":[{"embeddable":true,"href":"https:\/\/www.ufsm.br\/unidades-universitarias\/cachoeira-do-sul\/wp-json\/wp\/v2\/users\/293"}],"replies":[{"embeddable":true,"href":"https:\/\/www.ufsm.br\/unidades-universitarias\/cachoeira-do-sul\/wp-json\/wp\/v2\/comments?post=5589"}],"version-history":[{"count":0,"href":"https:\/\/www.ufsm.br\/unidades-universitarias\/cachoeira-do-sul\/wp-json\/wp\/v2\/posts\/5589\/revisions"}],"wp:featuredmedia":[{"embeddable":true,"href":"https:\/\/www.ufsm.br\/unidades-universitarias\/cachoeira-do-sul\/wp-json\/wp\/v2\/media\/5590"}],"wp:attachment":[{"href":"https:\/\/www.ufsm.br\/unidades-universitarias\/cachoeira-do-sul\/wp-json\/wp\/v2\/media?parent=5589"}],"wp:term":[{"taxonomy":"category","embeddable":true,"href":"https:\/\/www.ufsm.br\/unidades-universitarias\/cachoeira-do-sul\/wp-json\/wp\/v2\/categories?post=5589"},{"taxonomy":"post_tag","embeddable":true,"href":"https:\/\/www.ufsm.br\/unidades-universitarias\/cachoeira-do-sul\/wp-json\/wp\/v2\/tags?post=5589"}],"curies":[{"name":"wp","href":"https:\/\/api.w.org\/{rel}","templated":true}]}}