{"id":5634,"date":"2024-07-02T15:41:45","date_gmt":"2024-07-02T18:41:45","guid":{"rendered":"https:\/\/www.ufsm.br\/unidades-universitarias\/cachoeira-do-sul\/?p=5634"},"modified":"2024-07-02T15:41:47","modified_gmt":"2024-07-02T18:41:47","slug":"ufsm-cs-lanca-edital-de-consulta-a-comunidade-academica-para-escolha-de-representantes-de-classes-docentes-para-o-conselho-do-campus","status":"publish","type":"post","link":"https:\/\/www.ufsm.br\/unidades-universitarias\/cachoeira-do-sul\/2024\/07\/02\/ufsm-cs-lanca-edital-de-consulta-a-comunidade-academica-para-escolha-de-representantes-de-classes-docentes-para-o-conselho-do-campus","title":{"rendered":"UFSM-CS lan\u00e7a edital de Consulta \u00e0 Comunidade Acad\u00eamica para escolha de representantes de classes docentes para o Conselho do Campus"},"content":{"rendered":"\n\n\n<p><span style=\"font-weight: 400\">Nesta segunda-feira, dia 01 de julho, a Comiss\u00e3o Tempor\u00e1ria tornou p\u00fablico o Edital de Consulta \u00e0 Comunidade Acad\u00eamica 01\/2024, que visa identificar as prefer\u00eancias da comunidade acad\u00eamica para escolha de representantes de Classe A, B, C, D e E dos servidores p\u00fablicos docentes para o Conselho do Campus.<\/span><\/p>\n<p><span style=\"font-weight: 400\">A consulta acontecer\u00e1 no dia 02 de agosto, das 7h \u00e0s 22h. O processo de vota\u00e7\u00e3o ser\u00e1 realizado via internet, em link espec\u00edfico, com utiliza\u00e7\u00e3o de CPF e senha cadastrada nos Portais da UFSM. Os eleitores receber\u00e3o via e-mail o link para a vota\u00e7\u00e3o e ele ser\u00e1 disponibilizado na p\u00e1gina do edital.<\/span><\/p>\n<p>\u00a0<\/p>\n<p><b>Inscri\u00e7\u00f5es dos candidatos:<\/b><\/p>\n<p><span style=\"font-weight: 400\">Os interessados em participar da consulta como candidatos devem se inscrever, conforme instru\u00e7\u00f5es do <a href=\"https:\/\/www.ufsm.br\/unidades-universitarias\/cachoeira-do-sul\/editais\/001-2024-4\">Edital<\/a><\/span><i><span style=\"font-weight: 400\">,<\/span><\/i> <span style=\"font-weight: 400\">at\u00e9 \u00e0s 17h do dia 09 de julho, atrav\u00e9s do Sistema PEN-SIE. Poder\u00e3o se candidatar \u00e0 fun\u00e7\u00e3o de representante, os docentes que se encontram na referida Classe \u00e0 qual ir\u00e3o se candidatar e estejam lotados na Coordena\u00e7\u00e3o Acad\u00eamica e\/ou no campus da UFSM-CS.<\/span><\/p>\n<p>\u00a0<\/p>\n<p><b>Quem est\u00e1 apto para votar:<\/b><\/p>\n<p><span style=\"font-weight: 400\">Poder\u00e3o votar na consulta, os docentes que estiverem na respectiva classe com ingresso anterior a data do edital, oficialmente lotados na Coordena\u00e7\u00e3o Acad\u00eamica do campus da UFSM em Cachoeira do Sul.<\/span><\/p>\n<p>\u00a0<\/p>\n<p><b>Datas importantes:\u00a0<\/b><\/p>\n<p><span style=\"font-weight: 400\">01\/07\/2024 &#8211; Lan\u00e7amento do edital<\/span><\/p>\n<p><span style=\"font-weight: 400\">02\/07\/2024 &#8211; Divulga\u00e7\u00e3o da lista preliminar dos votantes<\/span><\/p>\n<p><span style=\"font-weight: 400\">03 a 09\/07\/2024 &#8211; Prazo para inscri\u00e7\u00e3o dos candidatos a representante<\/span><\/p>\n<p><span style=\"font-weight: 400\">11\/07\/2024 &#8211; divulga\u00e7\u00e3o dos candidatos inscritos<\/span><\/p>\n<p><span style=\"font-weight: 400\">11 a 15\/07\/2024 \u2013 per\u00edodo para impugna\u00e7\u00e3o\/recurso das candidaturas (at\u00e9 \u00e0s 12h)<\/span><\/p>\n<p><span style=\"font-weight: 400\">18\/07\/2024 &#8211; divulga\u00e7\u00e3o da lista definitiva dos votantes aptos a votar<\/span><\/p>\n<p><span style=\"font-weight: 400\">25\/07\/2024 &#8211; Homologa\u00e7\u00e3o das inscri\u00e7\u00f5es<\/span><\/p>\n<p><span style=\"font-weight: 400\">26\/07\/2024 &#8211; in\u00edcio da campanha da consulta \u00e0 comunidade acad\u00eamica\u00a0<\/span><\/p>\n<p><span style=\"font-weight: 400\">01\/08\/2024 &#8211; Encerramento da campanha \u00e0s 22h<\/span><\/p>\n<p><span style=\"font-weight: 400\">02\/08\/2024 &#8211; Realiza\u00e7\u00e3o da Consulta \u00e0 comunidade acad\u00eamica\u00a0<\/span><\/p>\n<p><span style=\"font-weight: 400\">05\/08\/2024 \u2013 Divulga\u00e7\u00e3o do resultado<\/span><\/p>\n<p>\u00a0<\/p>\n<p><span style=\"font-weight: 400\">Para acompanhar as etapas da consulta e saber mais informa\u00e7\u00f5es, acesse a p\u00e1gina da consulta em <a href=\"https:\/\/www.ufsm.br\/unidades-universitarias\/cachoeira-do-sul\/editais\/001-2024-4\">https:\/\/www.ufsm.br\/unidades-universitarias\/cachoeira-do-sul\/editais\/001-2024-4<\/a>.\u00a0<\/span><\/p>\n","protected":false},"excerpt":{"rendered":"<p>Nesta segunda-feira, dia 01 de julho, a Comiss\u00e3o Tempor\u00e1ria tornou p\u00fablico o Edital de Consulta \u00e0 Comunidade Acad\u00eamica 01\/2024, que visa identificar as prefer\u00eancias da comunidade acad\u00eamica para escolha de representantes de Classe A, B, C, D e E dos servidores p\u00fablicos docentes para o Conselho do Campus. A consulta acontecer\u00e1 no dia 02 de [&hellip;]<\/p>\n","protected":false},"author":293,"featured_media":5635,"comment_status":"closed","ping_status":"closed","sticky":false,"template":"","format":"standard","meta":{"footnotes":""},"categories":[1],"tags":[675],"class_list":["post-5634","post","type-post","status-publish","format-standard","has-post-thumbnail","hentry","category-noticias","tag-destaques"],"acf":[],"_links":{"self":[{"href":"https:\/\/www.ufsm.br\/unidades-universitarias\/cachoeira-do-sul\/wp-json\/wp\/v2\/posts\/5634","targetHints":{"allow":["GET"]}}],"collection":[{"href":"https:\/\/www.ufsm.br\/unidades-universitarias\/cachoeira-do-sul\/wp-json\/wp\/v2\/posts"}],"about":[{"href":"https:\/\/www.ufsm.br\/unidades-universitarias\/cachoeira-do-sul\/wp-json\/wp\/v2\/types\/post"}],"author":[{"embeddable":true,"href":"https:\/\/www.ufsm.br\/unidades-universitarias\/cachoeira-do-sul\/wp-json\/wp\/v2\/users\/293"}],"replies":[{"embeddable":true,"href":"https:\/\/www.ufsm.br\/unidades-universitarias\/cachoeira-do-sul\/wp-json\/wp\/v2\/comments?post=5634"}],"version-history":[{"count":0,"href":"https:\/\/www.ufsm.br\/unidades-universitarias\/cachoeira-do-sul\/wp-json\/wp\/v2\/posts\/5634\/revisions"}],"wp:featuredmedia":[{"embeddable":true,"href":"https:\/\/www.ufsm.br\/unidades-universitarias\/cachoeira-do-sul\/wp-json\/wp\/v2\/media\/5635"}],"wp:attachment":[{"href":"https:\/\/www.ufsm.br\/unidades-universitarias\/cachoeira-do-sul\/wp-json\/wp\/v2\/media?parent=5634"}],"wp:term":[{"taxonomy":"category","embeddable":true,"href":"https:\/\/www.ufsm.br\/unidades-universitarias\/cachoeira-do-sul\/wp-json\/wp\/v2\/categories?post=5634"},{"taxonomy":"post_tag","embeddable":true,"href":"https:\/\/www.ufsm.br\/unidades-universitarias\/cachoeira-do-sul\/wp-json\/wp\/v2\/tags?post=5634"}],"curies":[{"name":"wp","href":"https:\/\/api.w.org\/{rel}","templated":true}]}}