{"id":5644,"date":"2024-07-07T09:16:31","date_gmt":"2024-07-07T12:16:31","guid":{"rendered":"https:\/\/www.ufsm.br\/unidades-universitarias\/cachoeira-do-sul\/?p=5644"},"modified":"2024-07-07T09:16:32","modified_gmt":"2024-07-07T12:16:32","slug":"nota-de-pesar-falecimento-de-dilson-vieira-bernardes","status":"publish","type":"post","link":"https:\/\/www.ufsm.br\/unidades-universitarias\/cachoeira-do-sul\/2024\/07\/07\/nota-de-pesar-falecimento-de-dilson-vieira-bernardes","title":{"rendered":"Nota de pesar: falecimento de Dilson Vieira Bernardes"},"content":{"rendered":"\n<p>A UFSM &#8211; Cachoeira do Sul comunica, com pesar, o falecimento de seu funcion\u00e1rio terceirizado, Dilson Vieira Bernardes.\u00a0<\/p>\n<p>Dilson trabalhava no setor de manuten\u00e7\u00e3o, junto \u00e0 Coordena\u00e7\u00e3o Administrativa do campus.<\/p>\n<p>O vel\u00f3rio est\u00e1 sendo realizado na Sala de Homenagens do Memorial Freitas, na rua Roberto Danzmann, 630, Bairro S\u00e3o Jos\u00e9- Cachoeira do Sul. O sepultamento ser\u00e1 \u00e0s 17h, no Cemit\u00e9rio do Tabu\u00e3o, tamb\u00e9m em Cachoeira do Sul.<\/p>\n<p>A UFSM &#8211; Cachoeira do Sul se solidariza com os familiares e amigos.<\/p>\n","protected":false},"excerpt":{"rendered":"<p>A UFSM &#8211; Cachoeira do Sul comunica, com pesar, o falecimento de seu funcion\u00e1rio terceirizado, Dilson Vieira Bernardes.\u00a0 Dilson trabalhava no setor de manuten\u00e7\u00e3o, junto \u00e0 Coordena\u00e7\u00e3o Administrativa do campus. O vel\u00f3rio est\u00e1 sendo realizado na Sala de Homenagens do Memorial Freitas, na rua Roberto Danzmann, 630, Bairro S\u00e3o Jos\u00e9- Cachoeira do Sul. O sepultamento [&hellip;]<\/p>\n","protected":false},"author":293,"featured_media":0,"comment_status":"closed","ping_status":"closed","sticky":false,"template":"","format":"standard","meta":{"footnotes":""},"categories":[1],"tags":[],"class_list":["post-5644","post","type-post","status-publish","format-standard","hentry","category-noticias"],"acf":[],"_links":{"self":[{"href":"https:\/\/www.ufsm.br\/unidades-universitarias\/cachoeira-do-sul\/wp-json\/wp\/v2\/posts\/5644","targetHints":{"allow":["GET"]}}],"collection":[{"href":"https:\/\/www.ufsm.br\/unidades-universitarias\/cachoeira-do-sul\/wp-json\/wp\/v2\/posts"}],"about":[{"href":"https:\/\/www.ufsm.br\/unidades-universitarias\/cachoeira-do-sul\/wp-json\/wp\/v2\/types\/post"}],"author":[{"embeddable":true,"href":"https:\/\/www.ufsm.br\/unidades-universitarias\/cachoeira-do-sul\/wp-json\/wp\/v2\/users\/293"}],"replies":[{"embeddable":true,"href":"https:\/\/www.ufsm.br\/unidades-universitarias\/cachoeira-do-sul\/wp-json\/wp\/v2\/comments?post=5644"}],"version-history":[{"count":0,"href":"https:\/\/www.ufsm.br\/unidades-universitarias\/cachoeira-do-sul\/wp-json\/wp\/v2\/posts\/5644\/revisions"}],"wp:attachment":[{"href":"https:\/\/www.ufsm.br\/unidades-universitarias\/cachoeira-do-sul\/wp-json\/wp\/v2\/media?parent=5644"}],"wp:term":[{"taxonomy":"category","embeddable":true,"href":"https:\/\/www.ufsm.br\/unidades-universitarias\/cachoeira-do-sul\/wp-json\/wp\/v2\/categories?post=5644"},{"taxonomy":"post_tag","embeddable":true,"href":"https:\/\/www.ufsm.br\/unidades-universitarias\/cachoeira-do-sul\/wp-json\/wp\/v2\/tags?post=5644"}],"curies":[{"name":"wp","href":"https:\/\/api.w.org\/{rel}","templated":true}]}}