{"id":5649,"date":"2024-07-10T10:38:14","date_gmt":"2024-07-10T13:38:14","guid":{"rendered":"https:\/\/www.ufsm.br\/unidades-universitarias\/cachoeira-do-sul\/?p=5649"},"modified":"2024-07-10T11:31:26","modified_gmt":"2024-07-10T14:31:26","slug":"academicos-do-curso-de-engenharia-agricola-da-ufsm-cs-realizam-atividade-de-extensao-na-lider-tratores-em-cachoeira-do-sul","status":"publish","type":"post","link":"https:\/\/www.ufsm.br\/unidades-universitarias\/cachoeira-do-sul\/2024\/07\/10\/academicos-do-curso-de-engenharia-agricola-da-ufsm-cs-realizam-atividade-de-extensao-na-lider-tratores-em-cachoeira-do-sul","title":{"rendered":"Acad\u00eamicos do curso de Engenharia Agr\u00edcola, da UFSM-CS, realizam atividade de extens\u00e3o na L\u00edder Tratores em Cachoeira do Sul"},"content":{"rendered":"\n<p>Na manh\u00e3 de ter\u00e7a-feira (09\/07\/2024), os acad\u00eamicos do curso de Engenharia Agr\u00edcola da UFSM-CS; Ariane Beskow Lemos, Bruno Passador Lombardi, Diogo Andr\u00e9 Schmidt, Guilherme Luiz Migotto e Gustavo Henrique Aguiar Alves, estiveram na L\u00edder Tratores, em Cachoeira do Sul, para apresentar o projeto final da disciplina CSEA4155 &#8211; Sistemas Agr\u00edcolas Mecanizados. Os acad\u00eamicos foram recebidos pelo s\u00f3cio-administrador da empresa, Sr. Carlos Henrique Beckel, que os conduziu para a sala de reuni\u00f5es para in\u00edcio dos trabalhos.<\/p>\n<p><a href=\"https:\/\/www.ufsm.br\/app\/uploads\/sites\/376\/2024\/07\/20240709_094835.jpg\"><img decoding=\"async\" class=\"size-medium wp-image-5651 alignleft\" src=\"https:\/\/www.ufsm.br\/app\/uploads\/sites\/376\/2024\/07\/20240709_094835-300x160.jpg\" alt=\"\" width=\"300\" height=\"160\" srcset=\"https:\/\/www.ufsm.br\/app\/uploads\/sites\/376\/2024\/07\/20240709_094835-300x160.jpg 300w, https:\/\/www.ufsm.br\/app\/uploads\/sites\/376\/2024\/07\/20240709_094835-1024x546.jpg 1024w, https:\/\/www.ufsm.br\/app\/uploads\/sites\/376\/2024\/07\/20240709_094835-768x409.jpg 768w, https:\/\/www.ufsm.br\/app\/uploads\/sites\/376\/2024\/07\/20240709_094835-1536x818.jpg 1536w, https:\/\/www.ufsm.br\/app\/uploads\/sites\/376\/2024\/07\/20240709_094835.jpg 1920w\" sizes=\"(max-width: 300px) 100vw, 300px\" \/><\/a>O projeto contempla carga hor\u00e1ria destinada \u00e0 atividade de extens\u00e3o da disciplina. Intitulado \u201c<a href=\"https:\/\/portal.ufsm.br\/projetos\/publico\/projetos\/view.html?idProjeto=74415\">An\u00e1lise t\u00e9cnica e diagn\u00f3stica do parque de m\u00e1quinas de uma propriedade rural<\/a>\u201d \u00a0e tem como proposta desafiar os acad\u00eamicos da disciplina a planejar e dimensionar o parque de m\u00e1quinas de uma propriedade rural, a partir do levantamento de dados t\u00e9cnicos referentes ao sistema de cultivo, culturas, tipo de solo e jornada de trabalho adotado no campo, de forma a criar uma situa\u00e7\u00e3o real de aplica\u00e7\u00e3o pr\u00e1tica dos conhecimentos debatidos em sala de aula.<\/p>\n<p>No primeiro semestre de 2024, a propriedade escolhida para realiza\u00e7\u00e3o do projeto foi a do Sr. Carlos Henrique. A escolha da propriedade se deu em fun\u00e7\u00e3o da diversidade de cultivos (soja, milho, aveia e arroz). O contato inicial com o Sr. Carlos foi realizado no in\u00edcio m\u00eas de junho, sendo intermediado pelo Eng\u00b0 Agr\u00f4nomo Me. Eder Lu\u00eds Sari, da Sari Consultoria Agron\u00f4mica LTDA, que assessora as atividades agr\u00edcolas desenvolvidas na propriedade do Sr. Carlos. Na ocasi\u00e3o, foi agendada uma reuni\u00e3o da turma com o Sr. Carlos e o Eng\u00b0 Agr\u00f4nomo Eder, para apresenta\u00e7\u00e3o do projeto. Ap\u00f3s apresenta\u00e7\u00e3o o Sr. Carlos concordou em participar e, juntamente com o Eng\u00b0 Agr\u00f4nomo Eder, forneceram as informa\u00e7\u00f5es necess\u00e1rias para que os acad\u00eamicos iniciassem o desenvolvimento do projeto.<\/p>\n<p><a href=\"https:\/\/www.ufsm.br\/app\/uploads\/sites\/376\/2024\/07\/20240709_090824.jpg\"><img decoding=\"async\" class=\"size-medium wp-image-5650 alignright\" src=\"https:\/\/www.ufsm.br\/app\/uploads\/sites\/376\/2024\/07\/20240709_090824-300x140.jpg\" alt=\"\" width=\"300\" height=\"140\" srcset=\"https:\/\/www.ufsm.br\/app\/uploads\/sites\/376\/2024\/07\/20240709_090824-300x140.jpg 300w, https:\/\/www.ufsm.br\/app\/uploads\/sites\/376\/2024\/07\/20240709_090824-1024x477.jpg 1024w, https:\/\/www.ufsm.br\/app\/uploads\/sites\/376\/2024\/07\/20240709_090824-768x358.jpg 768w, https:\/\/www.ufsm.br\/app\/uploads\/sites\/376\/2024\/07\/20240709_090824-1536x716.jpg 1536w, https:\/\/www.ufsm.br\/app\/uploads\/sites\/376\/2024\/07\/20240709_090824.jpg 1920w\" sizes=\"(max-width: 300px) 100vw, 300px\" \/><\/a>Sem conhecer o real parque de m\u00e1quinas da propriedade, os acad\u00eamicos planejaram e dimensionaram os conjuntos mecanizados necess\u00e1rios para realiza\u00e7\u00e3o das opera\u00e7\u00f5es de pulveriza\u00e7\u00e3o, preparo do solo, semeadura e colheita. Durante a explana\u00e7\u00e3o, os alunos apresentaram ao Sr. Carlos e ao Eng\u00b0 Agr\u00f4nomo Eder o quantitativo ideal de m\u00e1quinas e implementos agr\u00edcolas necess\u00e1rios para realiza\u00e7\u00e3o dos cultivos na propriedade, dentro do tempo dispon\u00edvel (calculado por eles, com base nas informa\u00e7\u00f5es disponibilizadas) para cada opera\u00e7\u00e3o mecanizada, considerando a \u00e1rea (hectares) ocupada por cada cultivo.<\/p>\n<p>Ao t\u00e9rmino da apresenta\u00e7\u00e3o iniciou-se um debate sobre os resultados apresentados. O Sr. Carlos parabenizou os estudantes pelo desenvolvimento do trabalho, informou qual o real quantitativo de m\u00e1quinas e implementos em sua propriedade e destacou que seu parque de m\u00e1quinas atualmente est\u00e1 superdimensionado. O Eng\u00b0 Agr\u00f4nomo Eder tamb\u00e9m parabenizou os acad\u00eamicos, ressaltou que os resultados apresentados est\u00e3o coerentes com a realidade e que o projeto atenderia de forma satisfat\u00f3ria as necessidades operacionais no campo. Por fim, o Professor Eduardo Leonel Bottega agradeceu ao Sr. Carlos e ao Eng\u00b0 Agr\u00f4nomo Eder pela receptividade e parceria, parabenizou os acad\u00eamicos e destacou a import\u00e2ncia deste tipo de a\u00e7\u00e3o como ferramenta na consolida\u00e7\u00e3o do conhecimento te\u00f3rico explorado em sala de aula.<\/p>\n","protected":false},"excerpt":{"rendered":"<p>Na manh\u00e3 de ter\u00e7a-feira (09\/07\/2024), os acad\u00eamicos do curso de Engenharia Agr\u00edcola da UFSM-CS; Ariane Beskow Lemos, Bruno Passador Lombardi, Diogo Andr\u00e9 Schmidt, Guilherme Luiz Migotto e Gustavo Henrique Aguiar Alves, estiveram na L\u00edder Tratores, em Cachoeira do Sul, para apresentar o projeto final da disciplina CSEA4155 &#8211; Sistemas Agr\u00edcolas Mecanizados. Os acad\u00eamicos foram recebidos [&hellip;]<\/p>\n","protected":false},"author":293,"featured_media":5651,"comment_status":"closed","ping_status":"closed","sticky":false,"template":"","format":"standard","meta":{"footnotes":""},"categories":[1],"tags":[675],"class_list":["post-5649","post","type-post","status-publish","format-standard","has-post-thumbnail","hentry","category-noticias","tag-destaques"],"acf":[],"_links":{"self":[{"href":"https:\/\/www.ufsm.br\/unidades-universitarias\/cachoeira-do-sul\/wp-json\/wp\/v2\/posts\/5649","targetHints":{"allow":["GET"]}}],"collection":[{"href":"https:\/\/www.ufsm.br\/unidades-universitarias\/cachoeira-do-sul\/wp-json\/wp\/v2\/posts"}],"about":[{"href":"https:\/\/www.ufsm.br\/unidades-universitarias\/cachoeira-do-sul\/wp-json\/wp\/v2\/types\/post"}],"author":[{"embeddable":true,"href":"https:\/\/www.ufsm.br\/unidades-universitarias\/cachoeira-do-sul\/wp-json\/wp\/v2\/users\/293"}],"replies":[{"embeddable":true,"href":"https:\/\/www.ufsm.br\/unidades-universitarias\/cachoeira-do-sul\/wp-json\/wp\/v2\/comments?post=5649"}],"version-history":[{"count":0,"href":"https:\/\/www.ufsm.br\/unidades-universitarias\/cachoeira-do-sul\/wp-json\/wp\/v2\/posts\/5649\/revisions"}],"wp:featuredmedia":[{"embeddable":true,"href":"https:\/\/www.ufsm.br\/unidades-universitarias\/cachoeira-do-sul\/wp-json\/wp\/v2\/media\/5651"}],"wp:attachment":[{"href":"https:\/\/www.ufsm.br\/unidades-universitarias\/cachoeira-do-sul\/wp-json\/wp\/v2\/media?parent=5649"}],"wp:term":[{"taxonomy":"category","embeddable":true,"href":"https:\/\/www.ufsm.br\/unidades-universitarias\/cachoeira-do-sul\/wp-json\/wp\/v2\/categories?post=5649"},{"taxonomy":"post_tag","embeddable":true,"href":"https:\/\/www.ufsm.br\/unidades-universitarias\/cachoeira-do-sul\/wp-json\/wp\/v2\/tags?post=5649"}],"curies":[{"name":"wp","href":"https:\/\/api.w.org\/{rel}","templated":true}]}}