{"id":5657,"date":"2024-07-15T10:30:32","date_gmt":"2024-07-15T13:30:32","guid":{"rendered":"https:\/\/www.ufsm.br\/unidades-universitarias\/cachoeira-do-sul\/?p=5657"},"modified":"2024-07-16T10:36:10","modified_gmt":"2024-07-16T13:36:10","slug":"projeto-da-ufsm-cs-que-busca-fomentar-a-conscientizacao-sobre-o-patrimonio-cultural-e-religioso-de-cachoeira-do-sul-apresenta-resultados-de-suas-pesquisas-a-representantes-do-municipio","status":"publish","type":"post","link":"https:\/\/www.ufsm.br\/unidades-universitarias\/cachoeira-do-sul\/2024\/07\/15\/projeto-da-ufsm-cs-que-busca-fomentar-a-conscientizacao-sobre-o-patrimonio-cultural-e-religioso-de-cachoeira-do-sul-apresenta-resultados-de-suas-pesquisas-a-representantes-do-municipio","title":{"rendered":"Projeto da UFSM-CS, que busca fomentar a conscientiza\u00e7\u00e3o sobre o Patrim\u00f4nio Cultural e Religioso de Cachoeira do Sul, apresenta resultados de suas pesquisas a representantes do Munic\u00edpio"},"content":{"rendered":"\n<p><a href=\"https:\/\/www.ufsm.br\/app\/uploads\/sites\/376\/2024\/07\/20240711_101400-2.jpg\"><img fetchpriority=\"high\" decoding=\"async\" class=\" wp-image-5663 alignright\" src=\"https:\/\/www.ufsm.br\/app\/uploads\/sites\/376\/2024\/07\/20240711_101400-2-300x169.jpg\" alt=\"\" width=\"477\" height=\"269\" srcset=\"https:\/\/www.ufsm.br\/app\/uploads\/sites\/376\/2024\/07\/20240711_101400-2-300x169.jpg 300w, https:\/\/www.ufsm.br\/app\/uploads\/sites\/376\/2024\/07\/20240711_101400-2-1024x576.jpg 1024w, https:\/\/www.ufsm.br\/app\/uploads\/sites\/376\/2024\/07\/20240711_101400-2-768x432.jpg 768w, https:\/\/www.ufsm.br\/app\/uploads\/sites\/376\/2024\/07\/20240711_101400-2-1536x864.jpg 1536w, https:\/\/www.ufsm.br\/app\/uploads\/sites\/376\/2024\/07\/20240711_101400-2.jpg 1920w\" sizes=\"(max-width: 477px) 100vw, 477px\" \/><\/a>Na manh\u00e3 da \u00faltima quinta-feira, dia 11, o projeto \u201cCaminhos do Patrim\u00f4nio Cultural e Religioso de Cachoeira do Sul \u2013 RS\u201d, coordenado pela professora Maria Luiza Zanatta de Souza, do curso de Arquitetura e Urbanismo da UFSM-CS, reuniu representantes do Munic\u00edpio para apresentar alguns resultados das pesquisas realizadas pelos seus participantes.<\/p>\n<p>O projeto tem como objetivo principal trabalhar a tem\u00e1tica da preserva\u00e7\u00e3o do patrim\u00f4nio arquitet\u00f4nico cultural e religioso existente na cidade de Cachoeira do Sul, atrav\u00e9s do conhecimento e da educa\u00e7\u00e3o por meio das m\u00eddias digitais. Esta proposta chamou a aten\u00e7\u00e3o de algumas entidades da cidade, como o Conselho Municipal do Patrim\u00f4nio Hist\u00f3rico-Cultural (COMPAHC), a Associa\u00e7\u00e3o Cachoeirense de Amigos da Cultura (AMICUS), o Conselho Municipal de Politica Cultural (CMPC), o Arquivo Hist\u00f3rico Municipal e a Secretaria de Turismo do Munic\u00edpio. Assim, surgiu o convite para o grupo elaborar um projeto de extens\u00e3o para realiza\u00e7\u00e3o de uma Mostra de Artefatos Religiosos na Igreja Matriz Nossa Senhora da Concei\u00e7\u00e3o.<\/p>\n<p><a href=\"https:\/\/www.ufsm.br\/app\/uploads\/sites\/376\/2024\/07\/WhatsApp-Image-2024-07-11-at-12.32.21-1.jpeg\"><img decoding=\"async\" class=\" wp-image-5660 alignleft\" src=\"https:\/\/www.ufsm.br\/app\/uploads\/sites\/376\/2024\/07\/WhatsApp-Image-2024-07-11-at-12.32.21-1-300x225.jpeg\" alt=\"\" width=\"451\" height=\"338\" srcset=\"https:\/\/www.ufsm.br\/app\/uploads\/sites\/376\/2024\/07\/WhatsApp-Image-2024-07-11-at-12.32.21-1-300x225.jpeg 300w, https:\/\/www.ufsm.br\/app\/uploads\/sites\/376\/2024\/07\/WhatsApp-Image-2024-07-11-at-12.32.21-1-1024x768.jpeg 1024w, https:\/\/www.ufsm.br\/app\/uploads\/sites\/376\/2024\/07\/WhatsApp-Image-2024-07-11-at-12.32.21-1-768x576.jpeg 768w, https:\/\/www.ufsm.br\/app\/uploads\/sites\/376\/2024\/07\/WhatsApp-Image-2024-07-11-at-12.32.21-1-1536x1152.jpeg 1536w, https:\/\/www.ufsm.br\/app\/uploads\/sites\/376\/2024\/07\/WhatsApp-Image-2024-07-11-at-12.32.21-1.jpeg 1600w\" sizes=\"(max-width: 451px) 100vw, 451px\" \/><\/a>Desta forma, ap\u00f3s a pesquisa realizada pelo projeto, o grupo se reuniu com representantes do Munic\u00edpio para apresentar os resultados do trabalho desenvolvido. Estiveram presentes neste encontro o P\u00e1roco Rudinei Lasch; o Bispo diocesano Dom Edson Batista de Melloe; a dra. Marisa Timm Sari, do Conselho Municipal de Politica Cultural; a turism\u00f3loga Livia Lima; a presidente da Amicus Dariely de Barros Gon\u00e7alvez; e a arquiteta Catieli Fortes. Tamb\u00e9m participaram o diretor do campus Anderson Dal Molin; e as discentes Anna Carolina Furin, Andressa Cardoso da Rosa e Amanda Guerra.<\/p>\n<p>Na oportunidade, a professora Maria Luiza tamb\u00e9m apresentou aos presentes os resultados de uma outra atividade desenvolvida pelo projeto: a elabora\u00e7\u00e3o de um livro sobre o Centen\u00e1rio Religioso da Capela de Santa Luzia, pertencente ao Hotel Rosewood em S. Paulo.<\/p>\n","protected":false},"excerpt":{"rendered":"<p>Na manh\u00e3 da \u00faltima quinta-feira, dia 11, o projeto \u201cCaminhos do Patrim\u00f4nio Cultural e Religioso de Cachoeira do Sul \u2013 RS\u201d, coordenado pela professora Maria Luiza Zanatta de Souza, do curso de Arquitetura e Urbanismo da UFSM-CS, reuniu representantes do Munic\u00edpio para apresentar alguns resultados das pesquisas realizadas pelos seus participantes. O projeto tem como [&hellip;]<\/p>\n","protected":false},"author":293,"featured_media":5658,"comment_status":"closed","ping_status":"closed","sticky":false,"template":"","format":"standard","meta":{"footnotes":""},"categories":[1],"tags":[675],"class_list":["post-5657","post","type-post","status-publish","format-standard","has-post-thumbnail","hentry","category-noticias","tag-destaques"],"acf":[],"_links":{"self":[{"href":"https:\/\/www.ufsm.br\/unidades-universitarias\/cachoeira-do-sul\/wp-json\/wp\/v2\/posts\/5657","targetHints":{"allow":["GET"]}}],"collection":[{"href":"https:\/\/www.ufsm.br\/unidades-universitarias\/cachoeira-do-sul\/wp-json\/wp\/v2\/posts"}],"about":[{"href":"https:\/\/www.ufsm.br\/unidades-universitarias\/cachoeira-do-sul\/wp-json\/wp\/v2\/types\/post"}],"author":[{"embeddable":true,"href":"https:\/\/www.ufsm.br\/unidades-universitarias\/cachoeira-do-sul\/wp-json\/wp\/v2\/users\/293"}],"replies":[{"embeddable":true,"href":"https:\/\/www.ufsm.br\/unidades-universitarias\/cachoeira-do-sul\/wp-json\/wp\/v2\/comments?post=5657"}],"version-history":[{"count":0,"href":"https:\/\/www.ufsm.br\/unidades-universitarias\/cachoeira-do-sul\/wp-json\/wp\/v2\/posts\/5657\/revisions"}],"wp:featuredmedia":[{"embeddable":true,"href":"https:\/\/www.ufsm.br\/unidades-universitarias\/cachoeira-do-sul\/wp-json\/wp\/v2\/media\/5658"}],"wp:attachment":[{"href":"https:\/\/www.ufsm.br\/unidades-universitarias\/cachoeira-do-sul\/wp-json\/wp\/v2\/media?parent=5657"}],"wp:term":[{"taxonomy":"category","embeddable":true,"href":"https:\/\/www.ufsm.br\/unidades-universitarias\/cachoeira-do-sul\/wp-json\/wp\/v2\/categories?post=5657"},{"taxonomy":"post_tag","embeddable":true,"href":"https:\/\/www.ufsm.br\/unidades-universitarias\/cachoeira-do-sul\/wp-json\/wp\/v2\/tags?post=5657"}],"curies":[{"name":"wp","href":"https:\/\/api.w.org\/{rel}","templated":true}]}}