{"id":5761,"date":"2024-08-13T14:52:53","date_gmt":"2024-08-13T17:52:53","guid":{"rendered":"https:\/\/www.ufsm.br\/unidades-universitarias\/cachoeira-do-sul\/?p=5761"},"modified":"2024-08-13T14:53:48","modified_gmt":"2024-08-13T17:53:48","slug":"ufsm-cs-busca-recursos-para-a-revitalizacao-da-estrada-da-ferreira","status":"publish","type":"post","link":"https:\/\/www.ufsm.br\/unidades-universitarias\/cachoeira-do-sul\/2024\/08\/13\/ufsm-cs-busca-recursos-para-a-revitalizacao-da-estrada-da-ferreira","title":{"rendered":"UFSM-CS busca recursos para a revitaliza\u00e7\u00e3o da Estrada da Ferreira"},"content":{"rendered":"\n<p style=\"text-align: left\"><span style=\"font-weight: 400\">Na \u00faltima quarta-feira, dia 07 de agosto, o diretor do campus da UFSM em Cachoeira do Sul, Anderson Dal Molin, e o coordenador Administrativo, J\u00falio Modesto, estiveram em um encontro com o empres\u00e1rio Pedro Henrique Brair, fundador da rede de Farm\u00e1cias S\u00e3o Jo\u00e3o. Na oportunidade, que aconteceu durante o Cacisc Meio-dia, na Fenarroz, o empres\u00e1rio se comprometeu em financiar pelo menos 50% dos custos para a execu\u00e7\u00e3o do projeto de revitaliza\u00e7\u00e3o da Estrada da Ferreira. <a href=\"https:\/\/www.ufsm.br\/app\/uploads\/sites\/376\/2024\/08\/capa.jpeg\"><img fetchpriority=\"high\" decoding=\"async\" class=\" wp-image-5766 alignleft\" src=\"https:\/\/www.ufsm.br\/app\/uploads\/sites\/376\/2024\/08\/capa-300x244.jpeg\" alt=\"\" width=\"276\" height=\"225\" srcset=\"https:\/\/www.ufsm.br\/app\/uploads\/sites\/376\/2024\/08\/capa-300x244.jpeg 300w, https:\/\/www.ufsm.br\/app\/uploads\/sites\/376\/2024\/08\/capa-1024x834.jpeg 1024w, https:\/\/www.ufsm.br\/app\/uploads\/sites\/376\/2024\/08\/capa-768x625.jpeg 768w, https:\/\/www.ufsm.br\/app\/uploads\/sites\/376\/2024\/08\/capa.jpeg 1157w\" sizes=\"(max-width: 276px) 100vw, 276px\" \/><\/a><\/span><span style=\"font-weight: 400\">O apoio ao projeto vir\u00e1 atrav\u00e9s do Programa de Incentivo ao Acesso Asf\u00e1ltico (PIAA\/RS) que foi criado para promover parcerias que agilizem projetos de infraestrutura rodovi\u00e1ria. O PIAA\/RS estimula empresas e cooperativas a executar obras de pavimenta\u00e7\u00e3o de estradas estaduais. O empres\u00e1rio Pedro Brair salientou que \u00e9 muito importante a participa\u00e7\u00e3o da comunidade cachoeirense para captar o restante do recurso necess\u00e1rio para a obra. <\/span><\/p>\n<p style=\"text-align: left\"><span style=\"font-weight: 400\">O projeto de revitaliza\u00e7\u00e3o da Estrada da Ferreira foi desenvolvido pelo Laborat\u00f3rio de Mobilidade e Log\u00edstica (LAMOT) da UFSM-CS, no qual foi realizado um estudo para revitalizar a VRS-809. Este estudo foi encaminhado ao Departamento Aut\u00f4nomo de Estradas de Rodagem (DAER) no in\u00edcio de 2023, se tornando um projeto do DAER em junho deste mesmo ano. O projeto criado prev\u00ea <\/span><span style=\"font-weight: 400\">a execu\u00e7\u00e3o de acostamento, ciclovia, cal\u00e7adas e ilumina\u00e7\u00e3o, desde a r\u00f3tula do Clube Comercial at\u00e9 o Aeroclube de Cachoeira do Sul.<a href=\"https:\/\/www.ufsm.br\/app\/uploads\/sites\/376\/2024\/08\/WhatsApp-Image-2024-08-13-at-08.56.58-1.jpeg\"><img decoding=\"async\" class=\" wp-image-5762 alignright\" src=\"https:\/\/www.ufsm.br\/app\/uploads\/sites\/376\/2024\/08\/WhatsApp-Image-2024-08-13-at-08.56.58-1-300x200.jpeg\" alt=\"\" width=\"300\" height=\"200\" srcset=\"https:\/\/www.ufsm.br\/app\/uploads\/sites\/376\/2024\/08\/WhatsApp-Image-2024-08-13-at-08.56.58-1-300x200.jpeg 300w, https:\/\/www.ufsm.br\/app\/uploads\/sites\/376\/2024\/08\/WhatsApp-Image-2024-08-13-at-08.56.58-1-1024x682.jpeg 1024w, https:\/\/www.ufsm.br\/app\/uploads\/sites\/376\/2024\/08\/WhatsApp-Image-2024-08-13-at-08.56.58-1-768x512.jpeg 768w, https:\/\/www.ufsm.br\/app\/uploads\/sites\/376\/2024\/08\/WhatsApp-Image-2024-08-13-at-08.56.58-1-1536x1023.jpeg 1536w, https:\/\/www.ufsm.br\/app\/uploads\/sites\/376\/2024\/08\/WhatsApp-Image-2024-08-13-at-08.56.58-1-272x182.jpeg 272w, https:\/\/www.ufsm.br\/app\/uploads\/sites\/376\/2024\/08\/WhatsApp-Image-2024-08-13-at-08.56.58-1.jpeg 1600w\" sizes=\"(max-width: 300px) 100vw, 300px\" \/><\/a> <\/span><\/p>\n<p><span style=\"font-weight: 400\">Ainda nesta semana, a dire\u00e7\u00e3o da UFSM-CS se encontrar\u00e1 com o Diretor do DAER para dar prosseguimento na execu\u00e7\u00e3o do projeto e j\u00e1 est\u00e1 organizando futuras reuni\u00f5es com a comiss\u00e3o Pr\u00f3-UFSM, para mobilizar a capta\u00e7\u00e3o do restante do recurso. Segundo o diretor do campus da UFSM em Cachoeira do Sul, esta revitaliza\u00e7\u00e3o, al\u00e9m de importante para o campus, tamb\u00e9m \u00e9 essencial para toda comunidade, pois trar\u00e1 uma maior seguran\u00e7a para todos que utilizam a via, al\u00e9m das quest\u00f5es de sa\u00fade e bem-estar que a ciclovia e cal\u00e7adas proporcionar\u00e3o. <\/span><\/p>\n","protected":false},"excerpt":{"rendered":"<p>Na \u00faltima quarta-feira, dia 07 de agosto, o diretor do campus da UFSM em Cachoeira do Sul, Anderson Dal Molin, e o coordenador Administrativo, J\u00falio Modesto, estiveram em um encontro com o empres\u00e1rio Pedro Henrique Brair, fundador da rede de Farm\u00e1cias S\u00e3o Jo\u00e3o. Na oportunidade, que aconteceu durante o Cacisc Meio-dia, na Fenarroz, o empres\u00e1rio [&hellip;]<\/p>\n","protected":false},"author":293,"featured_media":5763,"comment_status":"closed","ping_status":"closed","sticky":false,"template":"","format":"standard","meta":{"footnotes":""},"categories":[1],"tags":[675],"class_list":["post-5761","post","type-post","status-publish","format-standard","has-post-thumbnail","hentry","category-noticias","tag-destaques"],"acf":[],"_links":{"self":[{"href":"https:\/\/www.ufsm.br\/unidades-universitarias\/cachoeira-do-sul\/wp-json\/wp\/v2\/posts\/5761","targetHints":{"allow":["GET"]}}],"collection":[{"href":"https:\/\/www.ufsm.br\/unidades-universitarias\/cachoeira-do-sul\/wp-json\/wp\/v2\/posts"}],"about":[{"href":"https:\/\/www.ufsm.br\/unidades-universitarias\/cachoeira-do-sul\/wp-json\/wp\/v2\/types\/post"}],"author":[{"embeddable":true,"href":"https:\/\/www.ufsm.br\/unidades-universitarias\/cachoeira-do-sul\/wp-json\/wp\/v2\/users\/293"}],"replies":[{"embeddable":true,"href":"https:\/\/www.ufsm.br\/unidades-universitarias\/cachoeira-do-sul\/wp-json\/wp\/v2\/comments?post=5761"}],"version-history":[{"count":0,"href":"https:\/\/www.ufsm.br\/unidades-universitarias\/cachoeira-do-sul\/wp-json\/wp\/v2\/posts\/5761\/revisions"}],"wp:featuredmedia":[{"embeddable":true,"href":"https:\/\/www.ufsm.br\/unidades-universitarias\/cachoeira-do-sul\/wp-json\/wp\/v2\/media\/5763"}],"wp:attachment":[{"href":"https:\/\/www.ufsm.br\/unidades-universitarias\/cachoeira-do-sul\/wp-json\/wp\/v2\/media?parent=5761"}],"wp:term":[{"taxonomy":"category","embeddable":true,"href":"https:\/\/www.ufsm.br\/unidades-universitarias\/cachoeira-do-sul\/wp-json\/wp\/v2\/categories?post=5761"},{"taxonomy":"post_tag","embeddable":true,"href":"https:\/\/www.ufsm.br\/unidades-universitarias\/cachoeira-do-sul\/wp-json\/wp\/v2\/tags?post=5761"}],"curies":[{"name":"wp","href":"https:\/\/api.w.org\/{rel}","templated":true}]}}