{"id":5781,"date":"2024-08-14T14:49:36","date_gmt":"2024-08-14T17:49:36","guid":{"rendered":"https:\/\/www.ufsm.br\/unidades-universitarias\/cachoeira-do-sul\/?p=5781"},"modified":"2024-08-14T14:49:38","modified_gmt":"2024-08-14T17:49:38","slug":"projeto-desenvolvido-na-ufsm-cachoeira-do-sul-participa-do-programa-eleva-start","status":"publish","type":"post","link":"https:\/\/www.ufsm.br\/unidades-universitarias\/cachoeira-do-sul\/2024\/08\/14\/projeto-desenvolvido-na-ufsm-cachoeira-do-sul-participa-do-programa-eleva-start","title":{"rendered":"Projeto desenvolvido na UFSM &#8211; Cachoeira do Sul participa do programa Eleva Start"},"content":{"rendered":"\n<p style=\"text-align: left\"><span style=\"font-weight: 400\"><a href=\"https:\/\/www.ufsm.br\/app\/uploads\/sites\/376\/2024\/08\/WhatsApp-Image-2024-08-14-at-11.31.14-1.jpeg\"><img fetchpriority=\"high\" decoding=\"async\" class=\"size-medium wp-image-5783 alignleft\" src=\"https:\/\/www.ufsm.br\/app\/uploads\/sites\/376\/2024\/08\/WhatsApp-Image-2024-08-14-at-11.31.14-1-225x300.jpeg\" alt=\"\" width=\"225\" height=\"300\" srcset=\"https:\/\/www.ufsm.br\/app\/uploads\/sites\/376\/2024\/08\/WhatsApp-Image-2024-08-14-at-11.31.14-1-225x300.jpeg 225w, https:\/\/www.ufsm.br\/app\/uploads\/sites\/376\/2024\/08\/WhatsApp-Image-2024-08-14-at-11.31.14-1-768x1024.jpeg 768w, https:\/\/www.ufsm.br\/app\/uploads\/sites\/376\/2024\/08\/WhatsApp-Image-2024-08-14-at-11.31.14-1-1152x1536.jpeg 1152w, https:\/\/www.ufsm.br\/app\/uploads\/sites\/376\/2024\/08\/WhatsApp-Image-2024-08-14-at-11.31.14-1-1536x2048.jpeg 1536w, https:\/\/www.ufsm.br\/app\/uploads\/sites\/376\/2024\/08\/WhatsApp-Image-2024-08-14-at-11.31.14-1.jpeg 1920w\" sizes=\"(max-width: 225px) 100vw, 225px\" \/><\/a>No \u00faltimo dia 13 de agosto, os estudantes Vandrei Stefanello, Luana Gon\u00e7alves, Gabriel Bittencourt da Trindade e o professor Paulo C\u00e9sar Vargas Luz, do curso de Engenharia El\u00e9trica, participaram do primeiro encontro presencial do programa Eleva Start powered by Inovativa, um programa de acelera\u00e7\u00e3o de startups realizado pela Pulsar Incubadora Tecnol\u00f3gica da UFSM. Este programa conta com o apoio do Minist\u00e9rio do Desenvolvimento, Ind\u00fastria, Com\u00e9rcio e Servi\u00e7os (MDIC), do Servi\u00e7o Brasileiro de Apoio \u00e0s Micro e Pequenas Empresas (Sebrae), al\u00e9m da colabora\u00e7\u00e3o da Funda\u00e7\u00e3o CERTI e do suporte metodol\u00f3gico da Wadhwani Foundation, e tem como objetivo oferecer treinamento gratuito para o desenvolvimento de ideias e projetos de neg\u00f3cios inovadores.<\/span><\/p>\n<p><span style=\"font-weight: 400\"><a href=\"https:\/\/www.ufsm.br\/app\/uploads\/sites\/376\/2024\/08\/WhatsApp-Image-2024-08-14-at-11.31.15-1.jpeg\"><img decoding=\"async\" class=\"size-medium wp-image-5782 alignright\" src=\"https:\/\/www.ufsm.br\/app\/uploads\/sites\/376\/2024\/08\/WhatsApp-Image-2024-08-14-at-11.31.15-1-300x200.jpeg\" alt=\"\" width=\"300\" height=\"200\" srcset=\"https:\/\/www.ufsm.br\/app\/uploads\/sites\/376\/2024\/08\/WhatsApp-Image-2024-08-14-at-11.31.15-1-300x200.jpeg 300w, https:\/\/www.ufsm.br\/app\/uploads\/sites\/376\/2024\/08\/WhatsApp-Image-2024-08-14-at-11.31.15-1-1024x683.jpeg 1024w, https:\/\/www.ufsm.br\/app\/uploads\/sites\/376\/2024\/08\/WhatsApp-Image-2024-08-14-at-11.31.15-1-768x512.jpeg 768w, https:\/\/www.ufsm.br\/app\/uploads\/sites\/376\/2024\/08\/WhatsApp-Image-2024-08-14-at-11.31.15-1-1536x1024.jpeg 1536w, https:\/\/www.ufsm.br\/app\/uploads\/sites\/376\/2024\/08\/WhatsApp-Image-2024-08-14-at-11.31.15-1-272x182.jpeg 272w, https:\/\/www.ufsm.br\/app\/uploads\/sites\/376\/2024\/08\/WhatsApp-Image-2024-08-14-at-11.31.15-1.jpeg 1920w\" sizes=\"(max-width: 300px) 100vw, 300px\" \/><\/a>O projeto do grupo, intitulado SolarTherm, foi um dos 25 selecionados no estado do Rio Grande do Sul e tem como objetivo validar e implementar sistemas de resfriamento eficientes para pain\u00e9is fotovoltaicos, buscando maximizar a gera\u00e7\u00e3o de energia enquanto minimiza o consumo de \u00e1gua, promovendo solu\u00e7\u00f5es que aumentam a efici\u00eancia energ\u00e9tica em usinas e resid\u00eancias. Nos pr\u00f3ximos quatro meses, os alunos participar\u00e3o de atividades de capacita\u00e7\u00e3o e mentorias voltadas para o desenvolvimento de startups e ecossistemas de empreendedorismo inovador brasileiros, criando ainda conex\u00f5es com executivos e empreendedores que auxiliar\u00e3o os projetos a alavancarem seus neg\u00f3cios.<\/span><\/p>\n<p>\u00a0<\/p>\n\n\n","protected":false},"excerpt":{"rendered":"<p>No \u00faltimo dia 13 de agosto, os estudantes Vandrei Stefanello, Luana Gon\u00e7alves, Gabriel Bittencourt da Trindade e o professor Paulo C\u00e9sar Vargas Luz, do curso de Engenharia El\u00e9trica, participaram do primeiro encontro presencial do programa Eleva Start powered by Inovativa, um programa de acelera\u00e7\u00e3o de startups realizado pela Pulsar Incubadora Tecnol\u00f3gica da UFSM. Este programa [&hellip;]<\/p>\n","protected":false},"author":293,"featured_media":5783,"comment_status":"closed","ping_status":"closed","sticky":false,"template":"","format":"standard","meta":{"footnotes":""},"categories":[1],"tags":[675],"class_list":["post-5781","post","type-post","status-publish","format-standard","has-post-thumbnail","hentry","category-noticias","tag-destaques"],"acf":[],"_links":{"self":[{"href":"https:\/\/www.ufsm.br\/unidades-universitarias\/cachoeira-do-sul\/wp-json\/wp\/v2\/posts\/5781","targetHints":{"allow":["GET"]}}],"collection":[{"href":"https:\/\/www.ufsm.br\/unidades-universitarias\/cachoeira-do-sul\/wp-json\/wp\/v2\/posts"}],"about":[{"href":"https:\/\/www.ufsm.br\/unidades-universitarias\/cachoeira-do-sul\/wp-json\/wp\/v2\/types\/post"}],"author":[{"embeddable":true,"href":"https:\/\/www.ufsm.br\/unidades-universitarias\/cachoeira-do-sul\/wp-json\/wp\/v2\/users\/293"}],"replies":[{"embeddable":true,"href":"https:\/\/www.ufsm.br\/unidades-universitarias\/cachoeira-do-sul\/wp-json\/wp\/v2\/comments?post=5781"}],"version-history":[{"count":0,"href":"https:\/\/www.ufsm.br\/unidades-universitarias\/cachoeira-do-sul\/wp-json\/wp\/v2\/posts\/5781\/revisions"}],"wp:featuredmedia":[{"embeddable":true,"href":"https:\/\/www.ufsm.br\/unidades-universitarias\/cachoeira-do-sul\/wp-json\/wp\/v2\/media\/5783"}],"wp:attachment":[{"href":"https:\/\/www.ufsm.br\/unidades-universitarias\/cachoeira-do-sul\/wp-json\/wp\/v2\/media?parent=5781"}],"wp:term":[{"taxonomy":"category","embeddable":true,"href":"https:\/\/www.ufsm.br\/unidades-universitarias\/cachoeira-do-sul\/wp-json\/wp\/v2\/categories?post=5781"},{"taxonomy":"post_tag","embeddable":true,"href":"https:\/\/www.ufsm.br\/unidades-universitarias\/cachoeira-do-sul\/wp-json\/wp\/v2\/tags?post=5781"}],"curies":[{"name":"wp","href":"https:\/\/api.w.org\/{rel}","templated":true}]}}