{"id":5827,"date":"2024-08-26T13:00:00","date_gmt":"2024-08-26T16:00:00","guid":{"rendered":"https:\/\/www.ufsm.br\/unidades-universitarias\/cachoeira-do-sul\/?p=5827"},"modified":"2024-08-27T08:44:53","modified_gmt":"2024-08-27T11:44:53","slug":"ufsm-cs-organiza-gincana-integracao-para-recepcionar-seus-estudantes","status":"publish","type":"post","link":"https:\/\/www.ufsm.br\/unidades-universitarias\/cachoeira-do-sul\/2024\/08\/26\/ufsm-cs-organiza-gincana-integracao-para-recepcionar-seus-estudantes","title":{"rendered":"UFSM-CS organiza Gincana Integra\u00e7\u00e3o para recepcionar seus estudantes"},"content":{"rendered":"\n<p><span style=\"font-weight: 400\">Nesta segunda-feira, dia 26, o campus da UFSM em Cachoeira do Sul divulgou o regulamento e a abertura das inscri\u00e7\u00f5es para a Gincana Integra\u00e7\u00e3o, uma atividade de recep\u00e7\u00e3o dos estudantes na volta \u00e0s aulas. A atividade acontecer\u00e1 no dia <\/span><b>28 de setembro<\/b><span style=\"font-weight: 400\">. A Gincana Integra\u00e7\u00e3o tem como objetivo promover a integra\u00e7\u00e3o, uni\u00e3o, divers\u00e3o, entretenimento e companheirismo entre a comunidade acad\u00eamica, iniciando o segundo semestre de 2024 de forma celebrativa, com atividades que estimulem o trabalho em equipe, a inclus\u00e3o e o respeito ao pr\u00f3ximo. O evento tamb\u00e9m tem como objetivo comemorar os 10 anos do campus, bem como de seus cinco cursos de gradua\u00e7\u00e3o.<\/span><\/p>\n<p><span style=\"font-weight: 400\">As inscri\u00e7\u00f5es das equipes j\u00e1 est\u00e3o abertas e ficam dispon\u00edveis <\/span><b>at\u00e9 o dia 17 de setembro<\/b><span style=\"font-weight: 400\">, atrav\u00e9s de <\/span><a href=\"https:\/\/forms.gle\/cojmTKY1fpVc8gA79\"><span style=\"font-weight: 400\">formul\u00e1rio online<\/span><\/a><span style=\"font-weight: 400\">. Podem participar das equipes alunos de um dos cinco cursos de gradua\u00e7\u00e3o do campus, egressos, professores, t\u00e9cnicos administrativos em educa\u00e7\u00e3o, funcion\u00e1rios terceirizados e estudantes do ensino m\u00e9dio, conforme as orienta\u00e7\u00f5es no <\/span><a href=\"https:\/\/www.ufsm.br\/unidades-universitarias\/cachoeira-do-sul\/regulamento-gincana-integracao\"><span style=\"font-weight: 400\">regulamento<\/span><\/a><span style=\"font-weight: 400\">.<\/span><\/p>\n<p><span style=\"font-weight: 400\">Mais informa\u00e7\u00f5es sobre a Gincana podem ser obtidas na <\/span><a href=\"https:\/\/www.ufsm.br\/unidades-universitarias\/cachoeira-do-sul\/gincana-integracao\"><span style=\"font-weight: 400\">p\u00e1gina do evento<\/span><\/a><span style=\"font-weight: 400\">.<\/span><\/p>\n<p>\u00a0<\/p>\n<p><b>CRONOGRAMA DA GINCANA:<\/b><\/p>\n<p><span style=\"font-weight: 400\">Lan\u00e7amento do regulamento: 26\/08<\/span><\/p>\n<p><span style=\"font-weight: 400\">Per\u00edodo de inscri\u00e7\u00f5es: 26\/08 a 17\/09<\/span><\/p>\n<p><span style=\"font-weight: 400\">Divulga\u00e7\u00e3o das equipes inscritas: 18\/09<\/span><\/p>\n<p><span style=\"font-weight: 400\">Sorteio das cores: 18\/09, \u00e0s 16h<\/span><\/p>\n<p><span style=\"font-weight: 400\">Divulga\u00e7\u00e3o do cronograma e informa\u00e7\u00f5es detalhadas das tarefas: 25\/09<\/span><\/p>\n<p><span style=\"font-weight: 400\">Abertura do evento e in\u00edcio das atividades: 28\/09, \u00e0s 8h30<\/span><\/p>\n<p><span style=\"font-weight: 400\">Intervalo para almo\u00e7o: 28\/09, das 11h45 \u00e0s 13h<\/span><\/p>\n<p><span style=\"font-weight: 400\">Retorno das atividades: 28\/09, \u00e0s 13h15<\/span><\/p>\n<p><span style=\"font-weight: 400\">Divulga\u00e7\u00e3o dos resultados e premia\u00e7\u00e3o: 28\/09, a partir das 17h30<\/span><\/p>\n","protected":false},"excerpt":{"rendered":"<p>Atividade faz parte das comemora\u00e7\u00f5es dos 10 anos do campus da UFSM em Cachoeira do Sul<\/p>\n","protected":false},"author":8249,"featured_media":5832,"comment_status":"closed","ping_status":"closed","sticky":false,"template":"","format":"standard","meta":{"footnotes":""},"categories":[1],"tags":[675],"class_list":["post-5827","post","type-post","status-publish","format-standard","has-post-thumbnail","hentry","category-noticias","tag-destaques"],"acf":[],"_links":{"self":[{"href":"https:\/\/www.ufsm.br\/unidades-universitarias\/cachoeira-do-sul\/wp-json\/wp\/v2\/posts\/5827","targetHints":{"allow":["GET"]}}],"collection":[{"href":"https:\/\/www.ufsm.br\/unidades-universitarias\/cachoeira-do-sul\/wp-json\/wp\/v2\/posts"}],"about":[{"href":"https:\/\/www.ufsm.br\/unidades-universitarias\/cachoeira-do-sul\/wp-json\/wp\/v2\/types\/post"}],"author":[{"embeddable":true,"href":"https:\/\/www.ufsm.br\/unidades-universitarias\/cachoeira-do-sul\/wp-json\/wp\/v2\/users\/8249"}],"replies":[{"embeddable":true,"href":"https:\/\/www.ufsm.br\/unidades-universitarias\/cachoeira-do-sul\/wp-json\/wp\/v2\/comments?post=5827"}],"version-history":[{"count":0,"href":"https:\/\/www.ufsm.br\/unidades-universitarias\/cachoeira-do-sul\/wp-json\/wp\/v2\/posts\/5827\/revisions"}],"wp:featuredmedia":[{"embeddable":true,"href":"https:\/\/www.ufsm.br\/unidades-universitarias\/cachoeira-do-sul\/wp-json\/wp\/v2\/media\/5832"}],"wp:attachment":[{"href":"https:\/\/www.ufsm.br\/unidades-universitarias\/cachoeira-do-sul\/wp-json\/wp\/v2\/media?parent=5827"}],"wp:term":[{"taxonomy":"category","embeddable":true,"href":"https:\/\/www.ufsm.br\/unidades-universitarias\/cachoeira-do-sul\/wp-json\/wp\/v2\/categories?post=5827"},{"taxonomy":"post_tag","embeddable":true,"href":"https:\/\/www.ufsm.br\/unidades-universitarias\/cachoeira-do-sul\/wp-json\/wp\/v2\/tags?post=5827"}],"curies":[{"name":"wp","href":"https:\/\/api.w.org\/{rel}","templated":true}]}}