{"id":5833,"date":"2024-08-27T10:13:19","date_gmt":"2024-08-27T13:13:19","guid":{"rendered":"https:\/\/www.ufsm.br\/unidades-universitarias\/cachoeira-do-sul\/?p=5833"},"modified":"2024-08-27T10:13:21","modified_gmt":"2024-08-27T13:13:21","slug":"ufsm-cs-escolhe-seus-representantes-docentes-para-o-conselho-do-campus","status":"publish","type":"post","link":"https:\/\/www.ufsm.br\/unidades-universitarias\/cachoeira-do-sul\/2024\/08\/27\/ufsm-cs-escolhe-seus-representantes-docentes-para-o-conselho-do-campus","title":{"rendered":"UFSM-CS escolhe seus representantes docentes para o Conselho do campus"},"content":{"rendered":"\n<p><span style=\"font-weight: 400\">Entre os meses de julho e agosto, o campus da UFSM em Cachoeira do Sul esteve realizando o processo de consulta para representantes docentes das Classes A, B, C, D e E para o Conselho Geral do Campus. Ap\u00f3s todo o processo de consulta, ficaram definidos, como representantes das classes docentes para o Conselho do campus, os seguintes nomes:<\/span><\/p>\n<ul>\n<li style=\"font-weight: 400\"><span style=\"font-weight: 400\">Para a Classe A, houve uma \u00fanica inscri\u00e7\u00e3o, ficando, assim, a professora Elaise Gabriel, como representante titular. O seu suplente ser\u00e1 o professor Gustavo Guilherme Koch.<\/span><\/li>\n<li style=\"font-weight: 400\"><span style=\"font-weight: 400\">Como no campus n\u00e3o h\u00e1 professores da Classe B, n\u00e3o haver\u00e1 representante desta Classe no Conselho.<\/span><\/li>\n<li style=\"font-weight: 400\"><span style=\"font-weight: 400\">J\u00e1 para a Classe C, houve duas inscri\u00e7\u00f5es e, ap\u00f3s consulta, ficou definido que a professora Let\u00edcia de Castro Gabriel ficar\u00e1 como representante titular, e o professor Rafael D. D. Pace ser\u00e1 o suplente.<\/span><\/li>\n<li style=\"font-weight: 400\"><span style=\"font-weight: 400\">Para a Classe D n\u00e3o houve inscri\u00e7\u00f5es. Assim, conforme estabelecido pelo edital da Consulta, foram indicados, pela Dire\u00e7\u00e3o do campus, os professores Paulo Carteri Coradi (titular) e D\u00e9bora Faoro (suplente) como representantes da classe.<\/span><\/li>\n<li style=\"font-weight: 400\"><span style=\"font-weight: 400\">Por fim, tamb\u00e9m n\u00e3o houve inscri\u00e7\u00f5es para a Classe E. Desta forma, a Dire\u00e7\u00e3o indicou a professora Aline Brum Loreto, como titular.\u00a0<\/span><\/li>\n<\/ul>\n<p><span style=\"font-weight: 400\">O mandato dos representantes docentes no Conselho do campus tem dura\u00e7\u00e3o de dois anos.\u00a0<\/span><\/p>\n","protected":false},"excerpt":{"rendered":"<p>Entre os meses de julho e agosto, o campus da UFSM em Cachoeira do Sul esteve realizando o processo de consulta para representantes docentes das Classes A, B, C, D e E para o Conselho Geral do Campus. Ap\u00f3s todo o processo de consulta, ficaram definidos, como representantes das classes docentes para o Conselho do [&hellip;]<\/p>\n","protected":false},"author":293,"featured_media":0,"comment_status":"closed","ping_status":"closed","sticky":false,"template":"","format":"standard","meta":{"footnotes":""},"categories":[1],"tags":[],"class_list":["post-5833","post","type-post","status-publish","format-standard","hentry","category-noticias"],"acf":[],"_links":{"self":[{"href":"https:\/\/www.ufsm.br\/unidades-universitarias\/cachoeira-do-sul\/wp-json\/wp\/v2\/posts\/5833","targetHints":{"allow":["GET"]}}],"collection":[{"href":"https:\/\/www.ufsm.br\/unidades-universitarias\/cachoeira-do-sul\/wp-json\/wp\/v2\/posts"}],"about":[{"href":"https:\/\/www.ufsm.br\/unidades-universitarias\/cachoeira-do-sul\/wp-json\/wp\/v2\/types\/post"}],"author":[{"embeddable":true,"href":"https:\/\/www.ufsm.br\/unidades-universitarias\/cachoeira-do-sul\/wp-json\/wp\/v2\/users\/293"}],"replies":[{"embeddable":true,"href":"https:\/\/www.ufsm.br\/unidades-universitarias\/cachoeira-do-sul\/wp-json\/wp\/v2\/comments?post=5833"}],"version-history":[{"count":0,"href":"https:\/\/www.ufsm.br\/unidades-universitarias\/cachoeira-do-sul\/wp-json\/wp\/v2\/posts\/5833\/revisions"}],"wp:attachment":[{"href":"https:\/\/www.ufsm.br\/unidades-universitarias\/cachoeira-do-sul\/wp-json\/wp\/v2\/media?parent=5833"}],"wp:term":[{"taxonomy":"category","embeddable":true,"href":"https:\/\/www.ufsm.br\/unidades-universitarias\/cachoeira-do-sul\/wp-json\/wp\/v2\/categories?post=5833"},{"taxonomy":"post_tag","embeddable":true,"href":"https:\/\/www.ufsm.br\/unidades-universitarias\/cachoeira-do-sul\/wp-json\/wp\/v2\/tags?post=5833"}],"curies":[{"name":"wp","href":"https:\/\/api.w.org\/{rel}","templated":true}]}}