{"id":5893,"date":"2024-09-12T10:37:13","date_gmt":"2024-09-12T13:37:13","guid":{"rendered":"https:\/\/www.ufsm.br\/unidades-universitarias\/cachoeira-do-sul\/?p=5893"},"modified":"2024-09-12T11:11:40","modified_gmt":"2024-09-12T14:11:40","slug":"ufsm-cs-abre-chamada-publica-para-cadastro-de-apoiadores-do-viva-o-campus-2","status":"publish","type":"post","link":"https:\/\/www.ufsm.br\/unidades-universitarias\/cachoeira-do-sul\/2024\/09\/12\/ufsm-cs-abre-chamada-publica-para-cadastro-de-apoiadores-do-viva-o-campus-2","title":{"rendered":"UFSM-CS abre Chamada P\u00fablica para cadastro de apoiadores do Viva o Campus"},"content":{"rendered":"\n<p>Est\u00e3o abertas as inscri\u00e7\u00f5es para o cadastro de interessados em promover e apoiar atividades art\u00edsticas, culturais, educativas, de sa\u00fade e de lazer, al\u00e9m de empreendedores locais e da regi\u00e3o que queiram expor e\/ou comercializar seus produtos, durante a realiza\u00e7\u00e3o da pr\u00f3xima edi\u00e7\u00e3o do \u201cViva o Campus 2024 \u2013 UFSM-CS\u201d, que dever\u00e1 acontecer, preferencialmente, no dia 20 de outubro de 2024.<\/p>\n<p>Poder\u00e3o participar desta chamada p\u00fablica empresas, entidades, institui\u00e7\u00f5es, associa\u00e7\u00f5es e organiza\u00e7\u00f5es, legalmente constitu\u00eddas, privadas ou p\u00fablicas, com ou sem fins lucrativos, e\/ou microempreendedores individuais (MEI). <strong>Os interessados poder\u00e3o realizar suas inscri\u00e7\u00f5es para o cadastro atrav\u00e9s de <a href=\"https:\/\/docs.google.com\/forms\/d\/e\/1FAIpQLScELF6r2-MkaWH6crPr-VUIo8F5LKpnscXp2OgxhgTAWy4DnA\/viewform\">formul\u00e1rio online<\/a> at\u00e9 o dia 09 de outubro de 2024.<\/strong><\/p>\n<p>Para saber mais informa\u00e7\u00f5es, acesse a\u00a0<a href=\"https:\/\/www.ufsm.br\/unidades-universitarias\/cachoeira-do-sul\/editais\/007-2024-2\">p\u00e1gina do edital<\/a>.<\/p>\n","protected":false},"excerpt":{"rendered":"<p>Est\u00e3o abertas as inscri\u00e7\u00f5es para o cadastro de interessados em promover e apoiar atividades art\u00edsticas, culturais, educativas, de sa\u00fade e de lazer, al\u00e9m de empreendedores locais e da regi\u00e3o que queiram expor e\/ou comercializar seus produtos, durante a realiza\u00e7\u00e3o da pr\u00f3xima edi\u00e7\u00e3o do \u201cViva o Campus 2024 \u2013 UFSM-CS\u201d, que dever\u00e1 acontecer, preferencialmente, no dia [&hellip;]<\/p>\n","protected":false},"author":293,"featured_media":5898,"comment_status":"closed","ping_status":"closed","sticky":false,"template":"","format":"standard","meta":{"footnotes":""},"categories":[1],"tags":[675],"class_list":["post-5893","post","type-post","status-publish","format-standard","has-post-thumbnail","hentry","category-noticias","tag-destaques"],"acf":[],"_links":{"self":[{"href":"https:\/\/www.ufsm.br\/unidades-universitarias\/cachoeira-do-sul\/wp-json\/wp\/v2\/posts\/5893","targetHints":{"allow":["GET"]}}],"collection":[{"href":"https:\/\/www.ufsm.br\/unidades-universitarias\/cachoeira-do-sul\/wp-json\/wp\/v2\/posts"}],"about":[{"href":"https:\/\/www.ufsm.br\/unidades-universitarias\/cachoeira-do-sul\/wp-json\/wp\/v2\/types\/post"}],"author":[{"embeddable":true,"href":"https:\/\/www.ufsm.br\/unidades-universitarias\/cachoeira-do-sul\/wp-json\/wp\/v2\/users\/293"}],"replies":[{"embeddable":true,"href":"https:\/\/www.ufsm.br\/unidades-universitarias\/cachoeira-do-sul\/wp-json\/wp\/v2\/comments?post=5893"}],"version-history":[{"count":0,"href":"https:\/\/www.ufsm.br\/unidades-universitarias\/cachoeira-do-sul\/wp-json\/wp\/v2\/posts\/5893\/revisions"}],"wp:featuredmedia":[{"embeddable":true,"href":"https:\/\/www.ufsm.br\/unidades-universitarias\/cachoeira-do-sul\/wp-json\/wp\/v2\/media\/5898"}],"wp:attachment":[{"href":"https:\/\/www.ufsm.br\/unidades-universitarias\/cachoeira-do-sul\/wp-json\/wp\/v2\/media?parent=5893"}],"wp:term":[{"taxonomy":"category","embeddable":true,"href":"https:\/\/www.ufsm.br\/unidades-universitarias\/cachoeira-do-sul\/wp-json\/wp\/v2\/categories?post=5893"},{"taxonomy":"post_tag","embeddable":true,"href":"https:\/\/www.ufsm.br\/unidades-universitarias\/cachoeira-do-sul\/wp-json\/wp\/v2\/tags?post=5893"}],"curies":[{"name":"wp","href":"https:\/\/api.w.org\/{rel}","templated":true}]}}