{"id":5916,"date":"2024-09-24T14:52:58","date_gmt":"2024-09-24T17:52:58","guid":{"rendered":"https:\/\/www.ufsm.br\/unidades-universitarias\/cachoeira-do-sul\/?p=5916"},"modified":"2024-09-24T14:52:59","modified_gmt":"2024-09-24T17:52:59","slug":"estao-abertas-as-inscricoes-para-a-selecao-publica-para-professor-substituto-do-campus-da-ufsm-em-cachoeira-do-sul-2","status":"publish","type":"post","link":"https:\/\/www.ufsm.br\/unidades-universitarias\/cachoeira-do-sul\/2024\/09\/24\/estao-abertas-as-inscricoes-para-a-selecao-publica-para-professor-substituto-do-campus-da-ufsm-em-cachoeira-do-sul-2","title":{"rendered":"Est\u00e3o abertas as inscri\u00e7\u00f5es para a Sele\u00e7\u00e3o P\u00fablica para Professor Substituto do campus da UFSM em Cachoeira do Sul"},"content":{"rendered":"\n<p>A Universidade Federal de Santa Maria informa que est\u00e3o abertas as inscri\u00e7\u00f5es para nove (9) vagas de Professor Substituto da Carreira de Magist\u00e9rio Superior na UFSM, no per\u00edodo de <strong>24\/09\/2024 a 30\/09\/2024.<\/strong>\u00a0 \u00a0 \u00a0 \u00a0<\/p>\n<p>Para o campus de Cachoeira do Sul, \u00e9 destinada (1) uma vaga, nas seguintes \u00e1reas:<\/p>\n<p>\u2013 Ci\u00eancias Sociais Aplicadas<br \/>\u2013 Arquitetura e Urbanismo<br \/>\u2013 Fundamentos de Arquitetura e Urbanismo<\/p>\n<p>As inscri\u00e7\u00f5es ser\u00e3o via\u00a0<em>internet<\/em>, no endere\u00e7o eletr\u00f4nico\u00a0<a href=\"https:\/\/www.ufsm.br\/trabalhe-na-ufsm\/\">https:\/\/www.ufsm.br\/trabalhe-na-ufsm\/<\/a>, no hor\u00e1rio estabelecido no Edital de abertura da Sele\u00e7\u00e3o.<\/p>\n<p>Para mais informa\u00e7\u00f5es sobre a Sele\u00e7\u00e3o P\u00fablica, acesse o\u00a0<a href=\"https:\/\/www.ufsm.br\/pro-reitorias\/progep\/editais\/230-2024\">link<\/a><strong>.<\/strong><\/p>\n<p>\u00a0 \u00a0 \u00a0 \u00a0 \u00a0<\/p>\n\n\n","protected":false},"excerpt":{"rendered":"<p>A Universidade Federal de Santa Maria informa que est\u00e3o abertas as inscri\u00e7\u00f5es para nove (9) vagas de Professor Substituto da Carreira de Magist\u00e9rio Superior na UFSM, no per\u00edodo de 24\/09\/2024 a 30\/09\/2024.\u00a0 \u00a0 \u00a0 \u00a0 Para o campus de Cachoeira do Sul, \u00e9 destinada (1) uma vaga, nas seguintes \u00e1reas: \u2013 Ci\u00eancias Sociais Aplicadas\u2013 Arquitetura [&hellip;]<\/p>\n","protected":false},"author":8249,"featured_media":5919,"comment_status":"closed","ping_status":"closed","sticky":false,"template":"","format":"standard","meta":{"footnotes":""},"categories":[1],"tags":[675],"class_list":["post-5916","post","type-post","status-publish","format-standard","has-post-thumbnail","hentry","category-noticias","tag-destaques"],"acf":[],"_links":{"self":[{"href":"https:\/\/www.ufsm.br\/unidades-universitarias\/cachoeira-do-sul\/wp-json\/wp\/v2\/posts\/5916","targetHints":{"allow":["GET"]}}],"collection":[{"href":"https:\/\/www.ufsm.br\/unidades-universitarias\/cachoeira-do-sul\/wp-json\/wp\/v2\/posts"}],"about":[{"href":"https:\/\/www.ufsm.br\/unidades-universitarias\/cachoeira-do-sul\/wp-json\/wp\/v2\/types\/post"}],"author":[{"embeddable":true,"href":"https:\/\/www.ufsm.br\/unidades-universitarias\/cachoeira-do-sul\/wp-json\/wp\/v2\/users\/8249"}],"replies":[{"embeddable":true,"href":"https:\/\/www.ufsm.br\/unidades-universitarias\/cachoeira-do-sul\/wp-json\/wp\/v2\/comments?post=5916"}],"version-history":[{"count":0,"href":"https:\/\/www.ufsm.br\/unidades-universitarias\/cachoeira-do-sul\/wp-json\/wp\/v2\/posts\/5916\/revisions"}],"wp:featuredmedia":[{"embeddable":true,"href":"https:\/\/www.ufsm.br\/unidades-universitarias\/cachoeira-do-sul\/wp-json\/wp\/v2\/media\/5919"}],"wp:attachment":[{"href":"https:\/\/www.ufsm.br\/unidades-universitarias\/cachoeira-do-sul\/wp-json\/wp\/v2\/media?parent=5916"}],"wp:term":[{"taxonomy":"category","embeddable":true,"href":"https:\/\/www.ufsm.br\/unidades-universitarias\/cachoeira-do-sul\/wp-json\/wp\/v2\/categories?post=5916"},{"taxonomy":"post_tag","embeddable":true,"href":"https:\/\/www.ufsm.br\/unidades-universitarias\/cachoeira-do-sul\/wp-json\/wp\/v2\/tags?post=5916"}],"curies":[{"name":"wp","href":"https:\/\/api.w.org\/{rel}","templated":true}]}}