{"id":5938,"date":"2024-09-25T13:07:35","date_gmt":"2024-09-25T16:07:35","guid":{"rendered":"https:\/\/www.ufsm.br\/unidades-universitarias\/cachoeira-do-sul\/?p=5938"},"modified":"2024-09-25T18:36:35","modified_gmt":"2024-09-25T21:36:35","slug":"nota-falta-de-energia-no-campus-da-ufsm-em-cachoeira-do-sul","status":"publish","type":"post","link":"https:\/\/www.ufsm.br\/unidades-universitarias\/cachoeira-do-sul\/2024\/09\/25\/nota-falta-de-energia-no-campus-da-ufsm-em-cachoeira-do-sul","title":{"rendered":"Nota: Falta de energia no campus da UFSM em Cachoeira do Sul"},"content":{"rendered":"\n<p>Prezada comunidade acad\u00eamica do campus da UFSM em Cachoeira do Sul.<\/p>\n<p>Informamos que hoje, dia 25 de setembro, a rede el\u00e9trica do campus foi atingida por um raio e estamos momentaneamente sem energia el\u00e9trica em todos os pr\u00e9dios do campus. A equipe da PROINFRA j\u00e1 foi contatada e est\u00e1 vindo a Cachoeira do Sul para avaliar e solucionar o problema ocorrido. A RGE tamb\u00e9m foi informada e foi protocolado pedido de urg\u00eancia, porque um poste externo tamb\u00e9m foi afetado. No momento, n\u00e3o h\u00e1 previs\u00e3o de retorno de energia el\u00e9trica.<\/p>\n<p>*Assim sendo, estamos dispensando a nossa comunidade acad\u00eamica das atividades no campus at\u00e9 que a energia seja retomada, o que ser\u00e1 informado t\u00e3o logo ocorra o reestabelecimento.*<\/p>\n<p>Aos que puderem desenvolver atividades de modo remoto relativas ao seu setor, poder\u00e3o faz\u00ea-lo. Aos que desejarem permanecer no campus para desenvolver as atividades sem energia el\u00e9trica, tamb\u00e9m poder\u00e3o faz\u00ea-lo.<\/p>\n<p>Agradecemos a compreens\u00e3o e ficamos \u00e0 disposi\u00e7\u00e3o para quaisquer esclarecimentos.<\/p>\n<p>Dire\u00e7\u00e3o do campus da UFSM em Cachoeira do Sul.<\/p>\n<p><em>Atualiza\u00e7\u00e3o: No final da tarde desta quarta-feira, dia 25, a energia foi totalmente restabelecida no campus da UFSM em Cachoeira do Sul. Assim, a partir de amanh\u00e3 (26), as atividades acad\u00eamicas e administrativas retornam presencialmente.<\/em><\/p>\n\n\n","protected":false},"excerpt":{"rendered":"<p>Prezada comunidade acad\u00eamica do campus da UFSM em Cachoeira do Sul. Informamos que hoje, dia 25 de setembro, a rede el\u00e9trica do campus foi atingida por um raio e estamos momentaneamente sem energia el\u00e9trica em todos os pr\u00e9dios do campus. A equipe da PROINFRA j\u00e1 foi contatada e est\u00e1 vindo a Cachoeira do Sul para [&hellip;]<\/p>\n","protected":false},"author":293,"featured_media":5939,"comment_status":"closed","ping_status":"closed","sticky":false,"template":"","format":"standard","meta":{"footnotes":""},"categories":[1],"tags":[],"class_list":["post-5938","post","type-post","status-publish","format-standard","has-post-thumbnail","hentry","category-noticias"],"acf":[],"_links":{"self":[{"href":"https:\/\/www.ufsm.br\/unidades-universitarias\/cachoeira-do-sul\/wp-json\/wp\/v2\/posts\/5938","targetHints":{"allow":["GET"]}}],"collection":[{"href":"https:\/\/www.ufsm.br\/unidades-universitarias\/cachoeira-do-sul\/wp-json\/wp\/v2\/posts"}],"about":[{"href":"https:\/\/www.ufsm.br\/unidades-universitarias\/cachoeira-do-sul\/wp-json\/wp\/v2\/types\/post"}],"author":[{"embeddable":true,"href":"https:\/\/www.ufsm.br\/unidades-universitarias\/cachoeira-do-sul\/wp-json\/wp\/v2\/users\/293"}],"replies":[{"embeddable":true,"href":"https:\/\/www.ufsm.br\/unidades-universitarias\/cachoeira-do-sul\/wp-json\/wp\/v2\/comments?post=5938"}],"version-history":[{"count":0,"href":"https:\/\/www.ufsm.br\/unidades-universitarias\/cachoeira-do-sul\/wp-json\/wp\/v2\/posts\/5938\/revisions"}],"wp:featuredmedia":[{"embeddable":true,"href":"https:\/\/www.ufsm.br\/unidades-universitarias\/cachoeira-do-sul\/wp-json\/wp\/v2\/media\/5939"}],"wp:attachment":[{"href":"https:\/\/www.ufsm.br\/unidades-universitarias\/cachoeira-do-sul\/wp-json\/wp\/v2\/media?parent=5938"}],"wp:term":[{"taxonomy":"category","embeddable":true,"href":"https:\/\/www.ufsm.br\/unidades-universitarias\/cachoeira-do-sul\/wp-json\/wp\/v2\/categories?post=5938"},{"taxonomy":"post_tag","embeddable":true,"href":"https:\/\/www.ufsm.br\/unidades-universitarias\/cachoeira-do-sul\/wp-json\/wp\/v2\/tags?post=5938"}],"curies":[{"name":"wp","href":"https:\/\/api.w.org\/{rel}","templated":true}]}}