{"id":5940,"date":"2024-09-25T18:41:36","date_gmt":"2024-09-25T21:41:36","guid":{"rendered":"https:\/\/www.ufsm.br\/unidades-universitarias\/cachoeira-do-sul\/?p=5940"},"modified":"2024-09-25T18:41:38","modified_gmt":"2024-09-25T21:41:38","slug":"energia-eletrica-restabelecida-no-campus-da-ufsm-em-cachoeira-do-sul","status":"publish","type":"post","link":"https:\/\/www.ufsm.br\/unidades-universitarias\/cachoeira-do-sul\/2024\/09\/25\/energia-eletrica-restabelecida-no-campus-da-ufsm-em-cachoeira-do-sul","title":{"rendered":"Energia el\u00e9trica restabelecida no campus da UFSM em Cachoeira do Sul"},"content":{"rendered":"\n<p>No final da tarde desta quarta-feira, dia 25, a energia el\u00e9trica foi totalmente restabelecida no campus da UFSM em Cachoeira do Sul. Assim, a partir de amanh\u00e3 (26), as atividades acad\u00eamicas e administrativas retornam presencialmente.<\/p>\n<p>O fornecimento de energia el\u00e9trica foi interrompido, nesta manh\u00e3, ap\u00f3s um raio atingir a rede do campus.<\/p>\n","protected":false},"excerpt":{"rendered":"<p>No final da tarde desta quarta-feira, dia 25, a energia el\u00e9trica foi totalmente restabelecida no campus da UFSM em Cachoeira do Sul. Assim, a partir de amanh\u00e3 (26), as atividades acad\u00eamicas e administrativas retornam presencialmente. O fornecimento de energia el\u00e9trica foi interrompido, nesta manh\u00e3, ap\u00f3s um raio atingir a rede do campus.<\/p>\n","protected":false},"author":293,"featured_media":0,"comment_status":"closed","ping_status":"closed","sticky":false,"template":"","format":"standard","meta":{"footnotes":""},"categories":[1],"tags":[],"class_list":["post-5940","post","type-post","status-publish","format-standard","hentry","category-noticias"],"acf":[],"_links":{"self":[{"href":"https:\/\/www.ufsm.br\/unidades-universitarias\/cachoeira-do-sul\/wp-json\/wp\/v2\/posts\/5940","targetHints":{"allow":["GET"]}}],"collection":[{"href":"https:\/\/www.ufsm.br\/unidades-universitarias\/cachoeira-do-sul\/wp-json\/wp\/v2\/posts"}],"about":[{"href":"https:\/\/www.ufsm.br\/unidades-universitarias\/cachoeira-do-sul\/wp-json\/wp\/v2\/types\/post"}],"author":[{"embeddable":true,"href":"https:\/\/www.ufsm.br\/unidades-universitarias\/cachoeira-do-sul\/wp-json\/wp\/v2\/users\/293"}],"replies":[{"embeddable":true,"href":"https:\/\/www.ufsm.br\/unidades-universitarias\/cachoeira-do-sul\/wp-json\/wp\/v2\/comments?post=5940"}],"version-history":[{"count":0,"href":"https:\/\/www.ufsm.br\/unidades-universitarias\/cachoeira-do-sul\/wp-json\/wp\/v2\/posts\/5940\/revisions"}],"wp:attachment":[{"href":"https:\/\/www.ufsm.br\/unidades-universitarias\/cachoeira-do-sul\/wp-json\/wp\/v2\/media?parent=5940"}],"wp:term":[{"taxonomy":"category","embeddable":true,"href":"https:\/\/www.ufsm.br\/unidades-universitarias\/cachoeira-do-sul\/wp-json\/wp\/v2\/categories?post=5940"},{"taxonomy":"post_tag","embeddable":true,"href":"https:\/\/www.ufsm.br\/unidades-universitarias\/cachoeira-do-sul\/wp-json\/wp\/v2\/tags?post=5940"}],"curies":[{"name":"wp","href":"https:\/\/api.w.org\/{rel}","templated":true}]}}