{"id":5981,"date":"2024-10-07T13:49:29","date_gmt":"2024-10-07T16:49:29","guid":{"rendered":"https:\/\/www.ufsm.br\/unidades-universitarias\/cachoeira-do-sul\/?p=5981"},"modified":"2024-10-16T16:00:28","modified_gmt":"2024-10-16T19:00:28","slug":"dia-de-campo-de-inverno-inovacoes-no-cultivo-de-trigo-e-sustentabilidade","status":"publish","type":"post","link":"https:\/\/www.ufsm.br\/unidades-universitarias\/cachoeira-do-sul\/2024\/10\/07\/dia-de-campo-de-inverno-inovacoes-no-cultivo-de-trigo-e-sustentabilidade","title":{"rendered":"Dia de Campo de Inverno: Inova\u00e7\u00f5es no cultivo de trigo e Sustentabilidade"},"content":{"rendered":"\n<p class=\"wp-block-paragraph\">No pr\u00f3ximo dia 22 de outubro, a partir das 14h, acontecer\u00e1 o Dia de Campo de Inverno, um evento voltado para o setor agr\u00edcola, realizado na \u00e1rea experimental da UFSM em Cachoeira do Sul. O evento reunir\u00e1 produtores, t\u00e9cnicos, professores, alunos e interessados para explorar as mais recentes inova\u00e7\u00f5es no cultivo de trigo e manejo sustent\u00e1vel. Ser\u00e1 uma oportunidade imperd\u00edvel para conhecer de perto solu\u00e7\u00f5es tecnol\u00f3gicas que est\u00e3o impactando o agroneg\u00f3cio e impulsionado a produtividade no campo.<\/p>\n\n\n\n<p class=\"wp-block-paragraph\">O destaque do dia ser\u00e1 a visita\u00e7\u00e3o a seis esta\u00e7\u00f5es experimentais, onde ser\u00e3o apresentadas 22 cultivares de trigo na vitrine. Al\u00e9m das variedades, os visitantes poder\u00e3o observar e discutir manejos de produtos biol\u00f3gicos e suplementa\u00e7\u00e3o luminosa, t\u00e9cnicas inovadoras com grande potencial de aumentar a produtividade de maneira sustent\u00e1vel.<\/p>\n\n\n\n<p class=\"wp-block-paragraph\">O evento ser\u00e1 dividido em duas \u00e1reas principais: um tour guiado pelas esta\u00e7\u00f5es experimentais e uma \u00e1rea de conviv\u00eancia e exposi\u00e7\u00e3o, onde diversas empresas estar\u00e3o apresentando seus produtos e solu\u00e7\u00f5es para o agroneg\u00f3cio. Os participantes poder\u00e3o interagir com essas empresas, trocar experi\u00eancias e explorar novas oportunidades de neg\u00f3cios. Estima-se a presen\u00e7a de mais de 150 pessoas.<\/p>\n\n\n\n<p class=\"wp-block-paragraph\">A pr\u00e9-inscri\u00e7\u00e3o pode ser feita atrav\u00e9s deste <a href=\"https:\/\/docs.google.com\/forms\/d\/e\/1FAIpQLSeyORJItCyb0zS3xJ1ZIVzgoajYoezK6W9BWx4Yvom2yI4EWw\/viewform\">link<\/a>. A previs\u00e3o do t\u00e9rmino \u00e9 at\u00e9 as 18h, e ao final das atividades, ser\u00e1 servido um delicioso coffee break, proporcionando um momento de descontra\u00e7\u00e3o e networking.O evento conta com o apoio de importantes empresas do setor agr\u00edcola, como Sicredi, Tritec, Afubra, Bionat, Biotrigo, Spray Expert, Divinut e Sementes Estrela, que foram essenciais para a sua realiza\u00e7\u00e3o.<\/p>\n\n\n\n<p class=\"wp-block-paragraph\">N\u00e3o perca essa oportunidade de se atualizar e trocar experi\u00eancias. Nos vemos l\u00e1!<\/p>\n\n\n","protected":false},"excerpt":{"rendered":"<p>No pr\u00f3ximo dia 22 de outubro, a partir das 14h, acontecer\u00e1 o Dia de Campo de Inverno, um evento voltado para o setor agr\u00edcola, realizado na \u00e1rea experimental da UFSM em Cachoeira do Sul. O evento reunir\u00e1 produtores, t\u00e9cnicos, professores, alunos e interessados para explorar as mais recentes inova\u00e7\u00f5es no cultivo de trigo e manejo [&hellip;]<\/p>\n","protected":false},"author":8249,"featured_media":5982,"comment_status":"closed","ping_status":"closed","sticky":false,"template":"","format":"standard","meta":{"footnotes":""},"categories":[1],"tags":[675],"class_list":["post-5981","post","type-post","status-publish","format-standard","has-post-thumbnail","hentry","category-noticias","tag-destaques"],"acf":[],"_links":{"self":[{"href":"https:\/\/www.ufsm.br\/unidades-universitarias\/cachoeira-do-sul\/wp-json\/wp\/v2\/posts\/5981","targetHints":{"allow":["GET"]}}],"collection":[{"href":"https:\/\/www.ufsm.br\/unidades-universitarias\/cachoeira-do-sul\/wp-json\/wp\/v2\/posts"}],"about":[{"href":"https:\/\/www.ufsm.br\/unidades-universitarias\/cachoeira-do-sul\/wp-json\/wp\/v2\/types\/post"}],"author":[{"embeddable":true,"href":"https:\/\/www.ufsm.br\/unidades-universitarias\/cachoeira-do-sul\/wp-json\/wp\/v2\/users\/8249"}],"replies":[{"embeddable":true,"href":"https:\/\/www.ufsm.br\/unidades-universitarias\/cachoeira-do-sul\/wp-json\/wp\/v2\/comments?post=5981"}],"version-history":[{"count":0,"href":"https:\/\/www.ufsm.br\/unidades-universitarias\/cachoeira-do-sul\/wp-json\/wp\/v2\/posts\/5981\/revisions"}],"wp:featuredmedia":[{"embeddable":true,"href":"https:\/\/www.ufsm.br\/unidades-universitarias\/cachoeira-do-sul\/wp-json\/wp\/v2\/media\/5982"}],"wp:attachment":[{"href":"https:\/\/www.ufsm.br\/unidades-universitarias\/cachoeira-do-sul\/wp-json\/wp\/v2\/media?parent=5981"}],"wp:term":[{"taxonomy":"category","embeddable":true,"href":"https:\/\/www.ufsm.br\/unidades-universitarias\/cachoeira-do-sul\/wp-json\/wp\/v2\/categories?post=5981"},{"taxonomy":"post_tag","embeddable":true,"href":"https:\/\/www.ufsm.br\/unidades-universitarias\/cachoeira-do-sul\/wp-json\/wp\/v2\/tags?post=5981"}],"curies":[{"name":"wp","href":"https:\/\/api.w.org\/{rel}","templated":true}]}}