{"id":5983,"date":"2024-10-09T17:11:45","date_gmt":"2024-10-09T20:11:45","guid":{"rendered":"https:\/\/www.ufsm.br\/unidades-universitarias\/cachoeira-do-sul\/?p=5983"},"modified":"2024-10-09T17:20:04","modified_gmt":"2024-10-09T20:20:04","slug":"orquestrando-o-rio-grande-chega-em-cachoeira-do-sul","status":"publish","type":"post","link":"https:\/\/www.ufsm.br\/unidades-universitarias\/cachoeira-do-sul\/2024\/10\/09\/orquestrando-o-rio-grande-chega-em-cachoeira-do-sul","title":{"rendered":"Orquestrando o Rio Grande chega em Cachoeira do Sul"},"content":{"rendered":"\n<figure id=\"attachment_5987\" aria-describedby=\"caption-attachment-5987\" style=\"width: 300px\" class=\"wp-caption alignright\"><img fetchpriority=\"high\" decoding=\"async\" class=\"wp-image-5987 size-medium\" src=\"https:\/\/www.ufsm.br\/app\/uploads\/sites\/376\/2024\/10\/IMG_2550-e1728505166964-300x300.jpg\" alt=\"\" width=\"300\" height=\"300\" srcset=\"https:\/\/www.ufsm.br\/app\/uploads\/sites\/376\/2024\/10\/IMG_2550-e1728505166964-300x300.jpg 300w, https:\/\/www.ufsm.br\/app\/uploads\/sites\/376\/2024\/10\/IMG_2550-e1728505166964-1020x1024.jpg 1020w, https:\/\/www.ufsm.br\/app\/uploads\/sites\/376\/2024\/10\/IMG_2550-e1728505166964-150x150.jpg 150w, https:\/\/www.ufsm.br\/app\/uploads\/sites\/376\/2024\/10\/IMG_2550-e1728505166964-768x771.jpg 768w, https:\/\/www.ufsm.br\/app\/uploads\/sites\/376\/2024\/10\/IMG_2550-e1728505166964-1530x1536.jpg 1530w, https:\/\/www.ufsm.br\/app\/uploads\/sites\/376\/2024\/10\/IMG_2550-e1728505166964.jpg 1920w\" sizes=\"(max-width: 300px) 100vw, 300px\" \/><figcaption id=\"caption-attachment-5987\" class=\"wp-caption-text\">Foto: Orquestra Sinf\u00f4nica de Santa Maria\/OqSSM<\/figcaption><\/figure>\n<p><span style=\"font-weight: 400\">Orquestra Sinf\u00f4nica de Santa Maria encantou em concerto na Sociedade Rio Branco na noite da \u00faltima ter\u00e7a-feira (8).<\/span><\/p>\n<p><span style=\"font-weight: 400\">Na noite de ontem, ter\u00e7a-feira (8), a Orquestra Sinf\u00f4nica de Santa Maria, projeto de extens\u00e3o da UFSM, promoveu mais um concerto na cidade de Cachoeira do Sul. O evento, ocorrido no sal\u00e3o principal da Sociedade Rio Branco, foi oferecido pela UFSM &#8211; Campus Cachoeira e pela Pr\u00f3 Reitoria de Extens\u00e3o (PRE) de forma gratuita \u00e0 comunidade cachoeirense.<\/span><\/p>\n<p><span style=\"font-weight: 400\">O repert\u00f3rio da apresenta\u00e7\u00e3o, selecinado pelo maestro Jo\u00e3o Batista Sartor, foi variado entre pe\u00e7as mais cl\u00e1ssicas, como o Ato I e II da\u00a0 Sinfonia No.9 de Beethoven at\u00e9 obras latinas, como as Dan\u00e7as do Bal\u00e9 Est\u00e2ncia, do argentino Alberto Ginastera e a Danz\u00f3n No.2, do mexicano Arturo M\u00e1rquez. Al\u00e9m disso, o concerto contou com a participa\u00e7\u00e3o especial do egresso do curso de M\u00fasica da UFSM, Dilber Alonso, que conduziu uma das m\u00fasicas apresentadas.<\/span><\/p>\n<p><span style=\"font-weight: 400\">A Orquestra \u00e9 formada por cerca de 50 integrantes, que variam entre alunos do curso de M\u00fasica da UFSM e egressos. Mesmo realizando a maioria de seus concertos anuais no Centro de Conven\u00e7\u00f5es do Campus Sede da UFSM, existe o objetivo de visitar os outros Campus da Universidade durante o ano. Nas palavras do Pr\u00f3-Reitor de Extens\u00e3o, o professor Flavi Ferreira Lisboa Filho<\/span><span style=\"font-weight: 400\">, no ato de abertura da apresenta\u00e7\u00e3o, \u201c\u00e9 importante que a Universidade contribua para a democratiza\u00e7\u00e3o do acesso \u00e0 cultura em todas as regi\u00f5es que a UFSM contempla\u201d.\u00a0<\/span><\/p>\n<p>\u00a0<\/p>\n<p><b>O que mais esperar da Orquestra de Santa Maria?<\/b><\/p>\n<p><span style=\"font-weight: 400\">Durante o ano, a Orquestra promove diversos tipos de concertos, em agosto deste ano, promoveu a livre adapta\u00e7\u00e3o do musical \u201cO Fantasma da \u00d3pera\u201d. Devido ao sucesso da adapta\u00e7\u00e3o da obra, o maestro Jo\u00e3o Batista Sartor, revelou que pretende adaptar outros musicais, e que, entre as possibilidades, a \u201cBela e a Fera\u201d pode ser o pr\u00f3ximo.<\/span><\/p>\n<p><span style=\"font-weight: 400\">No dia 13 de outubro, \u00e0s 16h, a Orquestra Sinf\u00f4nica de Santa Maria apresenta o concerto \u201cOrquestrando o Rio Grande\u201d na cidade de Frederico <\/span><span style=\"font-weight: 400\">Westphalen, tamb\u00e9m contemplada com um Campus UFSM. O evento acontecer\u00e1 na Catedral Santo Ant\u00f4nio.<\/span><\/p>\n<p>\u00a0<\/p>\n<p><span style=\"font-weight: 400\">texto: Clarisse Amaral, bolsista Ag\u00eancia de Not\u00edcias UFSM.<\/span><\/p>\n","protected":false},"excerpt":{"rendered":"<p>Orquestra Sinf\u00f4nica de Santa Maria encantou em concerto na Sociedade Rio Branco na noite da \u00faltima ter\u00e7a-feira (8). Na noite de ontem, ter\u00e7a-feira (8), a Orquestra Sinf\u00f4nica de Santa Maria, projeto de extens\u00e3o da UFSM, promoveu mais um concerto na cidade de Cachoeira do Sul. O evento, ocorrido no sal\u00e3o principal da Sociedade Rio Branco, [&hellip;]<\/p>\n","protected":false},"author":8249,"featured_media":5984,"comment_status":"closed","ping_status":"closed","sticky":false,"template":"","format":"standard","meta":{"footnotes":""},"categories":[1],"tags":[675],"class_list":["post-5983","post","type-post","status-publish","format-standard","has-post-thumbnail","hentry","category-noticias","tag-destaques"],"acf":[],"_links":{"self":[{"href":"https:\/\/www.ufsm.br\/unidades-universitarias\/cachoeira-do-sul\/wp-json\/wp\/v2\/posts\/5983","targetHints":{"allow":["GET"]}}],"collection":[{"href":"https:\/\/www.ufsm.br\/unidades-universitarias\/cachoeira-do-sul\/wp-json\/wp\/v2\/posts"}],"about":[{"href":"https:\/\/www.ufsm.br\/unidades-universitarias\/cachoeira-do-sul\/wp-json\/wp\/v2\/types\/post"}],"author":[{"embeddable":true,"href":"https:\/\/www.ufsm.br\/unidades-universitarias\/cachoeira-do-sul\/wp-json\/wp\/v2\/users\/8249"}],"replies":[{"embeddable":true,"href":"https:\/\/www.ufsm.br\/unidades-universitarias\/cachoeira-do-sul\/wp-json\/wp\/v2\/comments?post=5983"}],"version-history":[{"count":0,"href":"https:\/\/www.ufsm.br\/unidades-universitarias\/cachoeira-do-sul\/wp-json\/wp\/v2\/posts\/5983\/revisions"}],"wp:featuredmedia":[{"embeddable":true,"href":"https:\/\/www.ufsm.br\/unidades-universitarias\/cachoeira-do-sul\/wp-json\/wp\/v2\/media\/5984"}],"wp:attachment":[{"href":"https:\/\/www.ufsm.br\/unidades-universitarias\/cachoeira-do-sul\/wp-json\/wp\/v2\/media?parent=5983"}],"wp:term":[{"taxonomy":"category","embeddable":true,"href":"https:\/\/www.ufsm.br\/unidades-universitarias\/cachoeira-do-sul\/wp-json\/wp\/v2\/categories?post=5983"},{"taxonomy":"post_tag","embeddable":true,"href":"https:\/\/www.ufsm.br\/unidades-universitarias\/cachoeira-do-sul\/wp-json\/wp\/v2\/tags?post=5983"}],"curies":[{"name":"wp","href":"https:\/\/api.w.org\/{rel}","templated":true}]}}