{"id":5991,"date":"2024-10-10T15:31:18","date_gmt":"2024-10-10T18:31:18","guid":{"rendered":"https:\/\/www.ufsm.br\/unidades-universitarias\/cachoeira-do-sul\/?p=5991"},"modified":"2024-10-10T15:31:20","modified_gmt":"2024-10-10T18:31:20","slug":"transformar-encontro-de-formacao-de-professores","status":"publish","type":"post","link":"https:\/\/www.ufsm.br\/unidades-universitarias\/cachoeira-do-sul\/2024\/10\/10\/transformar-encontro-de-formacao-de-professores","title":{"rendered":"Transformar: Encontro de forma\u00e7\u00e3o de professores"},"content":{"rendered":"\n<p><img fetchpriority=\"high\" decoding=\"async\" class=\"size-medium wp-image-5994 alignleft\" src=\"https:\/\/www.ufsm.br\/app\/uploads\/sites\/376\/2024\/10\/IMG-20241007-WA0023-2-300x225.jpg\" alt=\"\" width=\"300\" height=\"225\" srcset=\"https:\/\/www.ufsm.br\/app\/uploads\/sites\/376\/2024\/10\/IMG-20241007-WA0023-2-300x225.jpg 300w, https:\/\/www.ufsm.br\/app\/uploads\/sites\/376\/2024\/10\/IMG-20241007-WA0023-2-1024x768.jpg 1024w, https:\/\/www.ufsm.br\/app\/uploads\/sites\/376\/2024\/10\/IMG-20241007-WA0023-2-768x576.jpg 768w, https:\/\/www.ufsm.br\/app\/uploads\/sites\/376\/2024\/10\/IMG-20241007-WA0023-2-1536x1152.jpg 1536w, https:\/\/www.ufsm.br\/app\/uploads\/sites\/376\/2024\/10\/IMG-20241007-WA0023-2.jpg 1600w\" sizes=\"(max-width: 300px) 100vw, 300px\" \/>Na \u00faltima segunda-feira, dia 7 de outubro, o campus da Universidade, em parceria com a Secretaria Municipal de Educa\u00e7\u00e3o, realizou a atividade \u201cTransformar, M\u00f3dulo II &#8211; Aprendizagem em 3D: Explorando Conceitos com Cria\u00e7\u00e3o Digital e Impress\u00e3o 3D\u201d, como parte do projeto de extens\u00e3o \u201cA\u00e7\u00f5es e Pr\u00e1ticas Sustent\u00e1veis na Educa\u00e7\u00e3o Ambiental\u201d. O evento, ministrado pela professora Cl\u00e1udia Brum de Oliveira Fogliarini Filha, contou com a participa\u00e7\u00e3o de cerca de 25 pessoas.<\/p>\n<p>A programa\u00e7\u00e3o foi dividida em duas etapas: modelagem digital e impress\u00e3o 3D, seguidas de uma an\u00e1lise dos objetos produzidos. Pela manh\u00e3, os professores da rede p\u00fablica municipal participaram de todas as etapas, desde a cria\u00e7\u00e3o dos modelos at\u00e9 a impress\u00e3o. \u00c0 tarde, a atividade foi voltada aos graduandos e \u00e0 comunidade acad\u00eamica da UFSM, campus de Cachoeira do Sul, que tamb\u00e9m realizaram as duas fases da programa\u00e7\u00e3o.<\/p>\n<p>O curso mostrou as diversas possibilidades da impress\u00e3o 3D, com destaque para a cria\u00e7\u00e3o de pe\u00e7as para jogos pedag\u00f3gicos que podem ser aplicados em sala de aula, tanto no ensino de matem\u00e1tica quanto em outras \u00e1reas do conhecimento. Um dos objetivos \u00e9 apresentar essas possibilidades para os professores da rede municipal, estimulando o uso de recursos tecnol\u00f3gicos inovadores no contexto educacional.<img decoding=\"async\" class=\"size-medium wp-image-5995 alignright\" src=\"https:\/\/www.ufsm.br\/app\/uploads\/sites\/376\/2024\/10\/Sem-titulo-300x153.jpg\" alt=\"\" width=\"300\" height=\"153\" srcset=\"https:\/\/www.ufsm.br\/app\/uploads\/sites\/376\/2024\/10\/Sem-titulo-300x153.jpg 300w, https:\/\/www.ufsm.br\/app\/uploads\/sites\/376\/2024\/10\/Sem-titulo-1024x522.jpg 1024w, https:\/\/www.ufsm.br\/app\/uploads\/sites\/376\/2024\/10\/Sem-titulo-768x391.jpg 768w, https:\/\/www.ufsm.br\/app\/uploads\/sites\/376\/2024\/10\/Sem-titulo.jpg 1272w\" sizes=\"(max-width: 300px) 100vw, 300px\" \/><\/p>\n<p>Coordenado pelas professoras Deise Cirolini, Lucin\u00e9ia Fabris e Mariana Vieira Coronas, todas docentes da UFSM &#8211; Cachoeira do Sul, o projeto busca integrar novas tecnologias ao ensino, com foco em pr\u00e1ticas pedag\u00f3gicas sustent\u00e1veis. A realiza\u00e7\u00e3o desta atividade evidenciou o potencial da impress\u00e3o 3D para criar ferramentas inovadoras aplic\u00e1veis em diversas \u00e1reas do conhecimento. Para novembro, durante a Semana da Jornada Acad\u00eamica Integrada (JAI), j\u00e1 est\u00e1 sendo planejado o terceiro m\u00f3dulo do curso, dando continuidade ao desenvolvimento e aprimoramento dessas pr\u00e1ticas.<\/p>\n\n\n\n\n","protected":false},"excerpt":{"rendered":"<p>M\u00f3dulo II &#8211; Aprendizagem em 3D: Explorando Conceitos com Cria\u00e7\u00e3o Digital e Impress\u00e3o 3D<\/p>\n","protected":false},"author":8249,"featured_media":5997,"comment_status":"closed","ping_status":"closed","sticky":false,"template":"","format":"standard","meta":{"footnotes":""},"categories":[1],"tags":[675],"class_list":["post-5991","post","type-post","status-publish","format-standard","has-post-thumbnail","hentry","category-noticias","tag-destaques"],"acf":[],"_links":{"self":[{"href":"https:\/\/www.ufsm.br\/unidades-universitarias\/cachoeira-do-sul\/wp-json\/wp\/v2\/posts\/5991","targetHints":{"allow":["GET"]}}],"collection":[{"href":"https:\/\/www.ufsm.br\/unidades-universitarias\/cachoeira-do-sul\/wp-json\/wp\/v2\/posts"}],"about":[{"href":"https:\/\/www.ufsm.br\/unidades-universitarias\/cachoeira-do-sul\/wp-json\/wp\/v2\/types\/post"}],"author":[{"embeddable":true,"href":"https:\/\/www.ufsm.br\/unidades-universitarias\/cachoeira-do-sul\/wp-json\/wp\/v2\/users\/8249"}],"replies":[{"embeddable":true,"href":"https:\/\/www.ufsm.br\/unidades-universitarias\/cachoeira-do-sul\/wp-json\/wp\/v2\/comments?post=5991"}],"version-history":[{"count":0,"href":"https:\/\/www.ufsm.br\/unidades-universitarias\/cachoeira-do-sul\/wp-json\/wp\/v2\/posts\/5991\/revisions"}],"wp:featuredmedia":[{"embeddable":true,"href":"https:\/\/www.ufsm.br\/unidades-universitarias\/cachoeira-do-sul\/wp-json\/wp\/v2\/media\/5997"}],"wp:attachment":[{"href":"https:\/\/www.ufsm.br\/unidades-universitarias\/cachoeira-do-sul\/wp-json\/wp\/v2\/media?parent=5991"}],"wp:term":[{"taxonomy":"category","embeddable":true,"href":"https:\/\/www.ufsm.br\/unidades-universitarias\/cachoeira-do-sul\/wp-json\/wp\/v2\/categories?post=5991"},{"taxonomy":"post_tag","embeddable":true,"href":"https:\/\/www.ufsm.br\/unidades-universitarias\/cachoeira-do-sul\/wp-json\/wp\/v2\/tags?post=5991"}],"curies":[{"name":"wp","href":"https:\/\/api.w.org\/{rel}","templated":true}]}}