{"id":6023,"date":"2024-10-29T10:10:01","date_gmt":"2024-10-29T13:10:01","guid":{"rendered":"https:\/\/www.ufsm.br\/unidades-universitarias\/cachoeira-do-sul\/?p=6023"},"modified":"2024-10-29T10:10:03","modified_gmt":"2024-10-29T13:10:03","slug":"revista-arco-da-ufsm-traz-a-cachoeira-do-sul-exposicao-itinerante-e-oficina-de-divulgacao-cientifica","status":"publish","type":"post","link":"https:\/\/www.ufsm.br\/unidades-universitarias\/cachoeira-do-sul\/2024\/10\/29\/revista-arco-da-ufsm-traz-a-cachoeira-do-sul-exposicao-itinerante-e-oficina-de-divulgacao-cientifica","title":{"rendered":"Revista Arco da UFSM traz a Cachoeira do Sul exposi\u00e7\u00e3o itinerante e Oficina de Divulga\u00e7\u00e3o Cient\u00edfica"},"content":{"rendered":"\n<p><span style=\"font-weight: 400\">A revista de jornalismo cient\u00edfico e cultural Arco da UFSM realizar\u00e1 uma exposi\u00e7\u00e3o itinerante no hall da Biblioteca Setorial do campus de Cachoeira do Sul, entre os dias 4 e 8 de novembro. A mostra traz 19 capas e ilustra\u00e7\u00f5es selecionadas, que representam reportagens marcantes e refletem a trajet\u00f3ria da publica\u00e7\u00e3o em seus primeiros 10 anos de hist\u00f3ria.<\/span><\/p>\n<p><span style=\"font-weight: 400\">No dia 04 de novembro, \u00e0s 14h, no Audit\u00f3rio do Pr\u00e9dio C3, o campus da UFSM em Cachoeira do Sul tamb\u00e9m receber\u00e1 a Oficina de Divulga\u00e7\u00e3o Cient\u00edfica. A oficina ser\u00e1 ministrada pelos jornalistas da UFSM, Luciane Treulieb e Jo\u00e3o Ricardo Gazzaneo. Durante a oficina tamb\u00e9m ser\u00e1 apresentado o Guia de Divulga\u00e7\u00e3o Cient\u00edfica da UFSM. A publica\u00e7\u00e3o \u00e9 uma parceria entre a Coordenadoria de Comunica\u00e7\u00e3o da UFSM e a Pr\u00f3-Reitoria de Extens\u00e3o. Para se inscrever na oficina basta preencher o <\/span><a href=\"https:\/\/docs.google.com\/forms\/d\/1e8ld8mjKtMqspUhqFQu6AmphDaLWepyk92afL5W0UjU\/viewform?edit_requested=true\"><span style=\"font-weight: 400\">formul\u00e1rio<\/span><\/a><span style=\"font-weight: 400\">.<\/span><\/p>\n<p><span style=\"font-weight: 400\">Desde 2013, a Arco \u00e9 desenvolvida pela Coordenadoria de Comunica\u00e7\u00e3o Social da UFSM, dedicando-se a divulgar pesquisas e projetos da universidade ao p\u00fablico em geral. A revista aproxima a sociedade dos estudos cient\u00edficos, traduzindo informa\u00e7\u00f5es complexas em uma linguagem acess\u00edvel e atraente. Por meio de capas e ilustra\u00e7\u00f5es que abordam temas como sa\u00fade mental, diversidade, acessibilidade, esporte, intelig\u00eancia artificial, astrofotografia e envelhecimento, a exposi\u00e7\u00e3o oferece um panorama dos assuntos j\u00e1 debatidos pela revista.<\/span><\/p>\n","protected":false},"excerpt":{"rendered":"<p>A revista de jornalismo cient\u00edfico e cultural Arco da UFSM realizar\u00e1 uma exposi\u00e7\u00e3o itinerante no hall da Biblioteca Setorial do campus de Cachoeira do Sul, entre os dias 4 e 8 de novembro. A mostra traz 19 capas e ilustra\u00e7\u00f5es selecionadas, que representam reportagens marcantes e refletem a trajet\u00f3ria da publica\u00e7\u00e3o em seus primeiros 10 [&hellip;]<\/p>\n","protected":false},"author":8249,"featured_media":6021,"comment_status":"closed","ping_status":"closed","sticky":false,"template":"","format":"standard","meta":{"footnotes":""},"categories":[1],"tags":[675],"class_list":["post-6023","post","type-post","status-publish","format-standard","has-post-thumbnail","hentry","category-noticias","tag-destaques"],"acf":[],"_links":{"self":[{"href":"https:\/\/www.ufsm.br\/unidades-universitarias\/cachoeira-do-sul\/wp-json\/wp\/v2\/posts\/6023","targetHints":{"allow":["GET"]}}],"collection":[{"href":"https:\/\/www.ufsm.br\/unidades-universitarias\/cachoeira-do-sul\/wp-json\/wp\/v2\/posts"}],"about":[{"href":"https:\/\/www.ufsm.br\/unidades-universitarias\/cachoeira-do-sul\/wp-json\/wp\/v2\/types\/post"}],"author":[{"embeddable":true,"href":"https:\/\/www.ufsm.br\/unidades-universitarias\/cachoeira-do-sul\/wp-json\/wp\/v2\/users\/8249"}],"replies":[{"embeddable":true,"href":"https:\/\/www.ufsm.br\/unidades-universitarias\/cachoeira-do-sul\/wp-json\/wp\/v2\/comments?post=6023"}],"version-history":[{"count":0,"href":"https:\/\/www.ufsm.br\/unidades-universitarias\/cachoeira-do-sul\/wp-json\/wp\/v2\/posts\/6023\/revisions"}],"wp:featuredmedia":[{"embeddable":true,"href":"https:\/\/www.ufsm.br\/unidades-universitarias\/cachoeira-do-sul\/wp-json\/wp\/v2\/media\/6021"}],"wp:attachment":[{"href":"https:\/\/www.ufsm.br\/unidades-universitarias\/cachoeira-do-sul\/wp-json\/wp\/v2\/media?parent=6023"}],"wp:term":[{"taxonomy":"category","embeddable":true,"href":"https:\/\/www.ufsm.br\/unidades-universitarias\/cachoeira-do-sul\/wp-json\/wp\/v2\/categories?post=6023"},{"taxonomy":"post_tag","embeddable":true,"href":"https:\/\/www.ufsm.br\/unidades-universitarias\/cachoeira-do-sul\/wp-json\/wp\/v2\/tags?post=6023"}],"curies":[{"name":"wp","href":"https:\/\/api.w.org\/{rel}","templated":true}]}}