{"id":6028,"date":"2024-10-30T09:12:57","date_gmt":"2024-10-30T12:12:57","guid":{"rendered":"https:\/\/www.ufsm.br\/unidades-universitarias\/cachoeira-do-sul\/?p=6028"},"modified":"2024-10-30T09:14:42","modified_gmt":"2024-10-30T12:14:42","slug":"projetos-da-ufsm-cs-participam-da-2a-edicao-do-cachoeira-tech","status":"publish","type":"post","link":"https:\/\/www.ufsm.br\/unidades-universitarias\/cachoeira-do-sul\/2024\/10\/30\/projetos-da-ufsm-cs-participam-da-2a-edicao-do-cachoeira-tech","title":{"rendered":"Projetos da UFSM-CS participam da 2\u00aa edi\u00e7\u00e3o do Cachoeira Tech"},"content":{"rendered":"\n<p><span style=\"font-weight: 400\">Nos dias 23 e 24 de outubro, das 9h30 \u00e0s 22h, a cidade de Cachoeira do Sul foi palco da 2\u00aa edi\u00e7\u00e3o do Cachoeira Tech, um evento que reuniu inova\u00e7\u00e3o, tecnologia e educa\u00e7\u00e3o. A UFSM-Cachoeira do Sul marcou presen\u00e7a com diversos projetos acad\u00eamicos e iniciativas de destaque, contribuindo para as discuss\u00f5es e o desenvolvimento de solu\u00e7\u00f5es voltadas ao setor tecnol\u00f3gico e empreendedor.<\/span><\/p>\n<p><span style=\"font-weight: 400\"><img fetchpriority=\"high\" decoding=\"async\" class=\"wp-image-6029 alignright\" src=\"https:\/\/www.ufsm.br\/app\/uploads\/sites\/376\/2024\/10\/20241024_200229-300x169.jpg\" alt=\"\" width=\"327\" height=\"184\" srcset=\"https:\/\/www.ufsm.br\/app\/uploads\/sites\/376\/2024\/10\/20241024_200229-300x169.jpg 300w, https:\/\/www.ufsm.br\/app\/uploads\/sites\/376\/2024\/10\/20241024_200229-1024x576.jpg 1024w, https:\/\/www.ufsm.br\/app\/uploads\/sites\/376\/2024\/10\/20241024_200229-768x432.jpg 768w, https:\/\/www.ufsm.br\/app\/uploads\/sites\/376\/2024\/10\/20241024_200229-1536x864.jpg 1536w, https:\/\/www.ufsm.br\/app\/uploads\/sites\/376\/2024\/10\/20241024_200229.jpg 1920w\" sizes=\"(max-width: 327px) 100vw, 327px\" \/>O evento ofereceu uma programa\u00e7\u00e3o diversificada, incluindo oficinas, palestras e exposi\u00e7\u00f5es, abrangendo temas como intelig\u00eancia artificial na educa\u00e7\u00e3o e programa\u00e7\u00e3o e mercados em expans\u00e3o. Entre os destaques da programa\u00e7\u00e3o,\u00a0 est\u00e1 a sess\u00e3o \u201cTecnologia e Inova\u00e7\u00e3o, Incubadora\u201d apresentada pelos servidores da Pr\u00f3-reitoria de Inova\u00e7\u00e3o e Empreendedorismo (Proinova), Anderson Cardozo Paim e Maria Daniele Dutra. Maria Daniele \u00e9 gerente do InovaTec UFSM Parque Tecnol\u00f3gico, atuando no processo de implanta\u00e7\u00e3o do Parque Tecnol\u00f3gico da UFSM. J\u00e1 Anderson Paim \u00e9 Chefe do N\u00facleo de Gest\u00e3o de Incubadoras Tecnol\u00f3gicas, al\u00e9m de gestor da Pulsar Incubadora Tecnol\u00f3gica da UFSM e ajuda a alavancar as startups do habitat de inova\u00e7\u00e3o.<\/span><\/p>\n<p><span style=\"font-weight: 400\">A sess\u00e3o iniciou com uma fala do diretor do campus da UFSM em Cachoeira do Sul, Anderson Dal Molin, que apresentou brevemente os cursos que o campus oferece e os sistemas de ingressos na Universidade. Ap\u00f3s a fala do diretor, Anderson Paim e Daniele Dutra apresentaram a estrutura da Proinova, de seu Parque Tecnol\u00f3gico e da Incubadora Pulsar. Na oportunidade, eles tamb\u00e9m explicaram as particularidades de cada estrutura, n\u00fameros e exemplos de startups e empresas que fizeram e\/ou ainda fazem parte do Inovatec UFSM.\u00a0<\/span><\/p>\n<p><span style=\"font-weight: 400\"><img decoding=\"async\" class=\"size-medium wp-image-6033 alignleft\" src=\"https:\/\/www.ufsm.br\/app\/uploads\/sites\/376\/2024\/10\/WhatsApp-Image-2024-10-24-at-10.01.39-300x169.jpeg\" alt=\"\" width=\"300\" height=\"169\" srcset=\"https:\/\/www.ufsm.br\/app\/uploads\/sites\/376\/2024\/10\/WhatsApp-Image-2024-10-24-at-10.01.39-300x169.jpeg 300w, https:\/\/www.ufsm.br\/app\/uploads\/sites\/376\/2024\/10\/WhatsApp-Image-2024-10-24-at-10.01.39-1024x576.jpeg 1024w, https:\/\/www.ufsm.br\/app\/uploads\/sites\/376\/2024\/10\/WhatsApp-Image-2024-10-24-at-10.01.39-768x432.jpeg 768w, https:\/\/www.ufsm.br\/app\/uploads\/sites\/376\/2024\/10\/WhatsApp-Image-2024-10-24-at-10.01.39.jpeg 1280w\" sizes=\"(max-width: 300px) 100vw, 300px\" \/>Entre os projetos expostos pela UFSM-CS durante o evento, estava \u201cSimuladores de dire\u00e7\u00e3o como ferramentas estrat\u00e9gicas no planejamento urbano e na integra\u00e7\u00e3o de ve\u00edculos aut\u00f4nomos no Brasil\u201d, desenvolvido pelo laborat\u00f3rio multidisciplinar do N\u00facleo de Ve\u00edculos Aut\u00f4nomos (NVA). O projeto utiliza um simulador de dire\u00e7\u00e3o para replicar a cidade de Cachoeira do Sul em ambiente computacional. A partir dessas simula\u00e7\u00f5es, busca-se melhorar a mobilidade e a infraestrutura urbana, especialmente no que diz respeito \u00e0 prepara\u00e7\u00e3o para a integra\u00e7\u00e3o de ve\u00edculos aut\u00f4nomos no futuro.\u00a0<\/span><\/p>\n<p><span style=\"font-weight: 400\"><img decoding=\"async\" class=\"size-medium wp-image-6034 alignright\" src=\"https:\/\/www.ufsm.br\/app\/uploads\/sites\/376\/2024\/10\/WhatsApp-Image-2024-10-24-at-14.21.19-225x300.jpeg\" alt=\"\" width=\"225\" height=\"300\" srcset=\"https:\/\/www.ufsm.br\/app\/uploads\/sites\/376\/2024\/10\/WhatsApp-Image-2024-10-24-at-14.21.19-225x300.jpeg 225w, https:\/\/www.ufsm.br\/app\/uploads\/sites\/376\/2024\/10\/WhatsApp-Image-2024-10-24-at-14.21.19-768x1024.jpeg 768w, https:\/\/www.ufsm.br\/app\/uploads\/sites\/376\/2024\/10\/WhatsApp-Image-2024-10-24-at-14.21.19-1152x1536.jpeg 1152w, https:\/\/www.ufsm.br\/app\/uploads\/sites\/376\/2024\/10\/WhatsApp-Image-2024-10-24-at-14.21.19.jpeg 1200w\" sizes=\"(max-width: 225px) 100vw, 225px\" \/>Tamb\u00e9m foram apresentados, durante o evento, os resultados da pesquisa com suplementa\u00e7\u00e3o h\u00eddrica e luminosa para as culturas da soja e do trigo. A pesquisa, coordenada pela professora Zanandra Boff de Oliveira, foi apresentada atrav\u00e9s de banners, v\u00eddeos e plantas em vaso que refletiam as diferentes condi\u00e7\u00f5es de manejo.<\/span><span style=\"font-weight: 400\">\u00a0<\/span><\/p>\n<p><span style=\"font-weight: 400\"><img loading=\"lazy\" decoding=\"async\" class=\" wp-image-6030 alignleft\" src=\"https:\/\/www.ufsm.br\/app\/uploads\/sites\/376\/2024\/10\/WhatsApp-Image-2024-10-24-at-15.54.04-300x225.jpeg\" alt=\"\" width=\"287\" height=\"215\" srcset=\"https:\/\/www.ufsm.br\/app\/uploads\/sites\/376\/2024\/10\/WhatsApp-Image-2024-10-24-at-15.54.04-300x225.jpeg 300w, https:\/\/www.ufsm.br\/app\/uploads\/sites\/376\/2024\/10\/WhatsApp-Image-2024-10-24-at-15.54.04-1024x768.jpeg 1024w, https:\/\/www.ufsm.br\/app\/uploads\/sites\/376\/2024\/10\/WhatsApp-Image-2024-10-24-at-15.54.04-768x576.jpeg 768w, https:\/\/www.ufsm.br\/app\/uploads\/sites\/376\/2024\/10\/WhatsApp-Image-2024-10-24-at-15.54.04-1536x1152.jpeg 1536w, https:\/\/www.ufsm.br\/app\/uploads\/sites\/376\/2024\/10\/WhatsApp-Image-2024-10-24-at-15.54.04.jpeg 1600w\" sizes=\"(max-width: 287px) 100vw, 287px\" \/>Outro projeto apresentado foi o simulador de relevo, coordenado pelo professor Ezequiel Saretta, desenvolvido por alunos do curso de Engenharia Agr\u00edcola com apoio do NTI. O projeto \u00e9 um sistema tecnol\u00f3gico e totalmente interativo que aplica realidade aumentada para simula\u00e7\u00f5es de relevo, escoamento de \u00e1gua, entre outros. O objetivo principal foi mostrar\u00a0 ao p\u00fablico as aplica\u00e7\u00f5es de computa\u00e7\u00e3o e simula\u00e7\u00e3o voltadas ao setor agr\u00edcola, destacando como essas tecnologias podem auxiliar na compreens\u00e3o e gest\u00e3o de fen\u00f4menos naturais.<\/span><\/p>\n<p><span style=\"font-weight: 400\">Com esses projetos, a UFSM-CS refor\u00e7a seu papel como agente de transforma\u00e7\u00e3o tecnol\u00f3gica, contribuindo com solu\u00e7\u00f5es inovadoras para o desenvolvimento regional.\u00a0<\/span><\/p>\n<p><span style=\"font-weight: 400\">O Cachoeira Tech, em sua segunda edi\u00e7\u00e3o, vem se consolidando como um importante espa\u00e7o de di\u00e1logo e trocas de conhecimento na \u00e1rea tecnol\u00f3gica, conectando estudantes, pesquisadores, empreendedores e profissionais do setor.<\/span><\/p>\n","protected":false},"excerpt":{"rendered":"<p>Nos dias 23 e 24 de outubro, das 9h30 \u00e0s 22h, a cidade de Cachoeira do Sul foi palco da 2\u00aa edi\u00e7\u00e3o do Cachoeira Tech, um evento que reuniu inova\u00e7\u00e3o, tecnologia e educa\u00e7\u00e3o. A UFSM-Cachoeira do Sul marcou presen\u00e7a com diversos projetos acad\u00eamicos e iniciativas de destaque, contribuindo para as discuss\u00f5es e o desenvolvimento de [&hellip;]<\/p>\n","protected":false},"author":8249,"featured_media":6030,"comment_status":"closed","ping_status":"closed","sticky":false,"template":"","format":"standard","meta":{"footnotes":""},"categories":[1],"tags":[675],"class_list":["post-6028","post","type-post","status-publish","format-standard","has-post-thumbnail","hentry","category-noticias","tag-destaques"],"acf":[],"_links":{"self":[{"href":"https:\/\/www.ufsm.br\/unidades-universitarias\/cachoeira-do-sul\/wp-json\/wp\/v2\/posts\/6028","targetHints":{"allow":["GET"]}}],"collection":[{"href":"https:\/\/www.ufsm.br\/unidades-universitarias\/cachoeira-do-sul\/wp-json\/wp\/v2\/posts"}],"about":[{"href":"https:\/\/www.ufsm.br\/unidades-universitarias\/cachoeira-do-sul\/wp-json\/wp\/v2\/types\/post"}],"author":[{"embeddable":true,"href":"https:\/\/www.ufsm.br\/unidades-universitarias\/cachoeira-do-sul\/wp-json\/wp\/v2\/users\/8249"}],"replies":[{"embeddable":true,"href":"https:\/\/www.ufsm.br\/unidades-universitarias\/cachoeira-do-sul\/wp-json\/wp\/v2\/comments?post=6028"}],"version-history":[{"count":0,"href":"https:\/\/www.ufsm.br\/unidades-universitarias\/cachoeira-do-sul\/wp-json\/wp\/v2\/posts\/6028\/revisions"}],"wp:featuredmedia":[{"embeddable":true,"href":"https:\/\/www.ufsm.br\/unidades-universitarias\/cachoeira-do-sul\/wp-json\/wp\/v2\/media\/6030"}],"wp:attachment":[{"href":"https:\/\/www.ufsm.br\/unidades-universitarias\/cachoeira-do-sul\/wp-json\/wp\/v2\/media?parent=6028"}],"wp:term":[{"taxonomy":"category","embeddable":true,"href":"https:\/\/www.ufsm.br\/unidades-universitarias\/cachoeira-do-sul\/wp-json\/wp\/v2\/categories?post=6028"},{"taxonomy":"post_tag","embeddable":true,"href":"https:\/\/www.ufsm.br\/unidades-universitarias\/cachoeira-do-sul\/wp-json\/wp\/v2\/tags?post=6028"}],"curies":[{"name":"wp","href":"https:\/\/api.w.org\/{rel}","templated":true}]}}