{"id":6046,"date":"2024-11-04T08:30:00","date_gmt":"2024-11-04T11:30:00","guid":{"rendered":"https:\/\/www.ufsm.br\/unidades-universitarias\/cachoeira-do-sul\/?p=6046"},"modified":"2024-11-12T15:05:24","modified_gmt":"2024-11-12T18:05:24","slug":"feira-de-ciencias-tecnologia-e-inovacao-da-ufsm-cs-acontece-no-proximo-sabado-e-contara-com-a-apresentacao-de-mais-de-130-trabalhos","status":"publish","type":"post","link":"https:\/\/www.ufsm.br\/unidades-universitarias\/cachoeira-do-sul\/2024\/11\/04\/feira-de-ciencias-tecnologia-e-inovacao-da-ufsm-cs-acontece-no-proximo-sabado-e-contara-com-a-apresentacao-de-mais-de-130-trabalhos","title":{"rendered":"Feira de Ci\u00eancias, Tecnologia e Inova\u00e7\u00e3o da UFSM-CS acontece no pr\u00f3ximo s\u00e1bado e contar\u00e1 com a apresenta\u00e7\u00e3o de mais de 130 trabalhos"},"content":{"rendered":"\n<p><span style=\"font-weight: 400\">No pr\u00f3ximo<\/span><b> s\u00e1bado, dia 09 de novembro, das 13h30 \u00e0s 17h<\/b><span style=\"font-weight: 400\">, acontecer\u00e1 a <\/span><b>3\u00aa edi\u00e7\u00e3o da Feira de Ci\u00eancias, Tecnologia e Inova\u00e7\u00e3o da UFSM-CS<\/b><span style=\"font-weight: 400\">.\u00a0<\/span><\/p>\n<p><span style=\"font-weight: 400\">O evento \u00e9 uma excelente oportunidade para conhecer os projetos inovadores de <\/span><b>136 participantes<\/b><span style=\"font-weight: 400\">, entre estudantes do ensino b\u00e1sico,gradua\u00e7\u00e3o e p\u00f3s-gradua\u00e7\u00e3o. A Feira se destaca como um espa\u00e7o de aprendizado e troca de ideias, onde os visitantes poder\u00e3o explorar uma variedade de trabalhos que abrangem diferentes \u00e1reas do conhecimento. A participa\u00e7\u00e3o de alunos de diversos n\u00edveis de ensino proporciona um ambiente rico em diversidade e criatividade, permitindo que todos compartilhem suas descobertas e inova\u00e7\u00f5es.<\/span><\/p>\n<p><span style=\"font-weight: 400\">O evento \u00e9 <\/span><b>aberto ao p\u00fablico<\/b><span style=\"font-weight: 400\">, incentivando a participa\u00e7\u00e3o de fam\u00edlias, professores e entusiastas da ci\u00eancia e tecnologia. Os organizadores esperam que a comunidade local aproveite esta oportunidade para prestigiar com os jovens talentos e conhecer mais sobre os projetos que est\u00e3o moldando o futuro.<\/span><\/p>\n<p><span style=\"font-weight: 400\">Para mais informa\u00e7\u00f5es, acesse o <\/span><a href=\"http:\/\/evento.ccsul.ufsm.br\/cti\/.\"><span style=\"font-weight: 400\">site do evento.<\/span><\/a><span style=\"font-weight: 400\">\u00a0<\/span><\/p>\n<p><span style=\"font-weight: 400\">Data: 09 de novembro<\/span><\/p>\n<p><span style=\"font-weight: 400\">Hor\u00e1rio: 13h30 \u00e0s 17h<\/span><\/p>\n<p><span style=\"font-weight: 400\">Local: Campus da UFSM &#8211; Cachoeira do Sul<\/span><\/p>\n<p><span style=\"font-weight: 400\">Contamos com sua presen\u00e7a!<\/span><\/p>\n<p>\u00a0<\/p>\n\n\n","protected":false},"excerpt":{"rendered":"<p>A Feira ser\u00e1 no dia 09 de novembro, das 13h30 \u00e0s 17h, no campus da UFSM em Cachoeira do Sul<\/p>\n","protected":false},"author":8249,"featured_media":5975,"comment_status":"closed","ping_status":"closed","sticky":false,"template":"","format":"standard","meta":{"footnotes":""},"categories":[1],"tags":[],"class_list":["post-6046","post","type-post","status-publish","format-standard","has-post-thumbnail","hentry","category-noticias"],"acf":[],"_links":{"self":[{"href":"https:\/\/www.ufsm.br\/unidades-universitarias\/cachoeira-do-sul\/wp-json\/wp\/v2\/posts\/6046","targetHints":{"allow":["GET"]}}],"collection":[{"href":"https:\/\/www.ufsm.br\/unidades-universitarias\/cachoeira-do-sul\/wp-json\/wp\/v2\/posts"}],"about":[{"href":"https:\/\/www.ufsm.br\/unidades-universitarias\/cachoeira-do-sul\/wp-json\/wp\/v2\/types\/post"}],"author":[{"embeddable":true,"href":"https:\/\/www.ufsm.br\/unidades-universitarias\/cachoeira-do-sul\/wp-json\/wp\/v2\/users\/8249"}],"replies":[{"embeddable":true,"href":"https:\/\/www.ufsm.br\/unidades-universitarias\/cachoeira-do-sul\/wp-json\/wp\/v2\/comments?post=6046"}],"version-history":[{"count":0,"href":"https:\/\/www.ufsm.br\/unidades-universitarias\/cachoeira-do-sul\/wp-json\/wp\/v2\/posts\/6046\/revisions"}],"wp:featuredmedia":[{"embeddable":true,"href":"https:\/\/www.ufsm.br\/unidades-universitarias\/cachoeira-do-sul\/wp-json\/wp\/v2\/media\/5975"}],"wp:attachment":[{"href":"https:\/\/www.ufsm.br\/unidades-universitarias\/cachoeira-do-sul\/wp-json\/wp\/v2\/media?parent=6046"}],"wp:term":[{"taxonomy":"category","embeddable":true,"href":"https:\/\/www.ufsm.br\/unidades-universitarias\/cachoeira-do-sul\/wp-json\/wp\/v2\/categories?post=6046"},{"taxonomy":"post_tag","embeddable":true,"href":"https:\/\/www.ufsm.br\/unidades-universitarias\/cachoeira-do-sul\/wp-json\/wp\/v2\/tags?post=6046"}],"curies":[{"name":"wp","href":"https:\/\/api.w.org\/{rel}","templated":true}]}}