{"id":6267,"date":"2024-11-22T11:13:22","date_gmt":"2024-11-22T14:13:22","guid":{"rendered":"https:\/\/www.ufsm.br\/unidades-universitarias\/cachoeira-do-sul\/?p=6267"},"modified":"2024-11-22T11:14:12","modified_gmt":"2024-11-22T14:14:12","slug":"pesquisadores-do-campus-da-ufsm-cachoeira-do-sul-participam-de-evento-sobre-mudancas-climaticas-e-anunciam-nova-edicao-do-workshop","status":"publish","type":"post","link":"https:\/\/www.ufsm.br\/unidades-universitarias\/cachoeira-do-sul\/2024\/11\/22\/pesquisadores-do-campus-da-ufsm-cachoeira-do-sul-participam-de-evento-sobre-mudancas-climaticas-e-anunciam-nova-edicao-do-workshop","title":{"rendered":"Pesquisadores do campus da UFSM-Cachoeira do Sul participam de evento sobre mudan\u00e7as clim\u00e1ticas e anunciam nova edi\u00e7\u00e3o do workshop"},"content":{"rendered":"\n<p><span style=\"font-weight: 400\"><img fetchpriority=\"high\" decoding=\"async\" class=\"size-medium wp-image-6268 alignleft\" src=\"https:\/\/www.ufsm.br\/app\/uploads\/sites\/376\/2024\/11\/IMG-20241120-WA0019-225x300.jpg\" alt=\"\" width=\"225\" height=\"300\" srcset=\"https:\/\/www.ufsm.br\/app\/uploads\/sites\/376\/2024\/11\/IMG-20241120-WA0019-225x300.jpg 225w, https:\/\/www.ufsm.br\/app\/uploads\/sites\/376\/2024\/11\/IMG-20241120-WA0019-768x1024.jpg 768w, https:\/\/www.ufsm.br\/app\/uploads\/sites\/376\/2024\/11\/IMG-20241120-WA0019-1152x1536.jpg 1152w, https:\/\/www.ufsm.br\/app\/uploads\/sites\/376\/2024\/11\/IMG-20241120-WA0019-1536x2048.jpg 1536w, https:\/\/www.ufsm.br\/app\/uploads\/sites\/376\/2024\/11\/IMG-20241120-WA0019.jpg 1920w\" sizes=\"(max-width: 225px) 100vw, 225px\" \/>Nos dias 18 e 19 de novembro de 2024, a Universidade Federal de Pelotas (UFPel) sediou o II Workshop Ga\u00facho de Mudan\u00e7as Clim\u00e1ticas, reunindo pesquisadores, gestores p\u00fablicos e especialistas para debater os desafios e impactos das mudan\u00e7as clim\u00e1ticas no Rio Grande do Sul. O evento focou em estrat\u00e9gias de mitiga\u00e7\u00e3o e adapta\u00e7\u00e3o a cen\u00e1rios clim\u00e1ticos extremos.<\/span><\/p>\n<p><span style=\"font-weight: 400\">Durante o workshop, a professora Mariana Vieira Coronas (docente da UFSM-Cachoeira do Sul), acompanhada por colaboradores do campus, apresentou o trabalho intitulado \u201cImpactos das Mudan\u00e7as Clim\u00e1ticas e Pr\u00e1ticas de Uso do Solo sobre a Qualidade Ambiental em Cachoeira do Sul (RS)\u201d. O estudo foi realizado em coautoria com Andressa Rosado Massirer, Wanderl\u00e9ia dos Santos Jobim, Zanandra Boff de Oliveira (discentes e docentes da UFSM-Cachoeira do Sul) e Flavio Manoel Rodrigues da Silva-J\u00fanior, da Universidade Federal do Rio Grande (FURG).<img decoding=\"async\" class=\"size-medium wp-image-6270 alignright\" src=\"https:\/\/www.ufsm.br\/app\/uploads\/sites\/376\/2024\/11\/IMG-20241120-WA0005-225x300.jpg\" alt=\"\" width=\"225\" height=\"300\" srcset=\"https:\/\/www.ufsm.br\/app\/uploads\/sites\/376\/2024\/11\/IMG-20241120-WA0005-225x300.jpg 225w, https:\/\/www.ufsm.br\/app\/uploads\/sites\/376\/2024\/11\/IMG-20241120-WA0005-768x1024.jpg 768w, https:\/\/www.ufsm.br\/app\/uploads\/sites\/376\/2024\/11\/IMG-20241120-WA0005-1152x1536.jpg 1152w, https:\/\/www.ufsm.br\/app\/uploads\/sites\/376\/2024\/11\/IMG-20241120-WA0005-1536x2048.jpg 1536w, https:\/\/www.ufsm.br\/app\/uploads\/sites\/376\/2024\/11\/IMG-20241120-WA0005.jpg 1920w\" sizes=\"(max-width: 225px) 100vw, 225px\" \/><\/span><\/p>\n<p><span style=\"font-weight: 400\">O evento destacou-se pela troca de experi\u00eancias entre os participantes e pelo fortalecimento das redes de pesquisa em mudan\u00e7as clim\u00e1ticas no estado. Um dos momentos mais marcantes foi o an\u00fancio de que a III edi\u00e7\u00e3o do Workshop Ga\u00facho de Mudan\u00e7as Clim\u00e1ticas ser\u00e1 realizada em 2025, com sede no campus da UFSM-Cachoeira do Sul, consolidando a institui\u00e7\u00e3o como refer\u00eancia nesse campo de estudo.<\/span><\/p>\n<p><span style=\"font-weight: 400\">A iniciativa reafirma o compromisso das universidades ga\u00fachas em buscar solu\u00e7\u00f5es para os desafios clim\u00e1ticos regionais e globais, integrando ci\u00eancia, gest\u00e3o p\u00fablica e sociedade.<\/span><\/p>\n","protected":false},"excerpt":{"rendered":"<p>Nos dias 18 e 19 de novembro de 2024, a Universidade Federal de Pelotas (UFPel) sediou o II Workshop Ga\u00facho de Mudan\u00e7as Clim\u00e1ticas, reunindo pesquisadores, gestores p\u00fablicos e especialistas para debater os desafios e impactos das mudan\u00e7as clim\u00e1ticas no Rio Grande do Sul. O evento focou em estrat\u00e9gias de mitiga\u00e7\u00e3o e adapta\u00e7\u00e3o a cen\u00e1rios clim\u00e1ticos [&hellip;]<\/p>\n","protected":false},"author":8249,"featured_media":6272,"comment_status":"closed","ping_status":"closed","sticky":false,"template":"","format":"standard","meta":{"footnotes":""},"categories":[1],"tags":[675],"class_list":["post-6267","post","type-post","status-publish","format-standard","has-post-thumbnail","hentry","category-noticias","tag-destaques"],"acf":[],"_links":{"self":[{"href":"https:\/\/www.ufsm.br\/unidades-universitarias\/cachoeira-do-sul\/wp-json\/wp\/v2\/posts\/6267","targetHints":{"allow":["GET"]}}],"collection":[{"href":"https:\/\/www.ufsm.br\/unidades-universitarias\/cachoeira-do-sul\/wp-json\/wp\/v2\/posts"}],"about":[{"href":"https:\/\/www.ufsm.br\/unidades-universitarias\/cachoeira-do-sul\/wp-json\/wp\/v2\/types\/post"}],"author":[{"embeddable":true,"href":"https:\/\/www.ufsm.br\/unidades-universitarias\/cachoeira-do-sul\/wp-json\/wp\/v2\/users\/8249"}],"replies":[{"embeddable":true,"href":"https:\/\/www.ufsm.br\/unidades-universitarias\/cachoeira-do-sul\/wp-json\/wp\/v2\/comments?post=6267"}],"version-history":[{"count":0,"href":"https:\/\/www.ufsm.br\/unidades-universitarias\/cachoeira-do-sul\/wp-json\/wp\/v2\/posts\/6267\/revisions"}],"wp:featuredmedia":[{"embeddable":true,"href":"https:\/\/www.ufsm.br\/unidades-universitarias\/cachoeira-do-sul\/wp-json\/wp\/v2\/media\/6272"}],"wp:attachment":[{"href":"https:\/\/www.ufsm.br\/unidades-universitarias\/cachoeira-do-sul\/wp-json\/wp\/v2\/media?parent=6267"}],"wp:term":[{"taxonomy":"category","embeddable":true,"href":"https:\/\/www.ufsm.br\/unidades-universitarias\/cachoeira-do-sul\/wp-json\/wp\/v2\/categories?post=6267"},{"taxonomy":"post_tag","embeddable":true,"href":"https:\/\/www.ufsm.br\/unidades-universitarias\/cachoeira-do-sul\/wp-json\/wp\/v2\/tags?post=6267"}],"curies":[{"name":"wp","href":"https:\/\/api.w.org\/{rel}","templated":true}]}}