{"id":6281,"date":"2024-11-29T11:55:07","date_gmt":"2024-11-29T14:55:07","guid":{"rendered":"https:\/\/www.ufsm.br\/unidades-universitarias\/cachoeira-do-sul\/?p=6281"},"modified":"2024-11-29T11:55:09","modified_gmt":"2024-11-29T14:55:09","slug":"ufsm-cs-celebra-parcerias-e-sustentabilidade-em-evento-no-bosque-da-prosperidade","status":"publish","type":"post","link":"https:\/\/www.ufsm.br\/unidades-universitarias\/cachoeira-do-sul\/2024\/11\/29\/ufsm-cs-celebra-parcerias-e-sustentabilidade-em-evento-no-bosque-da-prosperidade","title":{"rendered":"UFSM-CS celebra parcerias e sustentabilidade em evento no Bosque da Prosperidade"},"content":{"rendered":"\n<p><span style=\"font-weight: 400\"><img fetchpriority=\"high\" decoding=\"async\" class=\" wp-image-6283 alignright\" src=\"https:\/\/www.ufsm.br\/app\/uploads\/sites\/376\/2024\/11\/WhatsApp-Image-2024-11-29-at-09.19.30-196x300.jpeg\" alt=\"\" width=\"233\" height=\"357\" srcset=\"https:\/\/www.ufsm.br\/app\/uploads\/sites\/376\/2024\/11\/WhatsApp-Image-2024-11-29-at-09.19.30-196x300.jpeg 196w, https:\/\/www.ufsm.br\/app\/uploads\/sites\/376\/2024\/11\/WhatsApp-Image-2024-11-29-at-09.19.30-670x1024.jpeg 670w, https:\/\/www.ufsm.br\/app\/uploads\/sites\/376\/2024\/11\/WhatsApp-Image-2024-11-29-at-09.19.30-768x1173.jpeg 768w, https:\/\/www.ufsm.br\/app\/uploads\/sites\/376\/2024\/11\/WhatsApp-Image-2024-11-29-at-09.19.30.jpeg 838w\" sizes=\"(max-width: 233px) 100vw, 233px\" \/>Na tarde de 27 de novembro, o campus da UFSM em Cachoeira do Sul participou de um evento especial no Bosque da Prosperidade, organizado pela C\u00e2mara de Dirigentes e Lojistas (CDL) de Cachoeira do Sul. A ocasi\u00e3o prestou homenagem \u00e0s empresas que atingiram marcos de d\u00e9cadas de atua\u00e7\u00e3o e celebrou a ades\u00e3o de novos participantes ao projeto.<\/span><\/p>\n<p><span style=\"font-weight: 400\">Giovani Zabot, vice-diretor da UFSM-CS, parabenizou as empresas homenageadas e ressaltou a import\u00e2ncia do campus, que celebra sua primeira d\u00e9cada em Cachoeira do Sul. Ele refor\u00e7ou o compromisso da Institui\u00e7\u00e3o em apoiar iniciativas como o Bosque da Prosperidade.\u00a0<\/span><\/p>\n<p><span style=\"font-weight: 400\">A celebra\u00e7\u00e3o encerrou-se com o plantio de quatro novas nogueiras no p\u00f3rtico de entrada da cidade, representando o equil\u00edbrio entre desenvolvimento e sustentabilidade. Ap\u00f3s o plantio, as entidades participaram de uma visita ao Bosque, onde registraram fotos junto aos totens que exibem os nomes das homenageadas.<\/span><span style=\"font-weight: 400\"><br \/><\/span><\/p>\n<p><span style=\"font-weight: 400\">A UFSM-CS tamb\u00e9m contribuiu diretamente para o desenvolvimento do Bosque, participando da elabora\u00e7\u00e3o do projeto de arquitetura dos canteiros. O Bosque da Prosperidade permanece como um s\u00edmbolo de inspira\u00e7\u00e3o, uni\u00e3o e reconhecimento, destacando o papel das empresas e institui\u00e7\u00f5es locais na constru\u00e7\u00e3o de um futuro pr\u00f3spero e sustent\u00e1vel para a comunidade.<\/span><\/p>\n<p><br \/><br \/><\/p>\n\n\n\n\n\n\n","protected":false},"excerpt":{"rendered":"<p>Na tarde de 27 de novembro, o campus da UFSM em Cachoeira do Sul participou de um evento especial no Bosque da Prosperidade, organizado pela C\u00e2mara de Dirigentes e Lojistas (CDL) de Cachoeira do Sul. A ocasi\u00e3o prestou homenagem \u00e0s empresas que atingiram marcos de d\u00e9cadas de atua\u00e7\u00e3o e celebrou a ades\u00e3o de novos participantes [&hellip;]<\/p>\n","protected":false},"author":8249,"featured_media":6285,"comment_status":"closed","ping_status":"closed","sticky":false,"template":"","format":"standard","meta":{"footnotes":""},"categories":[1],"tags":[675],"class_list":["post-6281","post","type-post","status-publish","format-standard","has-post-thumbnail","hentry","category-noticias","tag-destaques"],"acf":[],"_links":{"self":[{"href":"https:\/\/www.ufsm.br\/unidades-universitarias\/cachoeira-do-sul\/wp-json\/wp\/v2\/posts\/6281","targetHints":{"allow":["GET"]}}],"collection":[{"href":"https:\/\/www.ufsm.br\/unidades-universitarias\/cachoeira-do-sul\/wp-json\/wp\/v2\/posts"}],"about":[{"href":"https:\/\/www.ufsm.br\/unidades-universitarias\/cachoeira-do-sul\/wp-json\/wp\/v2\/types\/post"}],"author":[{"embeddable":true,"href":"https:\/\/www.ufsm.br\/unidades-universitarias\/cachoeira-do-sul\/wp-json\/wp\/v2\/users\/8249"}],"replies":[{"embeddable":true,"href":"https:\/\/www.ufsm.br\/unidades-universitarias\/cachoeira-do-sul\/wp-json\/wp\/v2\/comments?post=6281"}],"version-history":[{"count":0,"href":"https:\/\/www.ufsm.br\/unidades-universitarias\/cachoeira-do-sul\/wp-json\/wp\/v2\/posts\/6281\/revisions"}],"wp:featuredmedia":[{"embeddable":true,"href":"https:\/\/www.ufsm.br\/unidades-universitarias\/cachoeira-do-sul\/wp-json\/wp\/v2\/media\/6285"}],"wp:attachment":[{"href":"https:\/\/www.ufsm.br\/unidades-universitarias\/cachoeira-do-sul\/wp-json\/wp\/v2\/media?parent=6281"}],"wp:term":[{"taxonomy":"category","embeddable":true,"href":"https:\/\/www.ufsm.br\/unidades-universitarias\/cachoeira-do-sul\/wp-json\/wp\/v2\/categories?post=6281"},{"taxonomy":"post_tag","embeddable":true,"href":"https:\/\/www.ufsm.br\/unidades-universitarias\/cachoeira-do-sul\/wp-json\/wp\/v2\/tags?post=6281"}],"curies":[{"name":"wp","href":"https:\/\/api.w.org\/{rel}","templated":true}]}}