{"id":6300,"date":"2024-12-02T13:15:00","date_gmt":"2024-12-02T16:15:00","guid":{"rendered":"https:\/\/www.ufsm.br\/unidades-universitarias\/cachoeira-do-sul\/?p=6300"},"modified":"2024-12-02T11:49:06","modified_gmt":"2024-12-02T14:49:06","slug":"forum-de-extensao-2024-acontece-no-dia-4-de-dezembro-em-cachoeira-do-sul","status":"publish","type":"post","link":"https:\/\/www.ufsm.br\/unidades-universitarias\/cachoeira-do-sul\/2024\/12\/02\/forum-de-extensao-2024-acontece-no-dia-4-de-dezembro-em-cachoeira-do-sul","title":{"rendered":"F\u00f3rum de Extens\u00e3o 2024 acontece no dia 4 de dezembro em Cachoeira do Sul"},"content":{"rendered":"\n<p><b><br \/><\/b><span style=\"font-weight: 400\">Na pr\u00f3xima quarta-feira, 4 de dezembro, a Pr\u00f3-Reitoria de Extens\u00e3o (PRE) da UFSM promover\u00e1 o F\u00f3rum de Extens\u00e3o 2024 em Cachoeira do Sul. O evento ocorrer\u00e1 das 13h30 \u00e0s 16h30, no Pr\u00e9dio C3, sala 21 (Audit\u00f3rio).<\/span><\/p>\n<p><span style=\"font-weight: 400\">O F\u00f3rum \u00e9 uma oportunidade para fortalecer o di\u00e1logo entre a universidade e a comunidade, promovendo reflex\u00f5es e compartilhamentos sobre os projetos de extens\u00e3o em andamento. Durante o evento, projetos indicados pela Comiss\u00e3o de Extens\u00e3o do Campus (CEPE-CS) ser\u00e3o apresentados por seus respectivos coordenadores, com cada apresenta\u00e7\u00e3o limitada a 10 minutos.<\/span><\/p>\n<p><span style=\"font-weight: 400\"> Programa\u00e7\u00e3o<\/span><span style=\"font-weight: 400\"><br \/><\/span> <span style=\"font-weight: 400\">\u2022<\/span> <span style=\"font-weight: 400\">13h30 \u2013 Credenciamento<\/span><span style=\"font-weight: 400\"><br \/><\/span> <span style=\"font-weight: 400\">\u2022<\/span> <span style=\"font-weight: 400\">13h45 \u2013 Abertura<\/span><span style=\"font-weight: 400\"><br \/><\/span> <span style=\"font-weight: 400\">\u2022<\/span> <span style=\"font-weight: 400\">14h00 \u2013 Apresenta\u00e7\u00e3o das A\u00e7\u00f5es de Extens\u00e3o e mesa-redonda com entidades parceiras<\/span><span style=\"font-weight: 400\"><br \/><\/span> <span style=\"font-weight: 400\">\u2022<\/span> <span style=\"font-weight: 400\">15h30 \u00e0s 16h00 \u2013 Di\u00e1logo com o p\u00fablico e coleta de demandas da comunidade para a elabora\u00e7\u00e3o da \u201cCarta do F\u00f3rum\u201d<\/span><span style=\"font-weight: 400\"><br \/><\/span> <span style=\"font-weight: 400\">\u2022<\/span> <span style=\"font-weight: 400\">16h00 \u00e0s 16h30 \u2013 Fala de encerramento com a Pr\u00f3-Reitoria de Extens\u00e3o<\/span><span style=\"font-weight: 400\"><br \/><\/span> <span style=\"font-weight: 400\">\u2022<\/span> <span style=\"font-weight: 400\">16h30 \u2013 Encerramento do evento<\/span><\/p>\n<p><span style=\"font-weight: 400\"><br \/><\/span><span style=\"font-weight: 400\">O F\u00f3rum de Extens\u00e3o refor\u00e7a o compromisso da UFSM em promover a\u00e7\u00f5es que impactem positivamente a comunidade, buscando solu\u00e7\u00f5es para demandas regionais e ampliando as rela\u00e7\u00f5es entre universidade e sociedade. O evento \u00e9 aberto ao p\u00fablico e a participa\u00e7\u00e3o da comunidade \u00e9 essencial para enriquecer as discuss\u00f5es e fortalecer os la\u00e7os com os projetos apresentados.<\/span><\/p>\n","protected":false},"excerpt":{"rendered":"<p>Na pr\u00f3xima quarta-feira, 4 de dezembro, a Pr\u00f3-Reitoria de Extens\u00e3o (PRE) da UFSM promover\u00e1 o F\u00f3rum de Extens\u00e3o 2024 em Cachoeira do Sul. O evento ocorrer\u00e1 das 13h30 \u00e0s 16h30, no Pr\u00e9dio C3, sala 21 (Audit\u00f3rio). O F\u00f3rum \u00e9 uma oportunidade para fortalecer o di\u00e1logo entre a universidade e a comunidade, promovendo reflex\u00f5es e compartilhamentos [&hellip;]<\/p>\n","protected":false},"author":8249,"featured_media":6301,"comment_status":"closed","ping_status":"closed","sticky":false,"template":"","format":"standard","meta":{"footnotes":""},"categories":[1],"tags":[675],"class_list":["post-6300","post","type-post","status-publish","format-standard","has-post-thumbnail","hentry","category-noticias","tag-destaques"],"acf":[],"_links":{"self":[{"href":"https:\/\/www.ufsm.br\/unidades-universitarias\/cachoeira-do-sul\/wp-json\/wp\/v2\/posts\/6300","targetHints":{"allow":["GET"]}}],"collection":[{"href":"https:\/\/www.ufsm.br\/unidades-universitarias\/cachoeira-do-sul\/wp-json\/wp\/v2\/posts"}],"about":[{"href":"https:\/\/www.ufsm.br\/unidades-universitarias\/cachoeira-do-sul\/wp-json\/wp\/v2\/types\/post"}],"author":[{"embeddable":true,"href":"https:\/\/www.ufsm.br\/unidades-universitarias\/cachoeira-do-sul\/wp-json\/wp\/v2\/users\/8249"}],"replies":[{"embeddable":true,"href":"https:\/\/www.ufsm.br\/unidades-universitarias\/cachoeira-do-sul\/wp-json\/wp\/v2\/comments?post=6300"}],"version-history":[{"count":0,"href":"https:\/\/www.ufsm.br\/unidades-universitarias\/cachoeira-do-sul\/wp-json\/wp\/v2\/posts\/6300\/revisions"}],"wp:featuredmedia":[{"embeddable":true,"href":"https:\/\/www.ufsm.br\/unidades-universitarias\/cachoeira-do-sul\/wp-json\/wp\/v2\/media\/6301"}],"wp:attachment":[{"href":"https:\/\/www.ufsm.br\/unidades-universitarias\/cachoeira-do-sul\/wp-json\/wp\/v2\/media?parent=6300"}],"wp:term":[{"taxonomy":"category","embeddable":true,"href":"https:\/\/www.ufsm.br\/unidades-universitarias\/cachoeira-do-sul\/wp-json\/wp\/v2\/categories?post=6300"},{"taxonomy":"post_tag","embeddable":true,"href":"https:\/\/www.ufsm.br\/unidades-universitarias\/cachoeira-do-sul\/wp-json\/wp\/v2\/tags?post=6300"}],"curies":[{"name":"wp","href":"https:\/\/api.w.org\/{rel}","templated":true}]}}