{"id":6302,"date":"2024-12-04T13:30:00","date_gmt":"2024-12-04T16:30:00","guid":{"rendered":"https:\/\/www.ufsm.br\/unidades-universitarias\/cachoeira-do-sul\/?p=6302"},"modified":"2024-12-04T12:03:50","modified_gmt":"2024-12-04T15:03:50","slug":"professor-da-ufsm-cs-e-coautor-de-artigo-publicado-em-revista-a1-da-capes-sobre-as-enchentes-de-2024-no-rs","status":"publish","type":"post","link":"https:\/\/www.ufsm.br\/unidades-universitarias\/cachoeira-do-sul\/2024\/12\/04\/professor-da-ufsm-cs-e-coautor-de-artigo-publicado-em-revista-a1-da-capes-sobre-as-enchentes-de-2024-no-rs","title":{"rendered":"Professor da UFSM-CS \u00e9 coautor de artigo publicado em revista A1 da CAPES sobre as enchentes de 2024 no RS."},"content":{"rendered":"\n<p><span style=\"font-weight: 400\">O artigo intitulado \u201cOs impactos de eventos clim\u00e1ticos extremos: uma an\u00e1lise abrangente das enchentes de 2024 no Rio Grande do Sul\u201d foi publicado na Revista REDES \u2013 Revista do Desenvolvimento Regional, classificada como A1 pela CAPES. O estudo \u00e9 fruto de uma colabora\u00e7\u00e3o entre pesquisadores de diversas institui\u00e7\u00f5es, incluindo o professor Felipe Caleffi, do campus da UFSM em Cachoeira do Sul. Todos os autores integram a Rede de Emerg\u00eancia Clim\u00e1tica e Ambiental do RS (RECA).<\/span><\/p>\n<p><span style=\"font-weight: 400\">A pesquisa oferece uma an\u00e1lise aprofundada das enchentes que atingiram o estado em 2024, afetando 478 dos 497 munic\u00edpios ga\u00fachos, com um saldo tr\u00e1gico de 182 mortes e mais de 580 mil pessoas deslocadas. O estudo aborda os impactos nas \u00e1reas de sa\u00fade p\u00fablica, economia, infraestrutura e meio ambiente, destacando a gravidade dos danos e a necessidade urgente de estrat\u00e9gias de mitiga\u00e7\u00e3o e governan\u00e7a inclusiva.<\/span><\/p>\n<p><span style=\"font-weight: 400\">O artigo tamb\u00e9m emprega um mapeamento sistem\u00e1tico da literatura para organizar as pesquisas existentes sobre o tema, propondo recomenda\u00e7\u00f5es pr\u00e1ticas para gestores p\u00fablicos, pesquisadores e profissionais envolvidos na gest\u00e3o de desastres e sustentabilidade ambiental.<\/span><\/p>\n<p><span style=\"font-weight: 400\">A UFSM reafirma seu compromisso com a produ\u00e7\u00e3o de conhecimento de impacto e parabeniza todos autores pela contribui\u00e7\u00e3o cient\u00edfica. O estudo refor\u00e7a a urg\u00eancia de implementar pol\u00edticas p\u00fablicas integradas para aumentar a resili\u00eancia diante das mudan\u00e7as clim\u00e1ticas e de eventos extremos.<\/span><\/p>\n<p><span style=\"font-weight: 400\">Para ler o artigo completo, acesse o link: <\/span><a href=\"https:\/\/online.unisc.br\/seer\/index.php\/redes\/article\/view\/19660\" target=\"_blank\" rel=\"noopener\"><span style=\"font-weight: 400\">https:\/\/online.unisc.br\/seer\/index.php\/redes\/article\/view\/19660<\/span><\/a><\/p>\n\n\n","protected":false},"excerpt":{"rendered":"<p>O artigo intitulado \u201cOs impactos de eventos clim\u00e1ticos extremos: uma an\u00e1lise abrangente das enchentes de 2024 no Rio Grande do Sul\u201d foi publicado na Revista REDES \u2013 Revista do Desenvolvimento Regional, classificada como A1 pela CAPES. O estudo \u00e9 fruto de uma colabora\u00e7\u00e3o entre pesquisadores de diversas institui\u00e7\u00f5es, incluindo o professor Felipe Caleffi, do campus [&hellip;]<\/p>\n","protected":false},"author":8249,"featured_media":6303,"comment_status":"closed","ping_status":"closed","sticky":false,"template":"","format":"standard","meta":{"footnotes":""},"categories":[1],"tags":[675],"class_list":["post-6302","post","type-post","status-publish","format-standard","has-post-thumbnail","hentry","category-noticias","tag-destaques"],"acf":[],"_links":{"self":[{"href":"https:\/\/www.ufsm.br\/unidades-universitarias\/cachoeira-do-sul\/wp-json\/wp\/v2\/posts\/6302","targetHints":{"allow":["GET"]}}],"collection":[{"href":"https:\/\/www.ufsm.br\/unidades-universitarias\/cachoeira-do-sul\/wp-json\/wp\/v2\/posts"}],"about":[{"href":"https:\/\/www.ufsm.br\/unidades-universitarias\/cachoeira-do-sul\/wp-json\/wp\/v2\/types\/post"}],"author":[{"embeddable":true,"href":"https:\/\/www.ufsm.br\/unidades-universitarias\/cachoeira-do-sul\/wp-json\/wp\/v2\/users\/8249"}],"replies":[{"embeddable":true,"href":"https:\/\/www.ufsm.br\/unidades-universitarias\/cachoeira-do-sul\/wp-json\/wp\/v2\/comments?post=6302"}],"version-history":[{"count":0,"href":"https:\/\/www.ufsm.br\/unidades-universitarias\/cachoeira-do-sul\/wp-json\/wp\/v2\/posts\/6302\/revisions"}],"wp:featuredmedia":[{"embeddable":true,"href":"https:\/\/www.ufsm.br\/unidades-universitarias\/cachoeira-do-sul\/wp-json\/wp\/v2\/media\/6303"}],"wp:attachment":[{"href":"https:\/\/www.ufsm.br\/unidades-universitarias\/cachoeira-do-sul\/wp-json\/wp\/v2\/media?parent=6302"}],"wp:term":[{"taxonomy":"category","embeddable":true,"href":"https:\/\/www.ufsm.br\/unidades-universitarias\/cachoeira-do-sul\/wp-json\/wp\/v2\/categories?post=6302"},{"taxonomy":"post_tag","embeddable":true,"href":"https:\/\/www.ufsm.br\/unidades-universitarias\/cachoeira-do-sul\/wp-json\/wp\/v2\/tags?post=6302"}],"curies":[{"name":"wp","href":"https:\/\/api.w.org\/{rel}","templated":true}]}}