{"id":6310,"date":"2024-12-06T14:07:31","date_gmt":"2024-12-06T17:07:31","guid":{"rendered":"https:\/\/www.ufsm.br\/unidades-universitarias\/cachoeira-do-sul\/?p=6310"},"modified":"2024-12-06T14:07:33","modified_gmt":"2024-12-06T17:07:33","slug":"professor-do-curso-de-arquitetura-e-urbanismo-representara-a-ufsm-cs-no-forled-2024","status":"publish","type":"post","link":"https:\/\/www.ufsm.br\/unidades-universitarias\/cachoeira-do-sul\/2024\/12\/06\/professor-do-curso-de-arquitetura-e-urbanismo-representara-a-ufsm-cs-no-forled-2024","title":{"rendered":"Professor do curso de Arquitetura e Urbanismo representar\u00e1 a UFSM-CS no FoRLED 2024"},"content":{"rendered":"\n<p class=\"wp-block-paragraph\">O professor Ricardo Rocha, do curso de Arquitetura e Urbanismo da UFSM-Cachoeira do Sul (UFSM-CS), foi convidado a participar do <em>6th Forum on Regional and Local Economic Development in Western Balkans (FoRLED 2024)<\/em>. O evento, que acontecer\u00e1 na cidade de Vlora, na Alb\u00e2nia, ser\u00e1 realizado em formato online e est\u00e1 programado para reunir grandes especialistas de diferentes partes do mundo para debater sobre desenvolvimento local e regional.<\/p>\n\n\n\n<p class=\"wp-block-paragraph\">Entre os nomes de destaque est\u00e1 o do economista norte-americano <em>Jeffrey Sachs<\/em>, uma das maiores refer\u00eancias mundiais em desenvolvimento sustent\u00e1vel e combate \u00e0 pobreza. A presen\u00e7a do professor Ricardo Rocha reafirma o compromisso da UFSM-CS em promover a internacionaliza\u00e7\u00e3o e o impacto acad\u00eamico em debates globais.<\/p>\n\n\n\n<p class=\"wp-block-paragraph\">Mais informa\u00e7\u00f5es sobre o evento est\u00e3o dispon\u00edveis no site oficial: <a href=\"https:\/\/forum.crlds.org\/events\/forled-2024\">https:\/\/forum.crlds.org\/events\/forled-2024<\/a>.<\/p>\n\n\n\n\n","protected":false},"excerpt":{"rendered":"<p>O professor Ricardo Rocha, do curso de Arquitetura e Urbanismo da UFSM-Cachoeira do Sul (UFSM-CS), foi convidado a participar do 6th Forum on Regional and Local Economic Development in Western Balkans (FoRLED 2024). O evento, que acontecer\u00e1 na cidade de Vlora, na Alb\u00e2nia, ser\u00e1 realizado em formato online e est\u00e1 programado para reunir grandes especialistas [&hellip;]<\/p>\n","protected":false},"author":8249,"featured_media":0,"comment_status":"closed","ping_status":"closed","sticky":false,"template":"","format":"standard","meta":{"footnotes":""},"categories":[1],"tags":[],"class_list":["post-6310","post","type-post","status-publish","format-standard","hentry","category-noticias"],"acf":[],"_links":{"self":[{"href":"https:\/\/www.ufsm.br\/unidades-universitarias\/cachoeira-do-sul\/wp-json\/wp\/v2\/posts\/6310","targetHints":{"allow":["GET"]}}],"collection":[{"href":"https:\/\/www.ufsm.br\/unidades-universitarias\/cachoeira-do-sul\/wp-json\/wp\/v2\/posts"}],"about":[{"href":"https:\/\/www.ufsm.br\/unidades-universitarias\/cachoeira-do-sul\/wp-json\/wp\/v2\/types\/post"}],"author":[{"embeddable":true,"href":"https:\/\/www.ufsm.br\/unidades-universitarias\/cachoeira-do-sul\/wp-json\/wp\/v2\/users\/8249"}],"replies":[{"embeddable":true,"href":"https:\/\/www.ufsm.br\/unidades-universitarias\/cachoeira-do-sul\/wp-json\/wp\/v2\/comments?post=6310"}],"version-history":[{"count":0,"href":"https:\/\/www.ufsm.br\/unidades-universitarias\/cachoeira-do-sul\/wp-json\/wp\/v2\/posts\/6310\/revisions"}],"wp:attachment":[{"href":"https:\/\/www.ufsm.br\/unidades-universitarias\/cachoeira-do-sul\/wp-json\/wp\/v2\/media?parent=6310"}],"wp:term":[{"taxonomy":"category","embeddable":true,"href":"https:\/\/www.ufsm.br\/unidades-universitarias\/cachoeira-do-sul\/wp-json\/wp\/v2\/categories?post=6310"},{"taxonomy":"post_tag","embeddable":true,"href":"https:\/\/www.ufsm.br\/unidades-universitarias\/cachoeira-do-sul\/wp-json\/wp\/v2\/tags?post=6310"}],"curies":[{"name":"wp","href":"https:\/\/api.w.org\/{rel}","templated":true}]}}