{"id":639,"date":"2017-05-15T19:12:58","date_gmt":"2017-05-15T22:12:58","guid":{"rendered":"https:\/\/www.ufsm.br\/unidades-universitarias\/cachoeira-do-sul\/2017\/05\/15\/aberto-edital-de-ingresso-e-reingresso-para-a-ufsm-cs\/"},"modified":"2017-05-15T19:12:58","modified_gmt":"2017-05-15T22:12:58","slug":"aberto-edital-de-ingresso-e-reingresso-para-a-ufsm-cs","status":"publish","type":"post","link":"https:\/\/www.ufsm.br\/unidades-universitarias\/cachoeira-do-sul\/2017\/05\/15\/aberto-edital-de-ingresso-e-reingresso-para-a-ufsm-cs","title":{"rendered":"Aberto edital de Ingresso e Reingresso para a UFSM-CS"},"content":{"rendered":"<p style=\"margin: 0px 0px 10px; color: #666666; font-family: Helvetica,Arial,sans-serif; font-size: 13px; font-style: normal; font-weight: normal; letter-spacing: normal; orphans: 2; text-align: justify; text-indent: 0px; text-transform: none; white-space: normal; widows: 2; word-spacing: 0px; background-color: #ffffff;\"><span style=\"color: #000000; font-size: 12pt; font-family: arial,helvetica,sans-serif;\">A Pr\u00f3-Reitoria de Gradua\u00e7\u00e3o (Prograd) e o Departamento de Registro e Controle Acad\u00eamico (Derca) divulgaram o&nbsp;<span style=\"background: none repeat scroll 0px 0px transparent; text-decoration: none;\">Edital 029\/2017<\/span>, de sele\u00e7\u00e3o para ingresso e reingresso em cursos de gradua\u00e7\u00e3o presenciais para o 2\u00ba semestre letivo de 2017. As inscri\u00e7\u00f5es iniciam hoje (15).<br \/><\/span><\/p>\n<p style=\"margin: 0px 0px 10px; color: #666666; font-family: Helvetica,Arial,sans-serif; font-size: 13px; font-style: normal; font-weight: normal; letter-spacing: normal; orphans: 2; text-align: justify; text-indent: 0px; text-transform: none; white-space: normal; widows: 2; word-spacing: 0px; background-color: #ffffff;\"><span style=\"color: #000000; font-size: 12pt; font-family: arial,helvetica,sans-serif;\">Foram disponibilizadas 85 vagas nos cinco cursos do Campus Cachoeira do Sul.Sendo,<\/span><\/p>\n<p style=\"margin: 0px 0px 10px; color: #666666; font-family: Helvetica,Arial,sans-serif; font-size: 13px; font-style: normal; font-weight: normal; letter-spacing: normal; orphans: 2; text-align: justify; text-indent: 0px; text-transform: none; white-space: normal; widows: 2; word-spacing: 0px; background-color: #ffffff;\"><span style=\"color: #000000; font-size: 12pt; font-family: arial,helvetica,sans-serif;\">&#8211; 20 vagas para Arquitetura e Urbanismo;<\/span><\/p>\n<p style=\"margin: 0px 0px 10px; color: #666666; font-family: Helvetica,Arial,sans-serif; font-size: 13px; font-style: normal; font-weight: normal; letter-spacing: normal; orphans: 2; text-align: justify; text-indent: 0px; text-transform: none; white-space: normal; widows: 2; word-spacing: 0px; background-color: #ffffff;\"><span style=\"color: #000000; font-size: 12pt; font-family: arial,helvetica,sans-serif;\">&#8211; 15 vagas para Engenharia Agr\u00edcola;<\/span><\/p>\n<p style=\"margin: 0px 0px 10px; color: #666666; font-family: Helvetica,Arial,sans-serif; font-size: 13px; font-style: normal; font-weight: normal; letter-spacing: normal; orphans: 2; text-align: justify; text-indent: 0px; text-transform: none; white-space: normal; widows: 2; word-spacing: 0px; background-color: #ffffff;\"><span style=\"color: #000000; font-size: 12pt; font-family: arial,helvetica,sans-serif;\">&#8211; 10 vagas para Engenharia de Transportes e Log\u00edstica;<\/span><\/p>\n<p style=\"margin: 0px 0px 10px; color: #666666; font-family: Helvetica,Arial,sans-serif; font-size: 13px; font-style: normal; font-weight: normal; letter-spacing: normal; orphans: 2; text-align: justify; text-indent: 0px; text-transform: none; white-space: normal; widows: 2; word-spacing: 0px; background-color: #ffffff;\"><span style=\"color: #000000; font-size: 12pt; font-family: arial,helvetica,sans-serif;\">&#8211; 20 vagas para Engenharia El\u00e9trica;<\/span><\/p>\n<p style=\"margin: 0px 0px 10px; color: #666666; font-family: Helvetica,Arial,sans-serif; font-size: 13px; font-style: normal; font-weight: normal; letter-spacing: normal; orphans: 2; text-align: justify; text-indent: 0px; text-transform: none; white-space: normal; widows: 2; word-spacing: 0px; background-color: #ffffff;\"><span style=\"color: #000000; font-size: 12pt; font-family: arial,helvetica,sans-serif;\">&#8211; 20 vagas para Engenharia&nbsp; Mec\u00e2nica.<\/span><\/p>\n<p style=\"margin: 0px 0px 10px; color: #666666; font-family: Helvetica,Arial,sans-serif; font-size: 13px; font-style: normal; font-weight: normal; letter-spacing: normal; orphans: 2; text-align: justify; text-indent: 0px; text-transform: none; white-space: normal; widows: 2; word-spacing: 0px; background-color: #ffffff;\"><span style=\"color: #000000; font-size: 12pt; font-family: arial,helvetica,sans-serif;\"><span style=\"font-family: arial,helvetica,sans-serif;\"><span style=\"color: #000000;\">As inscri\u00e7\u00f5es v\u00e3o at\u00e9 o dia 26 de maio e podem ser realizadas neste<\/span> <a href=\"https:\/\/portal.ufsm.br\/concursos\/inscricao\/opcoes.html?edicao=3287\">link<\/a>. <\/span>A taxa \u00e9 de R$ 37,00.<\/span><\/p>\n<p style=\"margin: 0px 0px 10px; color: #666666; font-family: Helvetica,Arial,sans-serif; font-size: 13px; font-style: normal; font-weight: normal; letter-spacing: normal; orphans: 2; text-align: justify; text-indent: 0px; text-transform: none; white-space: normal; widows: 2; word-spacing: 0px; background-color: #ffffff;\"><span style=\"font-size: 12pt; font-family: arial,helvetica,sans-serif;\"><span style=\"color: #000000;\">O edital e seus adendos est\u00e3o dispon\u00edveis<\/span>&nbsp;<a href=\"http:\/\/site.ufsm.br\/arquivos\/uploaded\/editais\/39404e81-1445-4c51-97ea-22c3645f3295.pdf\"><span style=\"background: none repeat scroll 0px 0px transparent; color: #4782b2; text-decoration: none;\"><span style=\"color: #000000;\">aqui<\/span><\/span>.<\/a><\/span><\/p>\n","protected":false},"excerpt":{"rendered":"<p>A Pr\u00f3-Reitoria de Gradua\u00e7\u00e3o (Prograd) e o Departamento de Registro e Controle Acad\u00eamico (Derca) divulgaram o&nbsp;Edital 029\/2017, de sele\u00e7\u00e3o para ingresso e reingresso em cursos de gradua\u00e7\u00e3o presenciais para o 2\u00ba semestre letivo de 2017. As inscri\u00e7\u00f5es iniciam hoje (15). Foram disponibilizadas 85 vagas nos cinco cursos do Campus Cachoeira do Sul.Sendo, &#8211; 20 vagas [&hellip;]<\/p>\n","protected":false},"author":27,"featured_media":0,"comment_status":"closed","ping_status":"closed","sticky":false,"template":"","format":"standard","meta":{"footnotes":""},"categories":[1],"tags":[],"class_list":["post-639","post","type-post","status-publish","format-standard","hentry","category-noticias"],"acf":[],"_links":{"self":[{"href":"https:\/\/www.ufsm.br\/unidades-universitarias\/cachoeira-do-sul\/wp-json\/wp\/v2\/posts\/639","targetHints":{"allow":["GET"]}}],"collection":[{"href":"https:\/\/www.ufsm.br\/unidades-universitarias\/cachoeira-do-sul\/wp-json\/wp\/v2\/posts"}],"about":[{"href":"https:\/\/www.ufsm.br\/unidades-universitarias\/cachoeira-do-sul\/wp-json\/wp\/v2\/types\/post"}],"author":[{"embeddable":true,"href":"https:\/\/www.ufsm.br\/unidades-universitarias\/cachoeira-do-sul\/wp-json\/wp\/v2\/users\/27"}],"replies":[{"embeddable":true,"href":"https:\/\/www.ufsm.br\/unidades-universitarias\/cachoeira-do-sul\/wp-json\/wp\/v2\/comments?post=639"}],"version-history":[{"count":0,"href":"https:\/\/www.ufsm.br\/unidades-universitarias\/cachoeira-do-sul\/wp-json\/wp\/v2\/posts\/639\/revisions"}],"wp:attachment":[{"href":"https:\/\/www.ufsm.br\/unidades-universitarias\/cachoeira-do-sul\/wp-json\/wp\/v2\/media?parent=639"}],"wp:term":[{"taxonomy":"category","embeddable":true,"href":"https:\/\/www.ufsm.br\/unidades-universitarias\/cachoeira-do-sul\/wp-json\/wp\/v2\/categories?post=639"},{"taxonomy":"post_tag","embeddable":true,"href":"https:\/\/www.ufsm.br\/unidades-universitarias\/cachoeira-do-sul\/wp-json\/wp\/v2\/tags?post=639"}],"curies":[{"name":"wp","href":"https:\/\/api.w.org\/{rel}","templated":true}]}}