{"id":6422,"date":"2025-02-12T11:48:18","date_gmt":"2025-02-12T14:48:18","guid":{"rendered":"https:\/\/www.ufsm.br\/unidades-universitarias\/cachoeira-do-sul\/?p=6422"},"modified":"2025-02-12T11:48:20","modified_gmt":"2025-02-12T14:48:20","slug":"interdicao-no-acesso-principal-ao-campus-exige-uso-de-entrada-secundaria","status":"publish","type":"post","link":"https:\/\/www.ufsm.br\/unidades-universitarias\/cachoeira-do-sul\/2025\/02\/12\/interdicao-no-acesso-principal-ao-campus-exige-uso-de-entrada-secundaria","title":{"rendered":"Interdi\u00e7\u00e3o no acesso principal ao campus exige uso de entrada secund\u00e1ria"},"content":{"rendered":"\n<p data-start=\"71\" data-end=\"346\"><a href=\"https:\/\/www.ufsm.br\/app\/uploads\/sites\/376\/2025\/02\/Cards-Feed-2025-2.jpg\"><img fetchpriority=\"high\" decoding=\"async\" class=\"size-medium wp-image-6423 alignright\" src=\"https:\/\/www.ufsm.br\/app\/uploads\/sites\/376\/2025\/02\/Cards-Feed-2025-2-300x300.jpg\" alt=\"\" width=\"300\" height=\"300\" srcset=\"https:\/\/www.ufsm.br\/app\/uploads\/sites\/376\/2025\/02\/Cards-Feed-2025-2-300x300.jpg 300w, https:\/\/www.ufsm.br\/app\/uploads\/sites\/376\/2025\/02\/Cards-Feed-2025-2-1024x1024.jpg 1024w, https:\/\/www.ufsm.br\/app\/uploads\/sites\/376\/2025\/02\/Cards-Feed-2025-2-150x150.jpg 150w, https:\/\/www.ufsm.br\/app\/uploads\/sites\/376\/2025\/02\/Cards-Feed-2025-2-768x768.jpg 768w, https:\/\/www.ufsm.br\/app\/uploads\/sites\/376\/2025\/02\/Cards-Feed-2025-2.jpg 1080w\" sizes=\"(max-width: 300px) 100vw, 300px\" \/><\/a>A empresa respons\u00e1vel pela constru\u00e7\u00e3o do novo acesso anunciou a interrup\u00e7\u00e3o tempor\u00e1ria do tr\u00e1fego de ve\u00edculos no local. A medida se faz necess\u00e1ria para a realiza\u00e7\u00e3o de escava\u00e7\u00f5es e a instala\u00e7\u00e3o de tubula\u00e7\u00f5es, atividades que demandam precis\u00e3o e garantem a seguran\u00e7a da obra.<\/p>\n<p data-start=\"348\" data-end=\"677\">Com a interdi\u00e7\u00e3o, os motoristas dever\u00e3o utilizar o acesso secund\u00e1rio por tempo indeterminado. A Dire\u00e7\u00e3o do campus da UFSM em Cachoeira do Sul alerta para a necessidade de maior aten\u00e7\u00e3o ao transitar pelo trajeto alternativo, uma vez que suas caracter\u00edsticas diferem do acesso principal, exigindo mais cautela, especialmente nos hor\u00e1rios de maior movimento.<\/p>\n<p data-start=\"679\" data-end=\"890\" data-is-last-node=\"\">A colabora\u00e7\u00e3o da comunidade \u00e9 essencial para manter a seguran\u00e7a e a organiza\u00e7\u00e3o durante esse per\u00edodo.\u00a0<\/p>\n<p data-start=\"679\" data-end=\"890\" data-is-last-node=\"\">\u00a0<\/p>\n<p>\u00a0<\/p>\n","protected":false},"excerpt":{"rendered":"<p>Obra bloquear\u00e1 a passagem de ve\u00edculos por tempo indeterminado, exigindo aten\u00e7\u00e3o redobrada dos motoristas que trafegarem pelo acesso secund\u00e1rio<\/p>\n","protected":false},"author":293,"featured_media":6424,"comment_status":"closed","ping_status":"closed","sticky":false,"template":"","format":"standard","meta":{"footnotes":""},"categories":[1],"tags":[675],"class_list":["post-6422","post","type-post","status-publish","format-standard","has-post-thumbnail","hentry","category-noticias","tag-destaques"],"acf":[],"_links":{"self":[{"href":"https:\/\/www.ufsm.br\/unidades-universitarias\/cachoeira-do-sul\/wp-json\/wp\/v2\/posts\/6422","targetHints":{"allow":["GET"]}}],"collection":[{"href":"https:\/\/www.ufsm.br\/unidades-universitarias\/cachoeira-do-sul\/wp-json\/wp\/v2\/posts"}],"about":[{"href":"https:\/\/www.ufsm.br\/unidades-universitarias\/cachoeira-do-sul\/wp-json\/wp\/v2\/types\/post"}],"author":[{"embeddable":true,"href":"https:\/\/www.ufsm.br\/unidades-universitarias\/cachoeira-do-sul\/wp-json\/wp\/v2\/users\/293"}],"replies":[{"embeddable":true,"href":"https:\/\/www.ufsm.br\/unidades-universitarias\/cachoeira-do-sul\/wp-json\/wp\/v2\/comments?post=6422"}],"version-history":[{"count":0,"href":"https:\/\/www.ufsm.br\/unidades-universitarias\/cachoeira-do-sul\/wp-json\/wp\/v2\/posts\/6422\/revisions"}],"wp:featuredmedia":[{"embeddable":true,"href":"https:\/\/www.ufsm.br\/unidades-universitarias\/cachoeira-do-sul\/wp-json\/wp\/v2\/media\/6424"}],"wp:attachment":[{"href":"https:\/\/www.ufsm.br\/unidades-universitarias\/cachoeira-do-sul\/wp-json\/wp\/v2\/media?parent=6422"}],"wp:term":[{"taxonomy":"category","embeddable":true,"href":"https:\/\/www.ufsm.br\/unidades-universitarias\/cachoeira-do-sul\/wp-json\/wp\/v2\/categories?post=6422"},{"taxonomy":"post_tag","embeddable":true,"href":"https:\/\/www.ufsm.br\/unidades-universitarias\/cachoeira-do-sul\/wp-json\/wp\/v2\/tags?post=6422"}],"curies":[{"name":"wp","href":"https:\/\/api.w.org\/{rel}","templated":true}]}}