{"id":6425,"date":"2025-02-21T08:53:46","date_gmt":"2025-02-21T11:53:46","guid":{"rendered":"https:\/\/www.ufsm.br\/unidades-universitarias\/cachoeira-do-sul\/?p=6425"},"modified":"2025-02-21T08:53:48","modified_gmt":"2025-02-21T11:53:48","slug":"inventario-do-acervo-artistico-religioso-da-catedral-nossa-senhora-da-conceicao","status":"publish","type":"post","link":"https:\/\/www.ufsm.br\/unidades-universitarias\/cachoeira-do-sul\/2025\/02\/21\/inventario-do-acervo-artistico-religioso-da-catedral-nossa-senhora-da-conceicao","title":{"rendered":"Invent\u00e1rio do Acervo Art\u00edstico Religioso da Catedral Nossa Senhora da Concei\u00e7\u00e3o"},"content":{"rendered":"\n<figure id=\"attachment_6430\" aria-describedby=\"caption-attachment-6430\" style=\"width: 300px\" class=\"wp-caption alignright\"><img fetchpriority=\"high\" decoding=\"async\" class=\"size-medium wp-image-6430\" src=\"https:\/\/www.ufsm.br\/app\/uploads\/sites\/376\/2025\/02\/unnamed-300x225.jpg\" alt=\"\" width=\"300\" height=\"225\" srcset=\"https:\/\/www.ufsm.br\/app\/uploads\/sites\/376\/2025\/02\/unnamed-300x225.jpg 300w, https:\/\/www.ufsm.br\/app\/uploads\/sites\/376\/2025\/02\/unnamed-1024x768.jpg 1024w, https:\/\/www.ufsm.br\/app\/uploads\/sites\/376\/2025\/02\/unnamed-768x576.jpg 768w, https:\/\/www.ufsm.br\/app\/uploads\/sites\/376\/2025\/02\/unnamed-1536x1152.jpg 1536w, https:\/\/www.ufsm.br\/app\/uploads\/sites\/376\/2025\/02\/unnamed.jpg 1600w\" sizes=\"(max-width: 300px) 100vw, 300px\" \/><figcaption id=\"caption-attachment-6430\" class=\"wp-caption-text\">Registro de reuni\u00e3o na Igreja com padre Rudinei Lasch para alinhamento de informa\u00e7\u00f5es do invent\u00e1rio em novembro de 2024 (Esq. para dir.: prof\u00aa Maria Luiza Zanatta, aluna Luiza Flores, aluna Aline Nambu e padre Rudinei Lasch)<\/figcaption><\/figure>\n<p>No segundo semestre de 2024, o projeto de ensino\u00a0<strong>n\u00ba 062764 &#8211; &#8220;Invent\u00e1rio do Acervo Art\u00edstico Religioso da Catedral Nossa Senhora da Concei\u00e7\u00e3o e Elabora\u00e7\u00e3o de Miniguia voltado \u00e0 Educa\u00e7\u00e3o e Cultura para Piloto junto \u00e0 Rede B\u00e1sica de Educa\u00e7\u00e3o de Cachoeira do Sul &#8211; RS&#8221;<\/strong>, coordenado pela professora\u00a0<strong>Dr\u00aa Maria Luiza Zanatta<\/strong>, realizou um levantamento detalhado do patrim\u00f4nio art\u00edstico e religioso presente na\u00a0<strong>Catedral Nossa Senhora da Concei\u00e7\u00e3o<\/strong>.<\/p>\n<p>Entre as pe\u00e7as catalogadas e descritas, destaca-se a imagem do\u00a0<strong>Nosso Senhor dos Passos<\/strong>, presente no tombamento da Catedral pelo\u00a0<strong>COMPAHC<\/strong>\u00a0em 1985. A escultura de roca possui caracter\u00edsticas not\u00e1veis, como\u00a0<strong>olhos de vidro, cabelos humanos e vestimentas de tecido\u00a0<\/strong>que\u00a0evidenciam sua relev\u00e2ncia hist\u00f3rica e art\u00edstica para o munic\u00edpio.<\/p>\n<p><img decoding=\"async\" class=\"size-medium wp-image-6428 alignleft\" src=\"https:\/\/www.ufsm.br\/app\/uploads\/sites\/376\/2025\/02\/WhatsApp-Image-2025-02-15-at-12.38.58-300x169.jpeg\" alt=\"\" width=\"300\" height=\"169\" srcset=\"https:\/\/www.ufsm.br\/app\/uploads\/sites\/376\/2025\/02\/WhatsApp-Image-2025-02-15-at-12.38.58-300x169.jpeg 300w, https:\/\/www.ufsm.br\/app\/uploads\/sites\/376\/2025\/02\/WhatsApp-Image-2025-02-15-at-12.38.58-1024x576.jpeg 1024w, https:\/\/www.ufsm.br\/app\/uploads\/sites\/376\/2025\/02\/WhatsApp-Image-2025-02-15-at-12.38.58-768x432.jpeg 768w, https:\/\/www.ufsm.br\/app\/uploads\/sites\/376\/2025\/02\/WhatsApp-Image-2025-02-15-at-12.38.58-1536x864.jpeg 1536w, https:\/\/www.ufsm.br\/app\/uploads\/sites\/376\/2025\/02\/WhatsApp-Image-2025-02-15-at-12.38.58.jpeg 1600w\" sizes=\"(max-width: 300px) 100vw, 300px\" \/>O projeto foi apresentado em dezembro de 2024 no formato piloto para alunos do\u00a0<strong>4\u00ba e 5\u00ba anos do ensino fundamental<\/strong>\u00a0da\u00a0<strong>Escola Rio Jacu\u00ed<\/strong>, promovendo uma aproxima\u00e7\u00e3o entre a comunidade escolar e o patrim\u00f4nio local. Durante as atividades, os estudantes receberam uma\u00a0<strong>cartilha educativa<\/strong>, participaram de\u00a0<strong>jogos interativos<\/strong>\u00a0e acompanharam a\u00a0<strong>apresenta\u00e7\u00e3o do trabalho realizado na Matriz<\/strong>.<\/p>\n<p>A iniciativa teve como objetivo\u00a0<strong>disponibilizar conhecimento sobre o patrim\u00f4nio art\u00edstico e religioso<\/strong>, incentivando a forma\u00e7\u00e3o de cidad\u00e3os mais conscientes da\u00a0<strong>necessidade de preservar os bens culturais do munic\u00edpio<\/strong>.<\/p>\n\n\n\n\n","protected":false},"excerpt":{"rendered":"<p>No segundo semestre de 2024, o projeto de ensino\u00a0n\u00ba 062764 &#8211; &#8220;Invent\u00e1rio do Acervo Art\u00edstico Religioso da Catedral Nossa Senhora da Concei\u00e7\u00e3o e Elabora\u00e7\u00e3o de Miniguia voltado \u00e0 Educa\u00e7\u00e3o e Cultura para Piloto junto \u00e0 Rede B\u00e1sica de Educa\u00e7\u00e3o de Cachoeira do Sul &#8211; RS&#8221;, coordenado pela professora\u00a0Dr\u00aa Maria Luiza Zanatta, realizou um levantamento detalhado [&hellip;]<\/p>\n","protected":false},"author":8249,"featured_media":6431,"comment_status":"closed","ping_status":"closed","sticky":false,"template":"","format":"standard","meta":{"footnotes":""},"categories":[1],"tags":[675],"class_list":["post-6425","post","type-post","status-publish","format-standard","has-post-thumbnail","hentry","category-noticias","tag-destaques"],"acf":[],"_links":{"self":[{"href":"https:\/\/www.ufsm.br\/unidades-universitarias\/cachoeira-do-sul\/wp-json\/wp\/v2\/posts\/6425","targetHints":{"allow":["GET"]}}],"collection":[{"href":"https:\/\/www.ufsm.br\/unidades-universitarias\/cachoeira-do-sul\/wp-json\/wp\/v2\/posts"}],"about":[{"href":"https:\/\/www.ufsm.br\/unidades-universitarias\/cachoeira-do-sul\/wp-json\/wp\/v2\/types\/post"}],"author":[{"embeddable":true,"href":"https:\/\/www.ufsm.br\/unidades-universitarias\/cachoeira-do-sul\/wp-json\/wp\/v2\/users\/8249"}],"replies":[{"embeddable":true,"href":"https:\/\/www.ufsm.br\/unidades-universitarias\/cachoeira-do-sul\/wp-json\/wp\/v2\/comments?post=6425"}],"version-history":[{"count":0,"href":"https:\/\/www.ufsm.br\/unidades-universitarias\/cachoeira-do-sul\/wp-json\/wp\/v2\/posts\/6425\/revisions"}],"wp:featuredmedia":[{"embeddable":true,"href":"https:\/\/www.ufsm.br\/unidades-universitarias\/cachoeira-do-sul\/wp-json\/wp\/v2\/media\/6431"}],"wp:attachment":[{"href":"https:\/\/www.ufsm.br\/unidades-universitarias\/cachoeira-do-sul\/wp-json\/wp\/v2\/media?parent=6425"}],"wp:term":[{"taxonomy":"category","embeddable":true,"href":"https:\/\/www.ufsm.br\/unidades-universitarias\/cachoeira-do-sul\/wp-json\/wp\/v2\/categories?post=6425"},{"taxonomy":"post_tag","embeddable":true,"href":"https:\/\/www.ufsm.br\/unidades-universitarias\/cachoeira-do-sul\/wp-json\/wp\/v2\/tags?post=6425"}],"curies":[{"name":"wp","href":"https:\/\/api.w.org\/{rel}","templated":true}]}}