{"id":646,"date":"2017-05-22T13:18:11","date_gmt":"2017-05-22T16:18:11","guid":{"rendered":"https:\/\/www.ufsm.br\/unidades-universitarias\/cachoeira-do-sul\/2017\/05\/22\/bolsistas-do-lamot-visitam-empresa-em-cachoeira-do-sul\/"},"modified":"2017-05-22T13:18:11","modified_gmt":"2017-05-22T16:18:11","slug":"bolsistas-do-lamot-visitam-empresa-em-cachoeira-do-sul","status":"publish","type":"post","link":"https:\/\/www.ufsm.br\/unidades-universitarias\/cachoeira-do-sul\/2017\/05\/22\/bolsistas-do-lamot-visitam-empresa-em-cachoeira-do-sul","title":{"rendered":"Bolsistas do LAMOT visitam empresa em Cachoeira do Sul"},"content":{"rendered":"<div style=\"color: #222222; font-family: arial,sans-serif; font-size: 12.8px; font-style: normal; font-weight: normal; letter-spacing: normal; orphans: 2; text-align: justify; text-indent: 0px; text-transform: none; white-space: normal; widows: 2; word-spacing: 0px; background-color: #ffffff;\"><span style=\"font-size: 12pt; font-family: arial,helvetica,sans-serif;\">Na manh\u00e3 da \u00faltima sexta-feira, dia 18 de maio, o Professor Alejandro Ruiz Padillo e as alunas do curso de Engenharia de Transportes e Log\u00edstica da UFSM-CS, Caroline Alves da Silveira e Marceli Adriane Schvartz, bolsistas do Laborat\u00f3rio de Mobilidade e Log\u00edstica &#8211; LAMOT, foram apresentar, \u00e0 empresa Ind\u00fastria Agro-Pertences LTDA, a pesquisa sobre o &#8220;Estudo sobre o Sistemas de Transportes em Cachoeira do Sul e viabilidade da utiliza\u00e7\u00e3o da Intermodalidade como meio de desenvolvimento local&#8221;. Esta pesquisa est\u00e1 sendo desenvolvida pelos integrantes do LAMOT dentro do projeto de ensino, pesquisa e extens\u00e3o &#8220;Avalia\u00e7\u00e3o das potencialidades de transporte e intermodalidade no Vale do Jacu\u00ed \u2013 RS&#8221;, em parceria com a prefeitura municipal de Cachoeira do Sul e a C\u00e2mara de Agroneg\u00f3cio, Com\u00e9rcio, Ind\u00fastria e Servi\u00e7os de Cachoeira do Sul (CACISC). Esse projeto visa conhecer e avaliar as caracter\u00edsticas dos modais de transportes de cargas presentes na regi\u00e3o, assim como as possibilidades de expans\u00e3o das opera\u00e7\u00f5es de intermodalidade, desde o ponto de vista das maiores empresas de movimenta\u00e7\u00e3o de cargas no interior do Estado, como a Granol, a Horbach,a Screw, a Geguton, a Engenho Treichel e a Engenho Moraes, al\u00e9m da pr\u00f3pria Agro-Pertences. <\/span><\/div>\n<div style=\"color: #222222; font-family: arial,sans-serif; font-size: 12.8px; font-style: normal; font-weight: normal; letter-spacing: normal; orphans: 2; text-align: justify; text-indent: 0px; text-transform: none; white-space: normal; widows: 2; word-spacing: 0px; background-color: #ffffff;\">&nbsp;<\/div>\n<div style=\"color: #222222; font-family: arial,sans-serif; font-size: 12.8px; font-style: normal; font-weight: normal; letter-spacing: normal; orphans: 2; text-align: justify; text-indent: 0px; text-transform: none; white-space: normal; widows: 2; word-spacing: 0px; background-color: #ffffff;\"><span style=\"font-size: 12pt; font-family: arial,helvetica,sans-serif;\">A partir dos conhecimentos adquiridos mediante a pesquisa e os contatos com os gerentes e respons\u00e1veis de log\u00edstica dessas empresas, o grupo desenvolver\u00e1 material espec\u00edfico para realizar apresenta\u00e7\u00f5es e palestras de divulga\u00e7\u00e3o dos resultados aos empres\u00e1rios s\u00f3cios da CACISC e \u00e0 popula\u00e7\u00e3o em geral, e servir\u00e1 de base para estudos espec\u00edficos na \u00e1rea.<\/span><\/div>\n<div style=\"color: #222222; font-family: arial,sans-serif; font-size: 12.8px; font-style: normal; font-weight: normal; letter-spacing: normal; orphans: 2; text-align: justify; text-indent: 0px; text-transform: none; white-space: normal; widows: 2; word-spacing: 0px; background-color: #ffffff;\">&nbsp;<\/div>\n<div style=\"color: #222222; font-family: arial,sans-serif; font-size: 12.8px; font-style: normal; font-weight: normal; letter-spacing: normal; orphans: 2; text-align: justify; text-indent: 0px; text-transform: none; white-space: normal; widows: 2; word-spacing: 0px; background-color: #ffffff;\"><span style=\"font-size: 12pt; font-family: arial,helvetica,sans-serif;\">Com ocasi\u00e3o da aproxima\u00e7\u00e3o do professor e das bolsistas \u00e0 empresa Agro-Pertences, colaboradora no projeto, tamb\u00e9m foi realizada uma visita t\u00e9cnica \u00e0s suas instala\u00e7\u00f5es guiada pelo Sr. Moacir Ant\u00f4nio Marzari, diretor executivo da empresa. Foram conhecidas a log\u00edstica interna da empresa, os processos de linha de montagem e reposi\u00e7\u00e3o, bem como tecnologias, produtos e empresas importadoras. Durante a visita, foi poss\u00edvel observar diretamente os processos de movimenta\u00e7\u00e3o e log\u00edstica de cargas dentro das linhas de produ\u00e7\u00e3o, assim como para estocagem e sa\u00edda de mercadorias para os clientes, facilitando uma aproxima\u00e7\u00e3o pr\u00e1tica aos conte\u00fados te\u00f3ricos estudados nas disciplinas espec\u00edficas do curso e dentro do Laborat\u00f3rio.<\/span><span style=\"font-size: 12pt; font-family: arial,helvetica,sans-serif;\"><\/span><\/div>\n<div style=\"color: #222222; font-family: arial,sans-serif; font-size: 12.8px; font-style: normal; font-weight: normal; letter-spacing: normal; orphans: 2; text-align: justify; text-indent: 0px; text-transform: none; white-space: normal; widows: 2; word-spacing: 0px; background-color: #ffffff;\">&nbsp;<\/div>\n<div style=\"color: #222222; font-family: arial,sans-serif; font-size: 12.8px; font-style: normal; font-weight: normal; letter-spacing: normal; orphans: 2; text-align: justify; text-indent: 0px; text-transform: none; white-space: normal; widows: 2; word-spacing: 0px; background-color: #ffffff;\"><span style=\"font-size: 12pt; font-family: arial,helvetica,sans-serif;\">As atividades est\u00e3o em andamento desde in\u00edcio do ano 2017 com apoio de recursos e bolsas procedentes do Programa Institucional de Volunt\u00e1rio Acad\u00eamico modalidade extens\u00e3o (PIVEX) e do Fundo de Incentivo \u00e0 Extens\u00e3o (FIEX), da UFSM.<\/span><\/div>\n<div style=\"color: #222222; font-family: arial,sans-serif; font-size: 12.8px; font-style: normal; font-weight: normal; letter-spacing: normal; orphans: 2; text-align: justify; text-indent: 0px; text-transform: none; white-space: normal; widows: 2; word-spacing: 0px; background-color: #ffffff;\">&nbsp;<\/div>\n<div style=\"color: #222222; font-family: arial,sans-serif; font-size: 12.8px; font-style: normal; font-weight: normal; letter-spacing: normal; orphans: 2; text-align: justify; text-indent: 0px; text-transform: none; white-space: normal; widows: 2; word-spacing: 0px; background-color: #ffffff;\">&nbsp;<\/div>\n<div style=\"color: #222222; font-family: arial,sans-serif; font-size: 12.8px; font-style: normal; font-weight: normal; letter-spacing: normal; orphans: 2; text-indent: 0px; text-transform: none; white-space: normal; widows: 2; word-spacing: 0px; background-color: #ffffff;\"><span style=\"font-size: 12pt; font-family: arial,helvetica,sans-serif;\"><img fetchpriority=\"high\" decoding=\"async\" class=\" size-full wp-image-642\" style=\"display: block; margin-left: auto; margin-right: auto;\" src=\"https:\/\/www.ufsm.br\/unidades-universitarias\/cachoeira-do-sul\/wp-content\/uploads\/sites\/376\/2017\/05\/Slide1.JPG\" alt=\"Slide1\" width=\"900\" height=\"507\" srcset=\"https:\/\/www.ufsm.br\/app\/uploads\/sites\/376\/2017\/05\/Slide1.JPG 1280w, https:\/\/www.ufsm.br\/app\/uploads\/sites\/376\/2017\/05\/Slide1-300x169.jpg 300w, https:\/\/www.ufsm.br\/app\/uploads\/sites\/376\/2017\/05\/Slide1-768x432.jpg 768w, https:\/\/www.ufsm.br\/app\/uploads\/sites\/376\/2017\/05\/Slide1-1024x576.jpg 1024w\" sizes=\"(max-width: 900px) 100vw, 900px\" \/><\/span><\/div>\n<div style=\"color: #222222; font-family: arial,sans-serif; font-size: 12.8px; font-style: normal; font-weight: normal; letter-spacing: normal; orphans: 2; text-align: justify; text-indent: 0px; text-transform: none; white-space: normal; widows: 2; word-spacing: 0px; background-color: #ffffff;\">&nbsp;<\/div>\n<div style=\"color: #222222; font-family: arial,sans-serif; font-size: 12.8px; font-style: normal; font-weight: normal; letter-spacing: normal; orphans: 2; text-indent: 0px; text-transform: none; white-space: normal; widows: 2; word-spacing: 0px; background-color: #ffffff;\"><img decoding=\"async\" class=\" size-full wp-image-643\" style=\"display: block; margin-left: auto; margin-right: auto;\" src=\"https:\/\/www.ufsm.br\/unidades-universitarias\/cachoeira-do-sul\/wp-content\/uploads\/sites\/376\/2017\/05\/Slide2.JPG\" alt=\"Slide2\" width=\"900\" height=\"507\" srcset=\"https:\/\/www.ufsm.br\/app\/uploads\/sites\/376\/2017\/05\/Slide2.JPG 1280w, https:\/\/www.ufsm.br\/app\/uploads\/sites\/376\/2017\/05\/Slide2-300x169.jpg 300w, https:\/\/www.ufsm.br\/app\/uploads\/sites\/376\/2017\/05\/Slide2-768x432.jpg 768w, https:\/\/www.ufsm.br\/app\/uploads\/sites\/376\/2017\/05\/Slide2-1024x576.jpg 1024w\" sizes=\"(max-width: 900px) 100vw, 900px\" \/><\/div>\n<div style=\"color: #222222; font-family: arial,sans-serif; font-size: 12.8px; font-style: normal; font-weight: normal; letter-spacing: normal; orphans: 2; text-indent: 0px; text-transform: none; white-space: normal; widows: 2; word-spacing: 0px; background-color: #ffffff;\">&nbsp;<\/div>\n<div style=\"color: #222222; font-family: arial,sans-serif; font-size: 12.8px; font-style: normal; font-weight: normal; letter-spacing: normal; orphans: 2; text-indent: 0px; text-transform: none; white-space: normal; widows: 2; word-spacing: 0px; background-color: #ffffff;\"><img decoding=\"async\" class=\" size-full wp-image-644\" style=\"display: block; margin-left: auto; margin-right: auto;\" src=\"https:\/\/www.ufsm.br\/unidades-universitarias\/cachoeira-do-sul\/wp-content\/uploads\/sites\/376\/2017\/05\/Slide3.JPG\" alt=\"Slide3\" width=\"900\" height=\"507\" srcset=\"https:\/\/www.ufsm.br\/app\/uploads\/sites\/376\/2017\/05\/Slide3.JPG 1280w, https:\/\/www.ufsm.br\/app\/uploads\/sites\/376\/2017\/05\/Slide3-300x169.jpg 300w, https:\/\/www.ufsm.br\/app\/uploads\/sites\/376\/2017\/05\/Slide3-768x432.jpg 768w, https:\/\/www.ufsm.br\/app\/uploads\/sites\/376\/2017\/05\/Slide3-1024x576.jpg 1024w\" sizes=\"(max-width: 900px) 100vw, 900px\" \/><\/div>\n<div style=\"color: #222222; font-family: arial,sans-serif; font-size: 12.8px; font-style: normal; font-weight: normal; letter-spacing: normal; orphans: 2; text-indent: 0px; text-transform: none; white-space: normal; widows: 2; word-spacing: 0px; background-color: #ffffff;\">&nbsp;<\/div>\n<div style=\"color: #222222; font-family: arial,sans-serif; font-size: 12.8px; font-style: normal; font-weight: normal; letter-spacing: normal; orphans: 2; text-indent: 0px; text-transform: none; white-space: normal; widows: 2; word-spacing: 0px; background-color: #ffffff;\"><img loading=\"lazy\" decoding=\"async\" class=\" size-full wp-image-645\" style=\"display: block; margin-left: auto; margin-right: auto;\" src=\"https:\/\/www.ufsm.br\/unidades-universitarias\/cachoeira-do-sul\/wp-content\/uploads\/sites\/376\/2017\/05\/Slide4.JPG\" alt=\"Slide4\" width=\"900\" height=\"507\" srcset=\"https:\/\/www.ufsm.br\/app\/uploads\/sites\/376\/2017\/05\/Slide4.JPG 1280w, https:\/\/www.ufsm.br\/app\/uploads\/sites\/376\/2017\/05\/Slide4-300x169.jpg 300w, https:\/\/www.ufsm.br\/app\/uploads\/sites\/376\/2017\/05\/Slide4-768x432.jpg 768w, https:\/\/www.ufsm.br\/app\/uploads\/sites\/376\/2017\/05\/Slide4-1024x576.jpg 1024w\" sizes=\"(max-width: 900px) 100vw, 900px\" \/><\/div>\n<div style=\"color: #222222; font-family: arial,sans-serif; font-size: 12.8px; font-style: normal; font-weight: normal; letter-spacing: normal; orphans: 2; text-align: justify; text-indent: 0px; text-transform: none; white-space: normal; widows: 2; word-spacing: 0px; background-color: #ffffff;\">&nbsp;<\/div>\n","protected":false},"excerpt":{"rendered":"<p>Na manh\u00e3 da \u00faltima sexta-feira, dia 18 de maio, o Professor Alejandro Ruiz Padillo e as alunas do curso de Engenharia de Transportes e Log\u00edstica da UFSM-CS, Caroline Alves da Silveira e Marceli Adriane Schvartz, bolsistas do Laborat\u00f3rio de Mobilidade e Log\u00edstica &#8211; LAMOT, foram apresentar, \u00e0 empresa Ind\u00fastria Agro-Pertences LTDA, a pesquisa sobre o [&hellip;]<\/p>\n","protected":false},"author":27,"featured_media":642,"comment_status":"closed","ping_status":"closed","sticky":false,"template":"","format":"standard","meta":{"footnotes":""},"categories":[1],"tags":[],"class_list":["post-646","post","type-post","status-publish","format-standard","has-post-thumbnail","hentry","category-noticias"],"acf":[],"_links":{"self":[{"href":"https:\/\/www.ufsm.br\/unidades-universitarias\/cachoeira-do-sul\/wp-json\/wp\/v2\/posts\/646","targetHints":{"allow":["GET"]}}],"collection":[{"href":"https:\/\/www.ufsm.br\/unidades-universitarias\/cachoeira-do-sul\/wp-json\/wp\/v2\/posts"}],"about":[{"href":"https:\/\/www.ufsm.br\/unidades-universitarias\/cachoeira-do-sul\/wp-json\/wp\/v2\/types\/post"}],"author":[{"embeddable":true,"href":"https:\/\/www.ufsm.br\/unidades-universitarias\/cachoeira-do-sul\/wp-json\/wp\/v2\/users\/27"}],"replies":[{"embeddable":true,"href":"https:\/\/www.ufsm.br\/unidades-universitarias\/cachoeira-do-sul\/wp-json\/wp\/v2\/comments?post=646"}],"version-history":[{"count":0,"href":"https:\/\/www.ufsm.br\/unidades-universitarias\/cachoeira-do-sul\/wp-json\/wp\/v2\/posts\/646\/revisions"}],"wp:featuredmedia":[{"embeddable":true,"href":"https:\/\/www.ufsm.br\/unidades-universitarias\/cachoeira-do-sul\/wp-json\/wp\/v2\/media\/642"}],"wp:attachment":[{"href":"https:\/\/www.ufsm.br\/unidades-universitarias\/cachoeira-do-sul\/wp-json\/wp\/v2\/media?parent=646"}],"wp:term":[{"taxonomy":"category","embeddable":true,"href":"https:\/\/www.ufsm.br\/unidades-universitarias\/cachoeira-do-sul\/wp-json\/wp\/v2\/categories?post=646"},{"taxonomy":"post_tag","embeddable":true,"href":"https:\/\/www.ufsm.br\/unidades-universitarias\/cachoeira-do-sul\/wp-json\/wp\/v2\/tags?post=646"}],"curies":[{"name":"wp","href":"https:\/\/api.w.org\/{rel}","templated":true}]}}