{"id":6504,"date":"2025-03-07T10:50:46","date_gmt":"2025-03-07T13:50:46","guid":{"rendered":"https:\/\/www.ufsm.br\/unidades-universitarias\/cachoeira-do-sul\/?p=6504"},"modified":"2025-03-07T12:16:17","modified_gmt":"2025-03-07T15:16:17","slug":"diretores-dos-campi-da-ufsm-reunem-se-em-cachoeira-do-sul-para-discutir-demandas-institucionais","status":"publish","type":"post","link":"https:\/\/www.ufsm.br\/unidades-universitarias\/cachoeira-do-sul\/2025\/03\/07\/diretores-dos-campi-da-ufsm-reunem-se-em-cachoeira-do-sul-para-discutir-demandas-institucionais","title":{"rendered":"Diretores dos campi fora de sede da UFSM re\u00fanem-se em Cachoeira do Sul para discutir demandas institucionais"},"content":{"rendered":"\n<p><img fetchpriority=\"high\" decoding=\"async\" class=\" wp-image-6517 alignleft\" src=\"https:\/\/www.ufsm.br\/app\/uploads\/sites\/376\/2025\/03\/WhatsApp-Image-2025-03-07-at-10.22.39-300x169.jpeg\" alt=\"\" width=\"427\" height=\"240\" srcset=\"https:\/\/www.ufsm.br\/app\/uploads\/sites\/376\/2025\/03\/WhatsApp-Image-2025-03-07-at-10.22.39-300x169.jpeg 300w, https:\/\/www.ufsm.br\/app\/uploads\/sites\/376\/2025\/03\/WhatsApp-Image-2025-03-07-at-10.22.39-1024x576.jpeg 1024w, https:\/\/www.ufsm.br\/app\/uploads\/sites\/376\/2025\/03\/WhatsApp-Image-2025-03-07-at-10.22.39-768x432.jpeg 768w, https:\/\/www.ufsm.br\/app\/uploads\/sites\/376\/2025\/03\/WhatsApp-Image-2025-03-07-at-10.22.39-1536x864.jpeg 1536w, https:\/\/www.ufsm.br\/app\/uploads\/sites\/376\/2025\/03\/WhatsApp-Image-2025-03-07-at-10.22.39.jpeg 1600w\" sizes=\"(max-width: 427px) 100vw, 427px\" \/>No dia 6 de mar\u00e7o, os diretores dos campi de Palmeira das Miss\u00f5es (UFSM-PM), Adriano Lago, e de Frederico Westphalen (UFSM-FW), Braulio Caron, realizaram uma visita ao campus da Universidade Federal de Santa Maria em Cachoeira do Sul (UFSM-CS), dirigido por Anderson Dal Molin, diretor da UFSM-CS, com o apoio do vice-diretor Giovani Zabot. O encontro teve como principal objetivo avaliar e discutir as realidades e demandas comuns entre os tr\u00eas campi, abordando temas relevantes como pol\u00edticas estudantis, recursos humanos e financeiros, infraestrutura, cursos, eventos, projetos, servi\u00e7os e manuten\u00e7\u00e3o.<\/p>\n<p>Durante a visita, os diretores puderam conhecer de perto as instala\u00e7\u00f5es do campus de Cachoeira do Sul, incluindo as obras em andamento e parte da estrutura f\u00edsica j\u00e1 existente. A troca de experi\u00eancias entre as dire\u00e7\u00f5es refor\u00e7ou a import\u00e2ncia da coopera\u00e7\u00e3o entre os campi para o fortalecimento da UFSM como um todo, promovendo melhorias para a comunidade acad\u00eamica e avan\u00e7os institucionais.<\/p>\n<p>Mais do que um momento de discuss\u00f5es t\u00e9cnicas, o encontro foi uma oportunidade para fortalecer la\u00e7os e trocar ideias sobre os desafios e conquistas de cada campus. A conversa franca e a disposi\u00e7\u00e3o para colaborar demonstram o compromisso da UFSM em construir, juntos, um ambiente acad\u00eamico cada vez mais acolhedor e eficiente para estudantes, professores e servidores.<\/p>\n\n\n","protected":false},"excerpt":{"rendered":"<p>No dia 6 de mar\u00e7o, os diretores dos campi de Palmeira das Miss\u00f5es (UFSM-PM), Adriano Lago, e de Frederico Westphalen (UFSM-FW), Braulio Caron, realizaram uma visita ao campus da Universidade Federal de Santa Maria em Cachoeira do Sul (UFSM-CS), dirigido por Anderson Dal Molin, diretor da UFSM-CS, com o apoio do vice-diretor Giovani Zabot. O [&hellip;]<\/p>\n","protected":false},"author":8249,"featured_media":6506,"comment_status":"closed","ping_status":"closed","sticky":false,"template":"","format":"standard","meta":{"footnotes":""},"categories":[1],"tags":[675],"class_list":["post-6504","post","type-post","status-publish","format-standard","has-post-thumbnail","hentry","category-noticias","tag-destaques"],"acf":[],"_links":{"self":[{"href":"https:\/\/www.ufsm.br\/unidades-universitarias\/cachoeira-do-sul\/wp-json\/wp\/v2\/posts\/6504","targetHints":{"allow":["GET"]}}],"collection":[{"href":"https:\/\/www.ufsm.br\/unidades-universitarias\/cachoeira-do-sul\/wp-json\/wp\/v2\/posts"}],"about":[{"href":"https:\/\/www.ufsm.br\/unidades-universitarias\/cachoeira-do-sul\/wp-json\/wp\/v2\/types\/post"}],"author":[{"embeddable":true,"href":"https:\/\/www.ufsm.br\/unidades-universitarias\/cachoeira-do-sul\/wp-json\/wp\/v2\/users\/8249"}],"replies":[{"embeddable":true,"href":"https:\/\/www.ufsm.br\/unidades-universitarias\/cachoeira-do-sul\/wp-json\/wp\/v2\/comments?post=6504"}],"version-history":[{"count":0,"href":"https:\/\/www.ufsm.br\/unidades-universitarias\/cachoeira-do-sul\/wp-json\/wp\/v2\/posts\/6504\/revisions"}],"wp:featuredmedia":[{"embeddable":true,"href":"https:\/\/www.ufsm.br\/unidades-universitarias\/cachoeira-do-sul\/wp-json\/wp\/v2\/media\/6506"}],"wp:attachment":[{"href":"https:\/\/www.ufsm.br\/unidades-universitarias\/cachoeira-do-sul\/wp-json\/wp\/v2\/media?parent=6504"}],"wp:term":[{"taxonomy":"category","embeddable":true,"href":"https:\/\/www.ufsm.br\/unidades-universitarias\/cachoeira-do-sul\/wp-json\/wp\/v2\/categories?post=6504"},{"taxonomy":"post_tag","embeddable":true,"href":"https:\/\/www.ufsm.br\/unidades-universitarias\/cachoeira-do-sul\/wp-json\/wp\/v2\/tags?post=6504"}],"curies":[{"name":"wp","href":"https:\/\/api.w.org\/{rel}","templated":true}]}}