{"id":6526,"date":"2025-03-10T11:59:51","date_gmt":"2025-03-10T14:59:51","guid":{"rendered":"https:\/\/www.ufsm.br\/unidades-universitarias\/cachoeira-do-sul\/?p=6526"},"modified":"2025-03-10T14:53:57","modified_gmt":"2025-03-10T17:53:57","slug":"ufsm-cachoeira-do-sul-da-as-boas-vindas-aos-alunos-no-inicio-do-semestre-letivo","status":"publish","type":"post","link":"https:\/\/www.ufsm.br\/unidades-universitarias\/cachoeira-do-sul\/2025\/03\/10\/ufsm-cachoeira-do-sul-da-as-boas-vindas-aos-alunos-no-inicio-do-semestre-letivo","title":{"rendered":"UFSM-Cachoeira do Sul d\u00e1 as boas-vindas aos alunos no in\u00edcio do semestre letivo"},"content":{"rendered":"\n<p data-pm-slice=\"0 0 []\">Nesta segunda-feira, 10 de mar\u00e7o, o campus da UFSM-Cachoeira do Sul abre suas portas para receber os estudantes para mais um semestre letivo. Entre calouros e veteranos, a universidade se enche de energia e expectativas para um novo ciclo de aprendizado, descobertas e oportunidades.<\/p>\n<p>Para os alunos que ingressam na UFSM-CS em 2025, este \u00e9 o come\u00e7o de uma jornada acad\u00eamica repleta de desafios e conquistas. O in\u00edcio das aulas marca n\u00e3o apenas o retorno \u00e0 rotina acad\u00eamica, mas tamb\u00e9m a oportunidade de vivenciar momentos \u00fanicos dentro do campus, com a troca de experi\u00eancias entre professores, colegas e a comunidade universit\u00e1ria.<\/p>\n<p>A partir da pr\u00f3xima semana, a Dire\u00e7\u00e3o do campus visitar\u00e1 as turmas de calouros para dar as boas-vindas aos novos alunos, promovendo um ambiente acolhedor e aberto ao di\u00e1logo. Al\u00e9m disso, outros setores, como a Divis\u00e3o de Apoio Pedag\u00f3gico e a Comiss\u00e3o Setorial de Avalia\u00e7\u00e3o, tamb\u00e9m est\u00e3o organizando a\u00e7\u00f5es para refor\u00e7ar esse acolhimento em sala de aula.<\/p>\n<p>No dia 29 de mar\u00e7o, ser\u00e1 realizada a <strong>2\u00aa Gincana Integra\u00e7\u00e3o<\/strong>, evento que est\u00e1 se consolidando como uma tradi\u00e7\u00e3o na recep\u00e7\u00e3o dos estudantes no retorno \u00e0s aulas, promovendo intera\u00e7\u00e3o, esp\u00edrito de equipe e muita divers\u00e3o entre os estudantes.<\/p>\n<div class=\"flex max-w-full flex-col flex-grow\">\n<div class=\"min-h-8 text-message relative flex w-full flex-col items-end gap-2 whitespace-normal break-words text-start [.text-message+&amp;]:mt-5\" dir=\"auto\" data-message-author-role=\"assistant\" data-message-id=\"10f16a65-c21d-46f0-bdeb-996232092b1e\" data-message-model-slug=\"gpt-4o\">\n<div class=\"flex w-full flex-col gap-1 empty:hidden first:pt-[3px]\">\n<div class=\"markdown prose w-full break-words dark:prose-invert light\">\n<p data-start=\"0\" data-end=\"290\" data-is-last-node=\"\" data-is-only-node=\"\">Nos dias 2, 9 e 16 de abril, a Coordena\u00e7\u00e3o Acad\u00eamica, em conjunto com o Divis\u00e3o de Apoio Pedag\u00f3gico e o N\u00facleo de Assist\u00eancia aos Estudantes e Servidores (NAES), promover\u00e1 o minicurso <strong data-start=\"175\" data-end=\"246\">&#8220;Tempo como Aliado: Explorando a Gest\u00e3o do Tempo na Vida Acad\u00eamica&#8221;<\/strong>, na Sala Inovadora (C1-11), das 14h \u00e0s 16h.<\/p>\n<\/div>\n<\/div>\n<\/div>\n<\/div>\n<p>A UFSM-CS deseja a todos um excelente semestre, com muito aprendizado e crescimento!<\/p>\n<p>Acompanhe nossas redes sociais para ficar por dentro de todas as novidades!<\/p>\n<p>\u00a0<\/p>\n","protected":false},"excerpt":{"rendered":"<p>Nesta segunda-feira, 10 de mar\u00e7o, o campus da UFSM-Cachoeira do Sul abre suas portas para receber os estudantes para mais um semestre letivo. Entre calouros e veteranos, a universidade se enche de energia e expectativas para um novo ciclo de aprendizado, descobertas e oportunidades. Para os alunos que ingressam na UFSM-CS em 2025, este \u00e9 [&hellip;]<\/p>\n","protected":false},"author":8249,"featured_media":6527,"comment_status":"closed","ping_status":"closed","sticky":false,"template":"","format":"standard","meta":{"footnotes":""},"categories":[1],"tags":[675],"class_list":["post-6526","post","type-post","status-publish","format-standard","has-post-thumbnail","hentry","category-noticias","tag-destaques"],"acf":[],"_links":{"self":[{"href":"https:\/\/www.ufsm.br\/unidades-universitarias\/cachoeira-do-sul\/wp-json\/wp\/v2\/posts\/6526","targetHints":{"allow":["GET"]}}],"collection":[{"href":"https:\/\/www.ufsm.br\/unidades-universitarias\/cachoeira-do-sul\/wp-json\/wp\/v2\/posts"}],"about":[{"href":"https:\/\/www.ufsm.br\/unidades-universitarias\/cachoeira-do-sul\/wp-json\/wp\/v2\/types\/post"}],"author":[{"embeddable":true,"href":"https:\/\/www.ufsm.br\/unidades-universitarias\/cachoeira-do-sul\/wp-json\/wp\/v2\/users\/8249"}],"replies":[{"embeddable":true,"href":"https:\/\/www.ufsm.br\/unidades-universitarias\/cachoeira-do-sul\/wp-json\/wp\/v2\/comments?post=6526"}],"version-history":[{"count":0,"href":"https:\/\/www.ufsm.br\/unidades-universitarias\/cachoeira-do-sul\/wp-json\/wp\/v2\/posts\/6526\/revisions"}],"wp:featuredmedia":[{"embeddable":true,"href":"https:\/\/www.ufsm.br\/unidades-universitarias\/cachoeira-do-sul\/wp-json\/wp\/v2\/media\/6527"}],"wp:attachment":[{"href":"https:\/\/www.ufsm.br\/unidades-universitarias\/cachoeira-do-sul\/wp-json\/wp\/v2\/media?parent=6526"}],"wp:term":[{"taxonomy":"category","embeddable":true,"href":"https:\/\/www.ufsm.br\/unidades-universitarias\/cachoeira-do-sul\/wp-json\/wp\/v2\/categories?post=6526"},{"taxonomy":"post_tag","embeddable":true,"href":"https:\/\/www.ufsm.br\/unidades-universitarias\/cachoeira-do-sul\/wp-json\/wp\/v2\/tags?post=6526"}],"curies":[{"name":"wp","href":"https:\/\/api.w.org\/{rel}","templated":true}]}}