{"id":6603,"date":"2025-03-28T09:26:35","date_gmt":"2025-03-28T12:26:35","guid":{"rendered":"https:\/\/www.ufsm.br\/unidades-universitarias\/cachoeira-do-sul\/?p=6603"},"modified":"2025-03-28T09:26:37","modified_gmt":"2025-03-28T12:26:37","slug":"get-commerce-promove-evento-gratuito-sobre-jornada-no-e-commerce-em-cachoeira-do-sul","status":"publish","type":"post","link":"https:\/\/www.ufsm.br\/unidades-universitarias\/cachoeira-do-sul\/2025\/03\/28\/get-commerce-promove-evento-gratuito-sobre-jornada-no-e-commerce-em-cachoeira-do-sul","title":{"rendered":"Get Commerce promove evento gratuito sobre Jornada no E-Commerce em Cachoeira do Sul"},"content":{"rendered":"\n<p dir=\"ltr\">No dia 3 de abril de 2025, Cachoeira do Sul, no Rio Grande do Sul, ser\u00e1 palco do evento\u00a0<a href=\"https:\/\/www.sympla.com.br\/evento\/jornada-no-e-commerce-ed-cachoeira-do-sul\/2864234?referrer=www.google.com\" target=\"_blank\" rel=\"noopener\" data-saferedirecturl=\"https:\/\/www.google.com\/url?q=https:\/\/www.sympla.com.br\/evento\/jornada-no-e-commerce-ed-cachoeira-do-sul\/2864234?referrer%3Dwww.google.com&amp;source=gmail&amp;ust=1743246888329000&amp;usg=AOvVaw09Mr59Y6ZDLuoDmMoYBelJ\">Jornada no E-Commerce<\/a>, promovido pela\u00a0<a href=\"https:\/\/getcommerce.com.br\/\" target=\"_blank\" rel=\"noopener\" data-saferedirecturl=\"https:\/\/www.google.com\/url?q=https:\/\/getcommerce.com.br\/&amp;source=gmail&amp;ust=1743246888329000&amp;usg=AOvVaw1PMC6UI6PYyw4urw0-LxJs\">Get Commerce<\/a>, empresa residente no\u00a0<a href=\"https:\/\/www.ufsm.br\/orgaos-suplementares\/inovatec\" target=\"_blank\" rel=\"noopener\" data-saferedirecturl=\"https:\/\/www.google.com\/url?q=https:\/\/www.ufsm.br\/orgaos-suplementares\/inovatec&amp;source=gmail&amp;ust=1743246888329000&amp;usg=AOvVaw3fO1CRE-ZEy79FuRCgT9fx\">InovaTec UFSM Parque Tecnol\u00f3gico<\/a>. O encontro tem como objetivo desmistificar o com\u00e9rcio digital e apresentar estrat\u00e9gias eficazes para lojistas e empreendedores que desejam expandir seus neg\u00f3cios para o ambiente online. O evento \u00e9\u00a0gratuito, presencial e voltado para quem busca unir vendas f\u00edsicas e digitais, al\u00e9m de superar os desafios do varejo moderno.<\/p>\n<p dir=\"ltr\">A transforma\u00e7\u00e3o digital j\u00e1 n\u00e3o \u00e9 mais uma op\u00e7\u00e3o, mas uma necessidade para os lojistas. Durante o evento, ser\u00e3o abordados temas como atra\u00e7\u00e3o e fideliza\u00e7\u00e3o de clientes no ambiente online, integra\u00e7\u00e3o entre loja f\u00edsica e digital, gest\u00e3o financeira e de pagamentos no e-commerce, vantagens dos marketplaces e o uso de tecnologia e inova\u00e7\u00e3o para alavancar as vendas.<\/p>\n<p dir=\"ltr\">Os participantes ter\u00e3o a oportunidade de aprender, na pr\u00e1tica, como criar uma loja virtual, aumentar o faturamento com vendas online, escolher as melhores formas de pagamento e log\u00edstica, e utilizar o marketing digital a favor do neg\u00f3cio. Al\u00e9m disso, ser\u00e3o apresentados cases de sucesso de lojistas que j\u00e1 fizeram a transi\u00e7\u00e3o para o digital e obtiveram resultados positivos.<\/p>\n<p dir=\"ltr\">O evento \u00e9 destinado a lojistas f\u00edsicos e empreendedores que desejam levar suas opera\u00e7\u00f5es para o digital, unir vendas f\u00edsicas e online, entender as melhores estrat\u00e9gias para crescer no e-commerce e superar os desafios do varejo atual. A proposta \u00e9 que a Jornada no E-commerce seja levada tamb\u00e9m para a regi\u00e3o Central, em Santa Maria, e para outras regi\u00f5es do estado do Rio Grande do Sul, ampliando o acesso \u00e0 informa\u00e7\u00e3o e capacita\u00e7\u00e3o para mais empreendedores.<\/p>\n<p dir=\"ltr\">O evento conta com o apoio da\u00a0<a href=\"https:\/\/cresol.com.br\/\" target=\"_blank\" rel=\"noopener\" data-saferedirecturl=\"https:\/\/www.google.com\/url?q=https:\/\/cresol.com.br\/&amp;source=gmail&amp;ust=1743246888329000&amp;usg=AOvVaw2u-Gd0YJHXMpytM511U2JK\">Cresol<\/a>, do\u00a0<a href=\"https:\/\/sindilojas-sm.com.br\/\" target=\"_blank\" rel=\"noopener\" data-saferedirecturl=\"https:\/\/www.google.com\/url?q=https:\/\/sindilojas-sm.com.br\/&amp;source=gmail&amp;ust=1743246888329000&amp;usg=AOvVaw3Ae5jlq8BlClh64hwYd_cy\">Sindilojas<\/a>\u00a0e do<a href=\"https:\/\/www.ufsm.br\/orgaos-suplementares\/inovatec\" target=\"_blank\" rel=\"noopener\" data-saferedirecturl=\"https:\/\/www.google.com\/url?q=https:\/\/www.ufsm.br\/orgaos-suplementares\/inovatec&amp;source=gmail&amp;ust=1743246888329000&amp;usg=AOvVaw3fO1CRE-ZEy79FuRCgT9fx\">\u00a0InovaTec UFSM<\/a>.\u00a0<\/p>\n<p dir=\"ltr\">As inscri\u00e7\u00f5es j\u00e1 est\u00e3o abertas e podem ser feitas gratuitamente por meio do\u00a0<a href=\"https:\/\/www.sympla.com.br\/evento\/jornada-no-e-commerce-ed-cachoeira-do-sul\/2864234?share_id=copiarlink\" target=\"_blank\" rel=\"noopener\" data-saferedirecturl=\"https:\/\/www.google.com\/url?q=https:\/\/www.sympla.com.br\/evento\/jornada-no-e-commerce-ed-cachoeira-do-sul\/2864234?share_id%3Dcopiarlink&amp;source=gmail&amp;ust=1743246888329000&amp;usg=AOvVaw1zI_egw-4eOHrmfsm4mOnA\">formul\u00e1rio online<\/a>.\u00a0<\/p>\n<p dir=\"ltr\">Data: 03 de abril \u00e0s 19h<\/p>\n<p dir=\"ltr\">Endere\u00e7o: Sindilojas &#8211; Rua Saldanha Marinho, 1156 &#8211; Centro, Cachoeira do Sul &#8211; RS<\/p>\n<p dir=\"ltr\"><img fetchpriority=\"high\" decoding=\"async\" class=\" wp-image-6604 aligncenter\" src=\"https:\/\/www.ufsm.br\/app\/uploads\/sites\/376\/2025\/03\/WhatsApp-Image-2025-03-27-at-10.09.38-240x300.jpeg\" alt=\"\" width=\"607\" height=\"759\" srcset=\"https:\/\/www.ufsm.br\/app\/uploads\/sites\/376\/2025\/03\/WhatsApp-Image-2025-03-27-at-10.09.38-240x300.jpeg 240w, https:\/\/www.ufsm.br\/app\/uploads\/sites\/376\/2025\/03\/WhatsApp-Image-2025-03-27-at-10.09.38-819x1024.jpeg 819w, https:\/\/www.ufsm.br\/app\/uploads\/sites\/376\/2025\/03\/WhatsApp-Image-2025-03-27-at-10.09.38-768x960.jpeg 768w, https:\/\/www.ufsm.br\/app\/uploads\/sites\/376\/2025\/03\/WhatsApp-Image-2025-03-27-at-10.09.38-1229x1536.jpeg 1229w, https:\/\/www.ufsm.br\/app\/uploads\/sites\/376\/2025\/03\/WhatsApp-Image-2025-03-27-at-10.09.38-1638x2048.jpeg 1638w, https:\/\/www.ufsm.br\/app\/uploads\/sites\/376\/2025\/03\/WhatsApp-Image-2025-03-27-at-10.09.38.jpeg 1920w\" sizes=\"(max-width: 607px) 100vw, 607px\" \/><\/p>\n","protected":false},"excerpt":{"rendered":"<p>No dia 3 de abril de 2025, Cachoeira do Sul, no Rio Grande do Sul, ser\u00e1 palco do evento\u00a0Jornada no E-Commerce, promovido pela\u00a0Get Commerce, empresa residente no\u00a0InovaTec UFSM Parque Tecnol\u00f3gico. O encontro tem como objetivo desmistificar o com\u00e9rcio digital e apresentar estrat\u00e9gias eficazes para lojistas e empreendedores que desejam expandir seus neg\u00f3cios para o ambiente [&hellip;]<\/p>\n","protected":false},"author":8249,"featured_media":0,"comment_status":"closed","ping_status":"closed","sticky":false,"template":"","format":"standard","meta":{"footnotes":""},"categories":[1],"tags":[],"class_list":["post-6603","post","type-post","status-publish","format-standard","hentry","category-noticias"],"acf":[],"_links":{"self":[{"href":"https:\/\/www.ufsm.br\/unidades-universitarias\/cachoeira-do-sul\/wp-json\/wp\/v2\/posts\/6603","targetHints":{"allow":["GET"]}}],"collection":[{"href":"https:\/\/www.ufsm.br\/unidades-universitarias\/cachoeira-do-sul\/wp-json\/wp\/v2\/posts"}],"about":[{"href":"https:\/\/www.ufsm.br\/unidades-universitarias\/cachoeira-do-sul\/wp-json\/wp\/v2\/types\/post"}],"author":[{"embeddable":true,"href":"https:\/\/www.ufsm.br\/unidades-universitarias\/cachoeira-do-sul\/wp-json\/wp\/v2\/users\/8249"}],"replies":[{"embeddable":true,"href":"https:\/\/www.ufsm.br\/unidades-universitarias\/cachoeira-do-sul\/wp-json\/wp\/v2\/comments?post=6603"}],"version-history":[{"count":0,"href":"https:\/\/www.ufsm.br\/unidades-universitarias\/cachoeira-do-sul\/wp-json\/wp\/v2\/posts\/6603\/revisions"}],"wp:attachment":[{"href":"https:\/\/www.ufsm.br\/unidades-universitarias\/cachoeira-do-sul\/wp-json\/wp\/v2\/media?parent=6603"}],"wp:term":[{"taxonomy":"category","embeddable":true,"href":"https:\/\/www.ufsm.br\/unidades-universitarias\/cachoeira-do-sul\/wp-json\/wp\/v2\/categories?post=6603"},{"taxonomy":"post_tag","embeddable":true,"href":"https:\/\/www.ufsm.br\/unidades-universitarias\/cachoeira-do-sul\/wp-json\/wp\/v2\/tags?post=6603"}],"curies":[{"name":"wp","href":"https:\/\/api.w.org\/{rel}","templated":true}]}}