{"id":6699,"date":"2025-04-29T15:22:20","date_gmt":"2025-04-29T18:22:20","guid":{"rendered":"https:\/\/www.ufsm.br\/unidades-universitarias\/cachoeira-do-sul\/?p=6699"},"modified":"2025-04-29T15:22:22","modified_gmt":"2025-04-29T18:22:22","slug":"estudantes-da-ufsm-desenvolvem-prototipo-para-auxiliar-criancas-com-tea-nas-salas-de-aula","status":"publish","type":"post","link":"https:\/\/www.ufsm.br\/unidades-universitarias\/cachoeira-do-sul\/2025\/04\/29\/estudantes-da-ufsm-desenvolvem-prototipo-para-auxiliar-criancas-com-tea-nas-salas-de-aula","title":{"rendered":"Estudantes da UFSM desenvolvem prot\u00f3tipo para auxiliar crian\u00e7as com TEA nas salas de aula"},"content":{"rendered":"\n<p class=\"\" data-start=\"300\" data-end=\"757\"><img fetchpriority=\"high\" decoding=\"async\" class=\" wp-image-6701 alignleft\" src=\"https:\/\/www.ufsm.br\/app\/uploads\/sites\/376\/2025\/04\/WhatsApp-Image-2025-04-26-at-12.31.15-2-300x226.jpeg\" alt=\"\" width=\"466\" height=\"351\" srcset=\"https:\/\/www.ufsm.br\/app\/uploads\/sites\/376\/2025\/04\/WhatsApp-Image-2025-04-26-at-12.31.15-2-300x226.jpeg 300w, https:\/\/www.ufsm.br\/app\/uploads\/sites\/376\/2025\/04\/WhatsApp-Image-2025-04-26-at-12.31.15-2-1024x771.jpeg 1024w, https:\/\/www.ufsm.br\/app\/uploads\/sites\/376\/2025\/04\/WhatsApp-Image-2025-04-26-at-12.31.15-2-768x578.jpeg 768w, https:\/\/www.ufsm.br\/app\/uploads\/sites\/376\/2025\/04\/WhatsApp-Image-2025-04-26-at-12.31.15-2-1536x1156.jpeg 1536w, https:\/\/www.ufsm.br\/app\/uploads\/sites\/376\/2025\/04\/WhatsApp-Image-2025-04-26-at-12.31.15-2.jpeg 1600w\" sizes=\"(max-width: 466px) 100vw, 466px\" \/>Em um gesto de inova\u00e7\u00e3o e empatia, alunos do curso de Engenharia Mec\u00e2nica da Universidade Federal de Santa Maria (UFSM), campus Cachoeira do Sul, desenvolveram um prot\u00f3tipo destinado a proporcionar maior conforto para crian\u00e7as com Transtorno do Espectro Autista (TEA) em salas de aula. O projeto, entregue no m\u00eas de abril \u2014 m\u00eas de conscientiza\u00e7\u00e3o do autismo \u2014 representa um avan\u00e7o significativo na busca por ambientes escolares mais inclusivos e acess\u00edveis.<\/p>\n<p class=\"\" data-start=\"759\" data-end=\"1203\">A iniciativa surgiu da necessidade de adaptar os espa\u00e7os educacionais para melhor atender \u00e0s demandas sensoriais das crian\u00e7as com TEA, que frequentemente enfrentam desafios relacionados a ru\u00eddos, ilumina\u00e7\u00e3o e disposi\u00e7\u00e3o dos m\u00f3veis. A partir de reuni\u00f5es com especialistas da \u00e1rea da educa\u00e7\u00e3o, os estudantes projetaram e constru\u00edram um dispositivo que auxilia na regula\u00e7\u00e3o sensorial, promovendo um ambiente mais acolhedor e seguro para os alunos.<\/p>\n<p class=\"\" data-start=\"1205\" data-end=\"1603\">Ap\u00f3s semanas de trabalho, o prot\u00f3tipo foi entregue \u00e0 Secretaria Municipal de Educa\u00e7\u00e3o de Cachoeira do Sul, que analisar\u00e1 sua poss\u00edvel implementa\u00e7\u00e3o nas escolas da rede. A expectativa \u00e9 que o dispositivo contribua para a melhoria da concentra\u00e7\u00e3o, do bem-estar e da intera\u00e7\u00e3o das crian\u00e7as no ambiente escolar, promovendo uma educa\u00e7\u00e3o mais equitativa e respeitosa \u00e0s diferentes formas de aprendizagem.<\/p>\n<p class=\"\" data-start=\"1605\" data-end=\"2034\">O projeto representa n\u00e3o apenas o compromisso dos estudantes da UFSM com a inova\u00e7\u00e3o tecnol\u00f3gica, mas tamb\u00e9m evidencia a import\u00e2ncia da colabora\u00e7\u00e3o entre universidade e comunidade na constru\u00e7\u00e3o de solu\u00e7\u00f5es para desafios reais. Com essa iniciativa, Cachoeira do Sul d\u00e1 um passo importante em dire\u00e7\u00e3o a uma educa\u00e7\u00e3o mais inclusiva, refor\u00e7ando a necessidade de adapta\u00e7\u00f5es e pol\u00edticas que garantam o direito ao aprendizado para todos.<\/p>\n<p class=\"\" data-start=\"2036\" data-end=\"2123\">A a\u00e7\u00e3o demonstra que pequenos avan\u00e7os podem gerar grandes impactos na vida das pessoas.<img decoding=\"async\" class=\" wp-image-6700 alignright\" src=\"https:\/\/www.ufsm.br\/app\/uploads\/sites\/376\/2025\/04\/WhatsApp-Image-2025-04-24-at-11.40.01-300x135.jpeg\" alt=\"\" width=\"464\" height=\"209\" srcset=\"https:\/\/www.ufsm.br\/app\/uploads\/sites\/376\/2025\/04\/WhatsApp-Image-2025-04-24-at-11.40.01-300x135.jpeg 300w, https:\/\/www.ufsm.br\/app\/uploads\/sites\/376\/2025\/04\/WhatsApp-Image-2025-04-24-at-11.40.01-1024x461.jpeg 1024w, https:\/\/www.ufsm.br\/app\/uploads\/sites\/376\/2025\/04\/WhatsApp-Image-2025-04-24-at-11.40.01-768x346.jpeg 768w, https:\/\/www.ufsm.br\/app\/uploads\/sites\/376\/2025\/04\/WhatsApp-Image-2025-04-24-at-11.40.01-1536x692.jpeg 1536w, https:\/\/www.ufsm.br\/app\/uploads\/sites\/376\/2025\/04\/WhatsApp-Image-2025-04-24-at-11.40.01.jpeg 1599w\" sizes=\"(max-width: 464px) 100vw, 464px\" \/><\/p>\n<p class=\"\" data-start=\"2125\" data-end=\"2146\"><strong data-start=\"2125\" data-end=\"2146\">Equipe envolvida:<\/strong><\/p>\n<ul data-start=\"2148\" data-end=\"2403\">\n<li class=\"\" data-start=\"2148\" data-end=\"2249\">\n<p class=\"\" data-start=\"2150\" data-end=\"2249\"><strong data-start=\"2150\" data-end=\"2181\">Jo\u00e3o Vitor Rodrigues Priebe<\/strong> e <strong data-start=\"2184\" data-end=\"2206\">Luan Pedro Brixner<\/strong> (alunos do curso de Engenharia Mec\u00e2nica)<\/p>\n<\/li>\n<li class=\"\" data-start=\"2250\" data-end=\"2324\">\n<p class=\"\" data-start=\"2252\" data-end=\"2324\"><strong data-start=\"2252\" data-end=\"2276\">Prof. Ederval Lisboa<\/strong> (Coordenador do curso de Engenharia Mec\u00e2nica)<\/p>\n<\/li>\n<li class=\"\" data-start=\"2325\" data-end=\"2403\">\n<p class=\"\" data-start=\"2327\" data-end=\"2403\"><strong data-start=\"2327\" data-end=\"2348\">Profa. Carla Zinn<\/strong> (Secret\u00e1ria Municipal de Educa\u00e7\u00e3o de Cachoeira do Sul)<\/p>\n<\/li>\n<\/ul>\n\n\n","protected":false},"excerpt":{"rendered":"<p>Em um gesto de inova\u00e7\u00e3o e empatia, alunos do curso de Engenharia Mec\u00e2nica da Universidade Federal de Santa Maria (UFSM), campus Cachoeira do Sul, desenvolveram um prot\u00f3tipo destinado a proporcionar maior conforto para crian\u00e7as com Transtorno do Espectro Autista (TEA) em salas de aula. O projeto, entregue no m\u00eas de abril \u2014 m\u00eas de conscientiza\u00e7\u00e3o [&hellip;]<\/p>\n","protected":false},"author":8249,"featured_media":6702,"comment_status":"closed","ping_status":"closed","sticky":false,"template":"","format":"standard","meta":{"footnotes":""},"categories":[1],"tags":[675],"class_list":["post-6699","post","type-post","status-publish","format-standard","has-post-thumbnail","hentry","category-noticias","tag-destaques"],"acf":[],"_links":{"self":[{"href":"https:\/\/www.ufsm.br\/unidades-universitarias\/cachoeira-do-sul\/wp-json\/wp\/v2\/posts\/6699","targetHints":{"allow":["GET"]}}],"collection":[{"href":"https:\/\/www.ufsm.br\/unidades-universitarias\/cachoeira-do-sul\/wp-json\/wp\/v2\/posts"}],"about":[{"href":"https:\/\/www.ufsm.br\/unidades-universitarias\/cachoeira-do-sul\/wp-json\/wp\/v2\/types\/post"}],"author":[{"embeddable":true,"href":"https:\/\/www.ufsm.br\/unidades-universitarias\/cachoeira-do-sul\/wp-json\/wp\/v2\/users\/8249"}],"replies":[{"embeddable":true,"href":"https:\/\/www.ufsm.br\/unidades-universitarias\/cachoeira-do-sul\/wp-json\/wp\/v2\/comments?post=6699"}],"version-history":[{"count":0,"href":"https:\/\/www.ufsm.br\/unidades-universitarias\/cachoeira-do-sul\/wp-json\/wp\/v2\/posts\/6699\/revisions"}],"wp:featuredmedia":[{"embeddable":true,"href":"https:\/\/www.ufsm.br\/unidades-universitarias\/cachoeira-do-sul\/wp-json\/wp\/v2\/media\/6702"}],"wp:attachment":[{"href":"https:\/\/www.ufsm.br\/unidades-universitarias\/cachoeira-do-sul\/wp-json\/wp\/v2\/media?parent=6699"}],"wp:term":[{"taxonomy":"category","embeddable":true,"href":"https:\/\/www.ufsm.br\/unidades-universitarias\/cachoeira-do-sul\/wp-json\/wp\/v2\/categories?post=6699"},{"taxonomy":"post_tag","embeddable":true,"href":"https:\/\/www.ufsm.br\/unidades-universitarias\/cachoeira-do-sul\/wp-json\/wp\/v2\/tags?post=6699"}],"curies":[{"name":"wp","href":"https:\/\/api.w.org\/{rel}","templated":true}]}}