{"id":683,"date":"2017-06-05T12:22:10","date_gmt":"2017-06-05T15:22:10","guid":{"rendered":"https:\/\/www.ufsm.br\/unidades-universitarias\/cachoeira-do-sul\/2017\/06\/05\/alunos-da-engenharia-de-transportes-e-logistica-realizam-viagem-de-estudos-em-rio-grande\/"},"modified":"2017-06-05T12:22:10","modified_gmt":"2017-06-05T15:22:10","slug":"alunos-da-engenharia-de-transportes-e-logistica-realizam-viagem-de-estudos-em-rio-grande","status":"publish","type":"post","link":"https:\/\/www.ufsm.br\/unidades-universitarias\/cachoeira-do-sul\/2017\/06\/05\/alunos-da-engenharia-de-transportes-e-logistica-realizam-viagem-de-estudos-em-rio-grande","title":{"rendered":"Alunos da Engenharia de Transportes e Log\u00edstica realizam viagem de estudos em Rio Grande"},"content":{"rendered":"<div style=\"color: #222222; font-family: arial,sans-serif; font-size: 12.8px; font-style: normal; font-weight: normal; letter-spacing: normal; orphans: 2; text-align: justify; text-indent: 0px; text-transform: none; white-space: normal; widows: 2; word-spacing: 0px; background-color: #ffffff;\"><span style=\"font-family: arial,helvetica,sans-serif; font-size: 12pt;\">Os alunos do curso de Engenharia de Transportes e Log\u00edstica da UFSM-CS estiveram, na \u00faltima quarta-feira (31 de maio) em Rio Grande, em uma viagem de estudos. <span style=\"color: #00000a;\">A viagem teve como objetivo mostrar aos alunos as infraestruturas (vias, terminais), ve\u00edculos e sistemas de opera\u00e7\u00e3o e controle de diversos modais de transporte de cargas na cidade de Rio Grande \u2013 RS, assim como as atividades de intermodalidade no entorno do superporto da cidade. Foi direcionada especialmente para os alunos&nbsp;<\/span><span style=\"color: #00000a;\">das disciplinas de &#8220;Sistemas de Transportes&#8221;, &#8220;Projeto e Opera\u00e7\u00e3o de Terminais, Portos e Aeroportos&#8221;, e de &#8220;Tecnologias Aplicadas aos Transportes&#8221;, assim como aos bolsistas do Laborat\u00f3rio de Mobilidade e Log\u00edstica (LAMOT)<\/span><span style=\"color: #00000a;\">, dentro do Projeto de Pesquisa, Ensino e Extens\u00e3o &#8220;<\/span><span style=\"color: #00000a;\">Avalia\u00e7\u00e3o das potencialidades de transporte e intermodalidade no Vale do Jacu\u00ed &#8211; RS&#8221;. Os alunos foram acompanhados pelos professores Alejandro Ruiz Padillo e T\u00e2nia Batistela Torres.<\/span><\/span><\/div>\n<div style=\"color: #222222; font-family: arial,sans-serif; font-size: 12.8px; font-style: normal; font-weight: normal; letter-spacing: normal; orphans: 2; text-align: justify; text-indent: 0px; text-transform: none; white-space: normal; widows: 2; word-spacing: 0px; background-color: #ffffff;\"><span style=\"font-family: arial,helvetica,sans-serif; font-size: 12pt;\"><span style=\"color: #00000a;\"><\/span><\/span><\/div>\n<div style=\"color: #222222; font-family: arial,sans-serif; font-size: 12.8px; font-style: normal; font-weight: normal; letter-spacing: normal; orphans: 2; text-align: justify; text-indent: 0px; text-transform: none; white-space: normal; widows: 2; word-spacing: 0px; background-color: #ffffff;\"><span style=\"font-family: arial,helvetica,sans-serif; font-size: 12pt;\"><span style=\"color: #00000a;\"><\/span><\/span> <\/p>\n<div style=\"text-align: justify;\"><span style=\"font-family: arial,helvetica,sans-serif; font-size: 12pt;\">No per\u00edodo da manh\u00e3, os alunos realizaram uma visita guiada \u00e0s instala\u00e7\u00f5es do Museu Oceanogr\u00e1fico,&nbsp;Museu Ant\u00e1rtico e Centro de Recupera\u00e7\u00e3o de Animais Marinhos &#8211; CRAM, da Universidade Federal do Rio Grande (FURG), onde os participantes puderam conhecer curiosidades sobre a geografia, a biologia e a economia da regi\u00e3o, sempre desde o ponto de vista da rela\u00e7\u00e3o de Rio Grande com o oceano, assim como da presen\u00e7a do Brasil no continente ant\u00e1rtico. Tamb\u00e9m foi poss\u00edvel observar um le\u00e3o marinho e outras esp\u00e9cies em recupera\u00e7\u00e3o no CRAM. A visita contou com uma travessia em barco at\u00e9 a Ilha da P\u00f3lvora, onde existe outro eco-museu sobre a flora e fauna t\u00edpica da ilha, e os participantes desfrutaram das vistas do porto e o canal de acesso \u00e0 Lagoa dos Patos.<\/span><\/div>\n<div style=\"text-align: justify;\"><span style=\"font-family: arial,helvetica,sans-serif; font-size: 12pt;\">&nbsp;<\/span><\/div>\n<div style=\"text-align: justify;\"><span style=\"font-family: arial,helvetica,sans-serif; font-size: 12pt;\">\u00c0 tarde foi realizada uma visita \u00e0s instala\u00e7\u00f5es da empresa TECON no terminal de cont\u00eaineres do Porto de Rio Grande. Nela, ap\u00f3s uns v\u00eddeos de divulga\u00e7\u00e3o das normas de seguran\u00e7a, hist\u00f3ria e atividades da empresa, os alunos puderam conhecer diretamente as opera\u00e7\u00f5es de movimenta\u00e7\u00e3o de cont\u00eaineres, seus tipos e caracter\u00edsticas da unitiza\u00e7\u00e3o de cargas. Ap\u00f3s, a visita continuou no terminal ferrovi\u00e1rio da empresa RUMO, concession\u00e1ria da rede ferrovi\u00e1ria federal no Estado, onde os alunos conheceram com detalhe as opera\u00e7\u00f5es de opera\u00e7\u00e3o de trens, e carga e descarga de gran\u00e9is, fundamentalmente agr\u00edcolas, com destino ao porto de Rio Grande. Da mesma forma, puderam visualizar in situ as principais caracter\u00edsticas da infraestrutura ferrovi\u00e1ria, dos ve\u00edculos (locomotivas e vag\u00f5es) e aparelhos de mudan\u00e7a de via, assim como as peculiaridades do transporte ferrovi\u00e1rio no Rio Grande do Sul.<\/span><\/div>\n<div style=\"text-align: justify;\"><span style=\"font-family: arial,helvetica,sans-serif; font-size: 12pt;\">&nbsp;<\/span><\/div>\n<div style=\"text-align: justify;\"><span style=\"font-family: arial,helvetica,sans-serif; font-size: 12pt;\">Todas as visitas no superporto contaram com o acompanhamento de respons\u00e1veis de comunica\u00e7\u00e3o e opera\u00e7\u00e3o das empresas, que explicaram as potencialidades e problemas das opera\u00e7\u00f5es de intermodalidade no transporte de cargas, fundamentalmente dos modais de transporte terrestres (rodovia e ferrovia) com o aquavi\u00e1rio.<\/span><\/div>\n<div style=\"text-align: justify;\">&nbsp;<\/div>\n<div style=\"text-align: center;\"><span style=\"font-family: arial,helvetica,sans-serif; font-size: 12pt;\"><img fetchpriority=\"high\" decoding=\"async\" class=\" size-full wp-image-677\" src=\"https:\/\/www.ufsm.br\/unidades-universitarias\/cachoeira-do-sul\/wp-content\/uploads\/sites\/376\/2017\/06\/DSC_0602.jpg\" alt=\"DSC 0602\" width=\"600\" height=\"400\" srcset=\"https:\/\/www.ufsm.br\/app\/uploads\/sites\/376\/2017\/06\/DSC_0602.jpg 2560w, https:\/\/www.ufsm.br\/app\/uploads\/sites\/376\/2017\/06\/DSC_0602-300x200.jpg 300w, https:\/\/www.ufsm.br\/app\/uploads\/sites\/376\/2017\/06\/DSC_0602-768x512.jpg 768w, https:\/\/www.ufsm.br\/app\/uploads\/sites\/376\/2017\/06\/DSC_0602-1024x683.jpg 1024w, https:\/\/www.ufsm.br\/app\/uploads\/sites\/376\/2017\/06\/DSC_0602-272x182.jpg 272w\" sizes=\"(max-width: 600px) 100vw, 600px\" \/><\/span><\/div>\n<div style=\"text-align: center;\">&nbsp;<\/div>\n<div style=\"text-align: center;\"><span style=\"font-family: arial,helvetica,sans-serif; font-size: 12pt;\"><img decoding=\"async\" class=\" size-full wp-image-678\" src=\"https:\/\/www.ufsm.br\/unidades-universitarias\/cachoeira-do-sul\/wp-content\/uploads\/sites\/376\/2017\/06\/DSC_0609.jpg\" alt=\"DSC 0609\" width=\"600\" height=\"400\" srcset=\"https:\/\/www.ufsm.br\/app\/uploads\/sites\/376\/2017\/06\/DSC_0609.jpg 2560w, https:\/\/www.ufsm.br\/app\/uploads\/sites\/376\/2017\/06\/DSC_0609-300x200.jpg 300w, https:\/\/www.ufsm.br\/app\/uploads\/sites\/376\/2017\/06\/DSC_0609-768x512.jpg 768w, https:\/\/www.ufsm.br\/app\/uploads\/sites\/376\/2017\/06\/DSC_0609-1024x683.jpg 1024w, https:\/\/www.ufsm.br\/app\/uploads\/sites\/376\/2017\/06\/DSC_0609-272x182.jpg 272w\" sizes=\"(max-width: 600px) 100vw, 600px\" \/><\/span><\/div>\n<div style=\"text-align: center;\">&nbsp;<\/div>\n<div style=\"text-align: center;\">&nbsp;<\/div>\n<div style=\"text-align: center;\"><img decoding=\"async\" class=\" size-full wp-image-679\" src=\"https:\/\/www.ufsm.br\/unidades-universitarias\/cachoeira-do-sul\/wp-content\/uploads\/sites\/376\/2017\/06\/DSC_0715.jpg\" alt=\"DSC 0715\" width=\"600\" height=\"400\" srcset=\"https:\/\/www.ufsm.br\/app\/uploads\/sites\/376\/2017\/06\/DSC_0715.jpg 2560w, https:\/\/www.ufsm.br\/app\/uploads\/sites\/376\/2017\/06\/DSC_0715-300x200.jpg 300w, https:\/\/www.ufsm.br\/app\/uploads\/sites\/376\/2017\/06\/DSC_0715-768x512.jpg 768w, https:\/\/www.ufsm.br\/app\/uploads\/sites\/376\/2017\/06\/DSC_0715-1024x683.jpg 1024w, https:\/\/www.ufsm.br\/app\/uploads\/sites\/376\/2017\/06\/DSC_0715-272x182.jpg 272w\" sizes=\"(max-width: 600px) 100vw, 600px\" \/><\/div>\n<div style=\"text-align: center;\">&nbsp;<\/div>\n<div style=\"text-align: center;\">&nbsp;<\/div>\n<div style=\"text-align: center;\"><img loading=\"lazy\" decoding=\"async\" class=\" size-full wp-image-680\" src=\"https:\/\/www.ufsm.br\/unidades-universitarias\/cachoeira-do-sul\/wp-content\/uploads\/sites\/376\/2017\/06\/DSC_0684.jpg\" alt=\"DSC 0684\" width=\"600\" height=\"400\" srcset=\"https:\/\/www.ufsm.br\/app\/uploads\/sites\/376\/2017\/06\/DSC_0684.jpg 2560w, https:\/\/www.ufsm.br\/app\/uploads\/sites\/376\/2017\/06\/DSC_0684-300x200.jpg 300w, https:\/\/www.ufsm.br\/app\/uploads\/sites\/376\/2017\/06\/DSC_0684-768x512.jpg 768w, https:\/\/www.ufsm.br\/app\/uploads\/sites\/376\/2017\/06\/DSC_0684-1024x683.jpg 1024w, https:\/\/www.ufsm.br\/app\/uploads\/sites\/376\/2017\/06\/DSC_0684-272x182.jpg 272w\" sizes=\"(max-width: 600px) 100vw, 600px\" \/><\/div>\n<div style=\"text-align: center;\">&nbsp;<\/div>\n<div style=\"text-align: center;\"><img loading=\"lazy\" decoding=\"async\" class=\" size-full wp-image-681\" src=\"https:\/\/www.ufsm.br\/unidades-universitarias\/cachoeira-do-sul\/wp-content\/uploads\/sites\/376\/2017\/06\/DSC_0719.jpg\" alt=\"DSC 0719\" width=\"600\" height=\"400\" srcset=\"https:\/\/www.ufsm.br\/app\/uploads\/sites\/376\/2017\/06\/DSC_0719.jpg 2560w, https:\/\/www.ufsm.br\/app\/uploads\/sites\/376\/2017\/06\/DSC_0719-300x200.jpg 300w, https:\/\/www.ufsm.br\/app\/uploads\/sites\/376\/2017\/06\/DSC_0719-768x512.jpg 768w, https:\/\/www.ufsm.br\/app\/uploads\/sites\/376\/2017\/06\/DSC_0719-1024x683.jpg 1024w, https:\/\/www.ufsm.br\/app\/uploads\/sites\/376\/2017\/06\/DSC_0719-272x182.jpg 272w\" sizes=\"(max-width: 600px) 100vw, 600px\" \/><\/div>\n<div style=\"text-align: center;\">&nbsp;<\/div>\n<div style=\"text-align: center;\"><img loading=\"lazy\" decoding=\"async\" class=\" size-full wp-image-682\" src=\"https:\/\/www.ufsm.br\/unidades-universitarias\/cachoeira-do-sul\/wp-content\/uploads\/sites\/376\/2017\/06\/DSC_0764.jpg\" alt=\"DSC 0764\" width=\"600\" height=\"392\" srcset=\"https:\/\/www.ufsm.br\/app\/uploads\/sites\/376\/2017\/06\/DSC_0764.jpg 2560w, https:\/\/www.ufsm.br\/app\/uploads\/sites\/376\/2017\/06\/DSC_0764-300x196.jpg 300w, https:\/\/www.ufsm.br\/app\/uploads\/sites\/376\/2017\/06\/DSC_0764-768x502.jpg 768w, https:\/\/www.ufsm.br\/app\/uploads\/sites\/376\/2017\/06\/DSC_0764-1024x669.jpg 1024w\" sizes=\"(max-width: 600px) 100vw, 600px\" \/><\/div>\n<div style=\"text-align: center;\">&nbsp;<\/div>\n<div style=\"text-align: center;\">&nbsp;<\/div>\n<div><span style=\"font-family: arial,helvetica,sans-serif; font-size: 10pt; color: #808080;\">Fotos: Wilson Avila<\/span><\/div>\n<\/p><\/div>\n","protected":false},"excerpt":{"rendered":"<p>Os alunos do curso de Engenharia de Transportes e Log\u00edstica da UFSM-CS estiveram, na \u00faltima quarta-feira (31 de maio) em Rio Grande, em uma viagem de estudos. A viagem teve como objetivo mostrar aos alunos as infraestruturas (vias, terminais), ve\u00edculos e sistemas de opera\u00e7\u00e3o e controle de diversos modais de transporte de cargas na cidade [&hellip;]<\/p>\n","protected":false},"author":27,"featured_media":677,"comment_status":"closed","ping_status":"closed","sticky":false,"template":"","format":"standard","meta":{"footnotes":""},"categories":[1],"tags":[],"class_list":["post-683","post","type-post","status-publish","format-standard","has-post-thumbnail","hentry","category-noticias"],"acf":[],"_links":{"self":[{"href":"https:\/\/www.ufsm.br\/unidades-universitarias\/cachoeira-do-sul\/wp-json\/wp\/v2\/posts\/683","targetHints":{"allow":["GET"]}}],"collection":[{"href":"https:\/\/www.ufsm.br\/unidades-universitarias\/cachoeira-do-sul\/wp-json\/wp\/v2\/posts"}],"about":[{"href":"https:\/\/www.ufsm.br\/unidades-universitarias\/cachoeira-do-sul\/wp-json\/wp\/v2\/types\/post"}],"author":[{"embeddable":true,"href":"https:\/\/www.ufsm.br\/unidades-universitarias\/cachoeira-do-sul\/wp-json\/wp\/v2\/users\/27"}],"replies":[{"embeddable":true,"href":"https:\/\/www.ufsm.br\/unidades-universitarias\/cachoeira-do-sul\/wp-json\/wp\/v2\/comments?post=683"}],"version-history":[{"count":0,"href":"https:\/\/www.ufsm.br\/unidades-universitarias\/cachoeira-do-sul\/wp-json\/wp\/v2\/posts\/683\/revisions"}],"wp:featuredmedia":[{"embeddable":true,"href":"https:\/\/www.ufsm.br\/unidades-universitarias\/cachoeira-do-sul\/wp-json\/wp\/v2\/media\/677"}],"wp:attachment":[{"href":"https:\/\/www.ufsm.br\/unidades-universitarias\/cachoeira-do-sul\/wp-json\/wp\/v2\/media?parent=683"}],"wp:term":[{"taxonomy":"category","embeddable":true,"href":"https:\/\/www.ufsm.br\/unidades-universitarias\/cachoeira-do-sul\/wp-json\/wp\/v2\/categories?post=683"},{"taxonomy":"post_tag","embeddable":true,"href":"https:\/\/www.ufsm.br\/unidades-universitarias\/cachoeira-do-sul\/wp-json\/wp\/v2\/tags?post=683"}],"curies":[{"name":"wp","href":"https:\/\/api.w.org\/{rel}","templated":true}]}}