{"id":6914,"date":"2025-07-28T10:27:09","date_gmt":"2025-07-28T13:27:09","guid":{"rendered":"https:\/\/www.ufsm.br\/unidades-universitarias\/cachoeira-do-sul\/?p=6914"},"modified":"2025-07-28T11:21:13","modified_gmt":"2025-07-28T14:21:13","slug":"projeto-da-ufsm-cs-promove-oficina-sobre-hortas-urbanas-e-escolares-no-43o-seurs","status":"publish","type":"post","link":"https:\/\/www.ufsm.br\/unidades-universitarias\/cachoeira-do-sul\/2025\/07\/28\/projeto-da-ufsm-cs-promove-oficina-sobre-hortas-urbanas-e-escolares-no-43o-seurs","title":{"rendered":"Projeto da UFSM-CS promove oficina sobre hortas urbanas e escolares no 43\u00ba SEURS"},"content":{"rendered":"\t\t<div data-elementor-type=\"wp-post\" data-elementor-id=\"6914\" class=\"elementor elementor-6914\">\n\t\t\t\t\t\t<section class=\"elementor-section elementor-top-section elementor-element elementor-element-77ec65ff elementor-section-boxed elementor-section-height-default elementor-section-height-default\" data-id=\"77ec65ff\" data-element_type=\"section\">\n\t\t\t\t\t\t<div class=\"elementor-container elementor-column-gap-default\">\n\t\t\t\t\t<div class=\"elementor-column elementor-col-100 elementor-top-column elementor-element elementor-element-699b765e\" data-id=\"699b765e\" data-element_type=\"column\">\n\t\t\t<div class=\"elementor-widget-wrap elementor-element-populated\">\n\t\t\t\t\t\t<div class=\"elementor-element elementor-element-2e6372a6 elementor-widget elementor-widget-text-editor\" data-id=\"2e6372a6\" data-element_type=\"widget\" data-widget_type=\"text-editor.default\">\n\t\t\t\t<div class=\"elementor-widget-container\">\n\t\t\t\t\t\t\t<!-- wp:tadv\/classic-paragraph -->\n<p data-start=\"180\" data-end=\"678\">A UFSM \u2013 Cachoeira do Sul esteve representada no <strong data-start=\"229\" data-end=\"294\">43\u00ba Semin\u00e1rio de Extens\u00e3o Universit\u00e1ria da Regi\u00e3o Sul (SEURS)<\/strong>, realizado de 22 a 25 de julho de 2025, no campus da UDESC, em Lages (SC). O evento contou com a participa\u00e7\u00e3o de estudantes e docentes do projeto de extens\u00e3o <strong data-start=\"453\" data-end=\"536\">Educa\u00e7\u00e3o Sustent\u00e1vel Integrada: Semear Conhecimento para Transformar Realidades<\/strong>, com a oficina intitulada <strong data-start=\"563\" data-end=\"677\">\u201cHortas Urbanas e Escolares como Estrat\u00e9gias de Justi\u00e7a Socioambiental: Saberes, Sustentabilidade e Autonomia\u201d<\/strong>.<\/p>\n<p data-start=\"680\" data-end=\"1015\">A atividade foi conduzida pelas acad\u00eamicas <strong data-start=\"723\" data-end=\"752\">Vanessa da Silva Dorneles<\/strong> (Engenharia Agr\u00edcola), <strong data-start=\"776\" data-end=\"807\">Wanderl\u00e9ia dos Santos Jobim<\/strong> (Arquitetura e Urbanismo) e <strong data-start=\"836\" data-end=\"862\">Vanessa Storgatto Lima<\/strong> (mestranda do Programa de P\u00f3s-Gradua\u00e7\u00e3o em Agrobiologia), sob a coordena\u00e7\u00e3o das professoras <strong data-start=\"955\" data-end=\"981\">Mariana Vieira Coronas<\/strong> e <strong data-start=\"984\" data-end=\"1014\">Viviane Dal Souto Frescura<\/strong>.<\/p>\n<p data-start=\"1017\" data-end=\"1344\">A proposta foi uma das selecionadas por meio de chamada p\u00fablica interna da Pr\u00f3-Reitoria de Extens\u00e3o da UFSM (Edital 046\/2025-PRE), e teve como objetivo promover a reflex\u00e3o cr\u00edtica e o engajamento pr\u00e1tico em torno das hortas como ferramentas de transforma\u00e7\u00e3o social, sustentabilidade ambiental e promo\u00e7\u00e3o da soberania alimentar.<\/p>\n<p data-start=\"1346\" data-end=\"1822\">Com uma abordagem te\u00f3rico-pr\u00e1tica, a oficina envolveu o cultivo de mudas em recipientes reutiliz\u00e1veis, como garrafas PET, e apresentou fundamentos ecol\u00f3gicos, nutricionais e sociais relacionados \u00e0 agricultura urbana. Entre os destaques da atividade esteve a confec\u00e7\u00e3o de <strong data-start=\"1617\" data-end=\"1641\">vasos autoirrig\u00e1veis<\/strong>, utilizando materiais simples e acess\u00edveis, como tecido absorvente e garrafas pl\u00e1sticas, oferecendo uma solu\u00e7\u00e3o pr\u00e1tica e sustent\u00e1vel para o cultivo de plantas em pequenos espa\u00e7os.<\/p>\n<p data-start=\"1824\" data-end=\"2132\">A oficina dialoga diretamente com os Objetivos de Desenvolvimento Sustent\u00e1vel (ODS 2, 3, 4, 11 e 12), al\u00e9m de refor\u00e7ar o papel da extens\u00e3o universit\u00e1ria no enfrentamento da <strong data-start=\"1997\" data-end=\"2016\">sindemia global<\/strong> \u2013 obesidade, desnutri\u00e7\u00e3o e mudan\u00e7as clim\u00e1ticas \u2013, conforme apontado pela <em data-start=\"2090\" data-end=\"2124\">The Lancet Commission on Obesity<\/em> (2019).<\/p>\n<p data-start=\"2134\" data-end=\"2463\">A participa\u00e7\u00e3o no SEURS proporcionou uma rica troca de saberes e experi\u00eancias com outras institui\u00e7\u00f5es da regi\u00e3o Sul, fortalecendo o protagonismo estudantil e a forma\u00e7\u00e3o cidad\u00e3 dos(as) envolvidos(as). A experi\u00eancia reafirma o compromisso da UFSM com a constru\u00e7\u00e3o de territ\u00f3rios mais saud\u00e1veis, resilientes e ambientalmente justos.<\/p>\n<p data-start=\"2465\" data-end=\"2552\">\ud83d\udcc4 <a class=\"\" href=\"https:\/\/www.ufsm.br\/app\/uploads\/sites\/376\/2025\/07\/folheto-SEURS.pdf\" rel=\"noopener\" data-start=\"2468\" data-end=\"2512\">Acesse o folheto explicativo da oficina<\/a><br data-start=\"2512\" data-end=\"2515\" \/>\ud83d\udcf8 Confira as fotos da a\u00e7\u00e3o<\/p>\n<!-- \/wp:tadv\/classic-paragraph -->\t\t\t\t\t\t<\/div>\n\t\t\t\t<\/div>\n\t\t\t\t\t<\/div>\n\t\t<\/div>\n\t\t\t\t\t<\/div>\n\t\t<\/section>\n\t\t\t\t<section class=\"elementor-section elementor-top-section elementor-element elementor-element-8487a69 elementor-section-boxed elementor-section-height-default elementor-section-height-default\" data-id=\"8487a69\" data-element_type=\"section\">\n\t\t\t\t\t\t<div class=\"elementor-container elementor-column-gap-default\">\n\t\t\t\t\t<div class=\"elementor-column elementor-col-100 elementor-top-column elementor-element elementor-element-093eccf\" data-id=\"093eccf\" data-element_type=\"column\">\n\t\t\t<div class=\"elementor-widget-wrap elementor-element-populated\">\n\t\t\t\t\t\t<div class=\"elementor-element elementor-element-c006bdf elementor-arrows-position-inside elementor-pagination-position-outside elementor-widget elementor-widget-image-carousel\" data-id=\"c006bdf\" data-element_type=\"widget\" data-settings=\"{&quot;slides_to_show&quot;:&quot;1&quot;,&quot;navigation&quot;:&quot;both&quot;,&quot;autoplay&quot;:&quot;yes&quot;,&quot;pause_on_hover&quot;:&quot;yes&quot;,&quot;pause_on_interaction&quot;:&quot;yes&quot;,&quot;autoplay_speed&quot;:5000,&quot;infinite&quot;:&quot;yes&quot;,&quot;effect&quot;:&quot;slide&quot;,&quot;speed&quot;:500}\" data-widget_type=\"image-carousel.default\">\n\t\t\t\t<div class=\"elementor-widget-container\">\n\t\t\t\t\t<div class=\"elementor-image-carousel-wrapper swiper\" dir=\"ltr\">\n\t\t\t<div class=\"elementor-image-carousel swiper-wrapper\" aria-live=\"off\">\n\t\t\t\t\t\t\t\t<div class=\"swiper-slide\" role=\"group\" aria-roledescription=\"slide\" aria-label=\"1 of 7\"><a data-elementor-open-lightbox=\"yes\" data-elementor-lightbox-slideshow=\"c006bdf\" data-e-action-hash=\"#elementor-action%3Aaction%3Dlightbox%26settings%3DeyJpZCI6IjY5MTYiLCJ1cmwiOiJodHRwczpcL1wvd3d3LnVmc20uYnJcL2FwcFwvdXBsb2Fkc1wvc2l0ZXNcLzM3NlwvMjAyNVwvMDdcL1doYXRzQXBwLUltYWdlLTIwMjUtMDctMjQtYXQtMjAuMDEuNDcuanBlZyIsInNsaWRlc2hvdyI6ImMwMDZiZGYifQ%3D%3D\" href=\"https:\/\/www.ufsm.br\/app\/uploads\/sites\/376\/2025\/07\/WhatsApp-Image-2025-07-24-at-20.01.47.jpeg\"><figure class=\"swiper-slide-inner\"><img decoding=\"async\" class=\"swiper-slide-image\" src=\"https:\/\/www.ufsm.br\/app\/uploads\/sites\/376\/elementor\/thumbs\/WhatsApp-Image-2025-07-24-at-20.01.47-r9fbznmn6omh6w82n8byyrrbdzjbb69qjxjx8ie0l8.jpeg\" alt=\"\" \/><\/figure><\/a><\/div><div class=\"swiper-slide\" role=\"group\" aria-roledescription=\"slide\" aria-label=\"2 of 7\"><a data-elementor-open-lightbox=\"yes\" data-elementor-lightbox-slideshow=\"c006bdf\" data-e-action-hash=\"#elementor-action%3Aaction%3Dlightbox%26settings%3DeyJpZCI6IjY5MTciLCJ1cmwiOiJodHRwczpcL1wvd3d3LnVmc20uYnJcL2FwcFwvdXBsb2Fkc1wvc2l0ZXNcLzM3NlwvMjAyNVwvMDdcL1doYXRzQXBwLUltYWdlLTIwMjUtMDctMjQtYXQtMjAuMDEuNDQuanBlZyIsInNsaWRlc2hvdyI6ImMwMDZiZGYifQ%3D%3D\" href=\"https:\/\/www.ufsm.br\/app\/uploads\/sites\/376\/2025\/07\/WhatsApp-Image-2025-07-24-at-20.01.44.jpeg\"><figure class=\"swiper-slide-inner\"><img decoding=\"async\" class=\"swiper-slide-image\" src=\"https:\/\/www.ufsm.br\/app\/uploads\/sites\/376\/elementor\/thumbs\/WhatsApp-Image-2025-07-24-at-20.01.44-r9fbzsbu4uswsy18vsd3t8kmcww5dnse8ktcmw71q4.jpeg\" alt=\"\" \/><\/figure><\/a><\/div><div class=\"swiper-slide\" role=\"group\" aria-roledescription=\"slide\" aria-label=\"3 of 7\"><a data-elementor-open-lightbox=\"yes\" data-elementor-lightbox-slideshow=\"c006bdf\" data-e-action-hash=\"#elementor-action%3Aaction%3Dlightbox%26settings%3DeyJpZCI6IjY5MTgiLCJ1cmwiOiJodHRwczpcL1wvd3d3LnVmc20uYnJcL2FwcFwvdXBsb2Fkc1wvc2l0ZXNcLzM3NlwvMjAyNVwvMDdcL1doYXRzQXBwLUltYWdlLTIwMjUtMDctMjQtYXQtMjAuMDEuNDUuanBlZyIsInNsaWRlc2hvdyI6ImMwMDZiZGYifQ%3D%3D\" href=\"https:\/\/www.ufsm.br\/app\/uploads\/sites\/376\/2025\/07\/WhatsApp-Image-2025-07-24-at-20.01.45.jpeg\"><figure class=\"swiper-slide-inner\"><img decoding=\"async\" class=\"swiper-slide-image\" src=\"https:\/\/www.ufsm.br\/app\/uploads\/sites\/376\/elementor\/thumbs\/WhatsApp-Image-2025-07-24-at-20.01.45-r9fbzx1130zcezuf4ce8npdxbu8zg5b1x82s1a02v0.jpeg\" alt=\"\" \/><\/figure><\/a><\/div><div class=\"swiper-slide\" role=\"group\" aria-roledescription=\"slide\" aria-label=\"4 of 7\"><a data-elementor-open-lightbox=\"yes\" data-elementor-lightbox-slideshow=\"c006bdf\" data-e-action-hash=\"#elementor-action%3Aaction%3Dlightbox%26settings%3DeyJpZCI6IjY5MTkiLCJ1cmwiOiJodHRwczpcL1wvd3d3LnVmc20uYnJcL2FwcFwvdXBsb2Fkc1wvc2l0ZXNcLzM3NlwvMjAyNVwvMDdcL1doYXRzQXBwLUltYWdlLTIwMjUtMDctMjQtYXQtMjAuMDEuMzkuanBlZyIsInNsaWRlc2hvdyI6ImMwMDZiZGYifQ%3D%3D\" href=\"https:\/\/www.ufsm.br\/app\/uploads\/sites\/376\/2025\/07\/WhatsApp-Image-2025-07-24-at-20.01.39.jpeg\"><figure class=\"swiper-slide-inner\"><img decoding=\"async\" class=\"swiper-slide-image\" src=\"https:\/\/www.ufsm.br\/app\/uploads\/sites\/376\/elementor\/thumbs\/WhatsApp-Image-2025-07-24-at-20.01.39-r9fc00sdud4hpfoyie0qxofrpdqgaxpz9qopydui64.jpeg\" alt=\"\" \/><\/figure><\/a><\/div><div class=\"swiper-slide\" role=\"group\" aria-roledescription=\"slide\" aria-label=\"5 of 7\"><a data-elementor-open-lightbox=\"yes\" data-elementor-lightbox-slideshow=\"c006bdf\" data-e-action-hash=\"#elementor-action%3Aaction%3Dlightbox%26settings%3DeyJpZCI6IjY5MjAiLCJ1cmwiOiJodHRwczpcL1wvd3d3LnVmc20uYnJcL2FwcFwvdXBsb2Fkc1wvc2l0ZXNcLzM3NlwvMjAyNVwvMDdcL1doYXRzQXBwLUltYWdlLTIwMjUtMDctMjQtYXQtMjAuMDEuMzQuanBlZyIsInNsaWRlc2hvdyI6ImMwMDZiZGYifQ%3D%3D\" href=\"https:\/\/www.ufsm.br\/app\/uploads\/sites\/376\/2025\/07\/WhatsApp-Image-2025-07-24-at-20.01.34.jpeg\"><figure class=\"swiper-slide-inner\"><img decoding=\"async\" class=\"swiper-slide-image\" src=\"https:\/\/www.ufsm.br\/app\/uploads\/sites\/376\/elementor\/thumbs\/WhatsApp-Image-2025-07-24-at-20.01.34-r9fc06fezdc7n3grlggicn0j9oynl4cdailmu1m54s.jpeg\" alt=\"\" \/><\/figure><\/a><\/div><div class=\"swiper-slide\" role=\"group\" aria-roledescription=\"slide\" aria-label=\"6 of 7\"><a data-elementor-open-lightbox=\"yes\" data-elementor-lightbox-slideshow=\"c006bdf\" data-e-action-hash=\"#elementor-action%3Aaction%3Dlightbox%26settings%3DeyJpZCI6IjY5MjEiLCJ1cmwiOiJodHRwczpcL1wvd3d3LnVmc20uYnJcL2FwcFwvdXBsb2Fkc1wvc2l0ZXNcLzM3NlwvMjAyNVwvMDdcL1doYXRzQXBwLUltYWdlLTIwMjUtMDctMjQtYXQtMTYuMDkuMzkuanBlZyIsInNsaWRlc2hvdyI6ImMwMDZiZGYifQ%3D%3D\" href=\"https:\/\/www.ufsm.br\/app\/uploads\/sites\/376\/2025\/07\/WhatsApp-Image-2025-07-24-at-16.09.39.jpeg\"><figure class=\"swiper-slide-inner\"><img decoding=\"async\" class=\"swiper-slide-image\" src=\"https:\/\/www.ufsm.br\/app\/uploads\/sites\/376\/elementor\/thumbs\/WhatsApp-Image-2025-07-24-at-16.09.39-r9fc0b4lxjin959xu0hn73tu8mbhnlv0z5v28ff69o.jpeg\" alt=\"\" \/><\/figure><\/a><\/div><div class=\"swiper-slide\" role=\"group\" aria-roledescription=\"slide\" aria-label=\"7 of 7\"><a data-elementor-open-lightbox=\"yes\" data-elementor-lightbox-slideshow=\"c006bdf\" data-e-action-hash=\"#elementor-action%3Aaction%3Dlightbox%26settings%3DeyJpZCI6IjY5MjIiLCJ1cmwiOiJodHRwczpcL1wvd3d3LnVmc20uYnJcL2FwcFwvdXBsb2Fkc1wvc2l0ZXNcLzM3NlwvMjAyNVwvMDdcL1doYXRzQXBwLUltYWdlLTIwMjUtMDctMjQtYXQtMTcuMTMuNTkuanBlZyIsInNsaWRlc2hvdyI6ImMwMDZiZGYifQ%3D%3D\" href=\"https:\/\/www.ufsm.br\/app\/uploads\/sites\/376\/2025\/07\/WhatsApp-Image-2025-07-24-at-17.13.59.jpeg\"><figure class=\"swiper-slide-inner\"><img decoding=\"async\" class=\"swiper-slide-image\" src=\"https:\/\/www.ufsm.br\/app\/uploads\/sites\/376\/elementor\/thumbs\/WhatsApp-Image-2025-07-24-at-17.13.59-r9fc0c2g4djxkr8koiw9rllau06uvayrbaijppds3g.jpeg\" alt=\"\" \/><\/figure><\/a><\/div>\t\t\t<\/div>\n\t\t\t\t\t\t\t\t\t\t\t\t<div class=\"elementor-swiper-button elementor-swiper-button-prev\" role=\"button\" tabindex=\"0\">\n\t\t\t\t\t\t<i aria-hidden=\"true\" class=\"eicon-chevron-left\"><\/i>\t\t\t\t\t<\/div>\n\t\t\t\t\t<div class=\"elementor-swiper-button elementor-swiper-button-next\" role=\"button\" tabindex=\"0\">\n\t\t\t\t\t\t<i aria-hidden=\"true\" class=\"eicon-chevron-right\"><\/i>\t\t\t\t\t<\/div>\n\t\t\t\t\n\t\t\t\t\t\t\t\t\t<div class=\"swiper-pagination\"><\/div>\n\t\t\t\t\t\t\t\t\t<\/div>\n\t\t\t\t<\/div>\n\t\t\t\t<\/div>\n\t\t\t\t\t<\/div>\n\t\t<\/div>\n\t\t\t\t\t<\/div>\n\t\t<\/section>\n\t\t\t\t<\/div>\n\t\t","protected":false},"excerpt":{"rendered":"<p>A UFSM \u2013 Cachoeira do Sul esteve representada no 43\u00ba Semin\u00e1rio de Extens\u00e3o Universit\u00e1ria da Regi\u00e3o Sul (SEURS), realizado de 22 a 25 de julho de 2025, no campus da UDESC, em Lages (SC). O evento contou com a participa\u00e7\u00e3o de estudantes e docentes do projeto de extens\u00e3o Educa\u00e7\u00e3o Sustent\u00e1vel Integrada: Semear Conhecimento para Transformar [&hellip;]<\/p>\n","protected":false},"author":8249,"featured_media":6923,"comment_status":"closed","ping_status":"closed","sticky":false,"template":"","format":"standard","meta":{"footnotes":""},"categories":[1],"tags":[675],"class_list":["post-6914","post","type-post","status-publish","format-standard","has-post-thumbnail","hentry","category-noticias","tag-destaques"],"acf":[],"_links":{"self":[{"href":"https:\/\/www.ufsm.br\/unidades-universitarias\/cachoeira-do-sul\/wp-json\/wp\/v2\/posts\/6914","targetHints":{"allow":["GET"]}}],"collection":[{"href":"https:\/\/www.ufsm.br\/unidades-universitarias\/cachoeira-do-sul\/wp-json\/wp\/v2\/posts"}],"about":[{"href":"https:\/\/www.ufsm.br\/unidades-universitarias\/cachoeira-do-sul\/wp-json\/wp\/v2\/types\/post"}],"author":[{"embeddable":true,"href":"https:\/\/www.ufsm.br\/unidades-universitarias\/cachoeira-do-sul\/wp-json\/wp\/v2\/users\/8249"}],"replies":[{"embeddable":true,"href":"https:\/\/www.ufsm.br\/unidades-universitarias\/cachoeira-do-sul\/wp-json\/wp\/v2\/comments?post=6914"}],"version-history":[{"count":0,"href":"https:\/\/www.ufsm.br\/unidades-universitarias\/cachoeira-do-sul\/wp-json\/wp\/v2\/posts\/6914\/revisions"}],"wp:featuredmedia":[{"embeddable":true,"href":"https:\/\/www.ufsm.br\/unidades-universitarias\/cachoeira-do-sul\/wp-json\/wp\/v2\/media\/6923"}],"wp:attachment":[{"href":"https:\/\/www.ufsm.br\/unidades-universitarias\/cachoeira-do-sul\/wp-json\/wp\/v2\/media?parent=6914"}],"wp:term":[{"taxonomy":"category","embeddable":true,"href":"https:\/\/www.ufsm.br\/unidades-universitarias\/cachoeira-do-sul\/wp-json\/wp\/v2\/categories?post=6914"},{"taxonomy":"post_tag","embeddable":true,"href":"https:\/\/www.ufsm.br\/unidades-universitarias\/cachoeira-do-sul\/wp-json\/wp\/v2\/tags?post=6914"}],"curies":[{"name":"wp","href":"https:\/\/api.w.org\/{rel}","templated":true}]}}