{"id":697,"date":"2017-06-08T19:45:17","date_gmt":"2017-06-08T22:45:17","guid":{"rendered":"https:\/\/www.ufsm.br\/unidades-universitarias\/cachoeira-do-sul\/2017\/06\/08\/forum-regional-de-extensao-da-ufsm-acontece-no-campus-cachoeira-do-sul\/"},"modified":"2017-06-08T19:45:17","modified_gmt":"2017-06-08T22:45:17","slug":"forum-regional-de-extensao-da-ufsm-acontece-no-campus-cachoeira-do-sul","status":"publish","type":"post","link":"https:\/\/www.ufsm.br\/unidades-universitarias\/cachoeira-do-sul\/2017\/06\/08\/forum-regional-de-extensao-da-ufsm-acontece-no-campus-cachoeira-do-sul","title":{"rendered":"F\u00f3rum Regional de Extens\u00e3o da UFSM acontece no Campus Cachoeira do Sul"},"content":{"rendered":"<p style=\"text-align: justify;\"><span style=\"font-family: arial,helvetica,sans-serif; font-size: 12pt;\"><span style=\"line-height: 115%;\">Na manh\u00e3 desta quinta-feira (08), aconteceu, no Campus Cachoeira do Sul, o F\u00f3rum Regional Permanente de Extens\u00e3o da UFSM. O evento, <\/span><span style=\"line-height: 115%; background: none repeat scroll 0% 0% white;\">organizado pela Universidade, por meio do projeto Desenvolva, conduzido pela Coordenadoria de A\u00e7\u00f5es Regionais e Inova\u00e7\u00e3o, \u00f3rg\u00e3o ligado \u00e0 Pr\u00f3-Reitoria de Extens\u00e3o (PRE), com o apoio do Escrit\u00f3rio de Projetos EcoAGILE, do Col\u00e9gio T\u00e9cnico e Industrial da UFSM (CTISM), teve como objetivo criar um espa\u00e7o de reflex\u00e3o e delibera\u00e7\u00e3o sobre os projetos de extens\u00e3o universit\u00e1ria da UFSM, visando estreitar as rela\u00e7\u00f5es entre a Universidade e seus p\u00fablicos.<\/span> Estiveram presentes no evento representantes de diversas entidades da cidade, proporcionando uma vis\u00e3o ampla das demandas do munic\u00edpio.<\/span><\/p>\n<p style=\"text-align: justify;\"><span style=\"font-size: 12pt; line-height: 115%; font-family: arial,helvetica,sans-serif; background: none repeat scroll 0% 0% white;\">Abrindo o F\u00f3rum, houve o pronunciamento do Professor Jos\u00e9 Mario Doleys Soares, Diretor do Campus Cachoeira do Sul; do Prefeito da cidade, S\u00e9rgio Ghignatti; e do Reitor da UFSM, Professor Paulo Afonso Burmann. Ainda fizeram parte da mesa de abertura, o Pr\u00f3-Reitor Adjunto da Pr\u00f3-Reitoria de Extens\u00e3o da UFSM, Professor Asc\u00edsio Reis Pereira, e o Coordenador de A\u00e7\u00f5es Regionais e Inova\u00e7\u00e3o, Professor Cl\u00e1udio Roth.<\/span><\/p>\n<p style=\"text-align: justify;\">&nbsp;<\/p>\n<p><span style=\"font-size: 12pt; line-height: 115%; background: none repeat scroll 0% 0% white; font-family: arial,helvetica,sans-serif;\"><img fetchpriority=\"high\" decoding=\"async\" class=\" size-full wp-image-686\" style=\"display: block; margin-left: auto; margin-right: auto;\" src=\"https:\/\/www.ufsm.br\/unidades-universitarias\/cachoeira-do-sul\/wp-content\/uploads\/sites\/376\/2017\/06\/IMG_2463.JPG\" alt=\"IMG 2463\" width=\"800\" height=\"533\" srcset=\"https:\/\/www.ufsm.br\/app\/uploads\/sites\/376\/2017\/06\/IMG_2463.JPG 2560w, https:\/\/www.ufsm.br\/app\/uploads\/sites\/376\/2017\/06\/IMG_2463-300x200.jpg 300w, https:\/\/www.ufsm.br\/app\/uploads\/sites\/376\/2017\/06\/IMG_2463-768x512.jpg 768w, https:\/\/www.ufsm.br\/app\/uploads\/sites\/376\/2017\/06\/IMG_2463-1024x683.jpg 1024w, https:\/\/www.ufsm.br\/app\/uploads\/sites\/376\/2017\/06\/IMG_2463-272x182.jpg 272w\" sizes=\"(max-width: 800px) 100vw, 800px\" \/><\/span><\/p>\n<p style=\"text-align: center;\"><em><span style=\"font-size: 10pt; line-height: 115%; background: none repeat scroll 0% 0% white;\">Pr\u00f3-Reitor Adjunto de Extens\u00e3o Asc\u00edsio Reis Pereira, Diretor da UFSM-CS Jos\u00e9 Mario Soares, Reitor Paulo Burmann, Prefeito S\u00e9rgio Ghignatti e Professor Cl\u00e1udio Roth. <br \/><\/span><\/em><\/p>\n<p style=\"text-align: center;\"><em><span style=\"font-size: 10pt; line-height: 115%; background: none repeat scroll 0% 0% white;\"><\/span><\/em><\/p>\n<p style=\"text-align: justify;\"><span style=\"font-size: 12pt; line-height: 115%; background: none repeat scroll 0% 0% white; font-family: arial,helvetica,sans-serif;\">Ap\u00f3s a abertura, os professores Cl\u00e1udio Roth e Miguel Bauermann Brasil apresentaram a proposta do F\u00f3rum e explicaram como as atividades seriam desenvolvidas. Assim, os participantes se dividiram, de acordo com suas prefer\u00eancias, entre seis eixos tem\u00e1ticos: Meio Ambiente, Direitos Humanos e Justi\u00e7a, Comunica\u00e7\u00e3o, Cultura, Sa\u00fade e Educa\u00e7\u00e3o. Ap\u00f3s a divis\u00e3o, os grupos, utilizando uma metodologia espec\u00edfica &#8211; denominada EcoCanvas &#8211; come\u00e7aram a debater as demandas priorit\u00e1rias da \u00e1rea, bem como elaboraram propostas de atua\u00e7\u00e3o e definiram os encaminhamentos necess\u00e1rios.<\/span><\/p>\n<p style=\"text-align: justify;\">&nbsp;<\/p>\n<p><span style=\"font-size: 12pt; line-height: 115%; background: none repeat scroll 0% 0% white; font-family: arial,helvetica,sans-serif;\"><img decoding=\"async\" class=\" size-full wp-image-687\" style=\"display: block; margin-left: auto; margin-right: auto;\" src=\"https:\/\/www.ufsm.br\/unidades-universitarias\/cachoeira-do-sul\/wp-content\/uploads\/sites\/376\/2017\/06\/IMG_2491.JPG\" alt=\"IMG 2491\" width=\"800\" height=\"533\" srcset=\"https:\/\/www.ufsm.br\/app\/uploads\/sites\/376\/2017\/06\/IMG_2491.JPG 2560w, https:\/\/www.ufsm.br\/app\/uploads\/sites\/376\/2017\/06\/IMG_2491-300x200.jpg 300w, https:\/\/www.ufsm.br\/app\/uploads\/sites\/376\/2017\/06\/IMG_2491-768x512.jpg 768w, https:\/\/www.ufsm.br\/app\/uploads\/sites\/376\/2017\/06\/IMG_2491-1024x683.jpg 1024w, https:\/\/www.ufsm.br\/app\/uploads\/sites\/376\/2017\/06\/IMG_2491-272x182.jpg 272w\" sizes=\"(max-width: 800px) 100vw, 800px\" \/><\/span><\/p>\n<p>&nbsp;<\/p>\n<p style=\"text-align: justify;\">&nbsp;<\/p>\n<p><img decoding=\"async\" class=\" size-full wp-image-688\" style=\"display: block; margin-left: auto; margin-right: auto;\" src=\"https:\/\/www.ufsm.br\/unidades-universitarias\/cachoeira-do-sul\/wp-content\/uploads\/sites\/376\/2017\/06\/IMG_2534.JPG\" alt=\"IMG 2534\" width=\"800\" height=\"533\" srcset=\"https:\/\/www.ufsm.br\/app\/uploads\/sites\/376\/2017\/06\/IMG_2534.JPG 2560w, https:\/\/www.ufsm.br\/app\/uploads\/sites\/376\/2017\/06\/IMG_2534-300x200.jpg 300w, https:\/\/www.ufsm.br\/app\/uploads\/sites\/376\/2017\/06\/IMG_2534-768x512.jpg 768w, https:\/\/www.ufsm.br\/app\/uploads\/sites\/376\/2017\/06\/IMG_2534-1024x683.jpg 1024w, https:\/\/www.ufsm.br\/app\/uploads\/sites\/376\/2017\/06\/IMG_2534-272x182.jpg 272w\" sizes=\"(max-width: 800px) 100vw, 800px\" \/><\/p>\n<p><img loading=\"lazy\" decoding=\"async\" class=\" size-full wp-image-689\" style=\"display: block; margin-left: auto; margin-right: auto;\" src=\"https:\/\/www.ufsm.br\/unidades-universitarias\/cachoeira-do-sul\/wp-content\/uploads\/sites\/376\/2017\/06\/IMG_2588.JPG\" alt=\"IMG 2588\" width=\"800\" height=\"533\" srcset=\"https:\/\/www.ufsm.br\/app\/uploads\/sites\/376\/2017\/06\/IMG_2588.JPG 2560w, https:\/\/www.ufsm.br\/app\/uploads\/sites\/376\/2017\/06\/IMG_2588-300x200.jpg 300w, https:\/\/www.ufsm.br\/app\/uploads\/sites\/376\/2017\/06\/IMG_2588-768x512.jpg 768w, https:\/\/www.ufsm.br\/app\/uploads\/sites\/376\/2017\/06\/IMG_2588-1024x683.jpg 1024w, https:\/\/www.ufsm.br\/app\/uploads\/sites\/376\/2017\/06\/IMG_2588-272x182.jpg 272w\" sizes=\"(max-width: 800px) 100vw, 800px\" \/><\/p>\n<p><img loading=\"lazy\" decoding=\"async\" class=\" size-full wp-image-690\" style=\"display: block; margin-left: auto; margin-right: auto;\" src=\"https:\/\/www.ufsm.br\/unidades-universitarias\/cachoeira-do-sul\/wp-content\/uploads\/sites\/376\/2017\/06\/IMG_2540.JPG\" alt=\"IMG 2540\" width=\"800\" height=\"533\" srcset=\"https:\/\/www.ufsm.br\/app\/uploads\/sites\/376\/2017\/06\/IMG_2540.JPG 2560w, https:\/\/www.ufsm.br\/app\/uploads\/sites\/376\/2017\/06\/IMG_2540-300x200.jpg 300w, https:\/\/www.ufsm.br\/app\/uploads\/sites\/376\/2017\/06\/IMG_2540-768x512.jpg 768w, https:\/\/www.ufsm.br\/app\/uploads\/sites\/376\/2017\/06\/IMG_2540-1024x683.jpg 1024w, https:\/\/www.ufsm.br\/app\/uploads\/sites\/376\/2017\/06\/IMG_2540-272x182.jpg 272w\" sizes=\"(max-width: 800px) 100vw, 800px\" \/><\/p>\n<p>&nbsp;<\/p>\n<p style=\"text-align: justify;\"><span style=\"font-size: 12pt; line-height: 115%; background: none repeat scroll 0% 0% white; font-family: arial,helvetica,sans-serif;\">A partir dessas propostas, a equipe respons\u00e1vel pelo do evento ir\u00e1 organizar os dados, disponibilizando-os em um portal na internet espec\u00edfico para o projeto Desenvolva, onde as propostas de atua\u00e7\u00e3o, bem como os projetos j\u00e1 desenvolvidos, sejam acess\u00edveis a todos. O portal deve servir, ainda, como uma ponte entre a sociedade e a UFSM. Roth acrescenta ainda, que o F\u00f3rum ter\u00e1 car\u00e1ter permanente, podendo promover encontros peri\u00f3dicos e tem\u00e1ticos, visando estreitar as rela\u00e7\u00f5es entre a Universidade e seus p\u00fablicos.<\/span><\/p>\n<p style=\"text-align: justify;\"><span style=\"font-size: 12pt; line-height: 115%; background: none repeat scroll 0% 0% white; font-family: arial,helvetica,sans-serif;\"><\/span><\/p>\n<p style=\"text-align: center;\"><span style=\"font-size: 12pt; line-height: 115%; background: none repeat scroll 0% 0% white; font-family: arial,helvetica,sans-serif;\"><img loading=\"lazy\" decoding=\"async\" class=\" size-full wp-image-691\" style=\"display: block; margin-left: auto; margin-right: auto;\" src=\"https:\/\/www.ufsm.br\/unidades-universitarias\/cachoeira-do-sul\/wp-content\/uploads\/sites\/376\/2017\/06\/IMG_2652.JPG\" alt=\"IMG 2652\" width=\"800\" height=\"533\" srcset=\"https:\/\/www.ufsm.br\/app\/uploads\/sites\/376\/2017\/06\/IMG_2652.JPG 2560w, https:\/\/www.ufsm.br\/app\/uploads\/sites\/376\/2017\/06\/IMG_2652-300x200.jpg 300w, https:\/\/www.ufsm.br\/app\/uploads\/sites\/376\/2017\/06\/IMG_2652-768x512.jpg 768w, https:\/\/www.ufsm.br\/app\/uploads\/sites\/376\/2017\/06\/IMG_2652-1024x683.jpg 1024w, https:\/\/www.ufsm.br\/app\/uploads\/sites\/376\/2017\/06\/IMG_2652-272x182.jpg 272w\" sizes=\"(max-width: 800px) 100vw, 800px\" \/><\/span><\/p>\n<p style=\"text-align: center;\"><img loading=\"lazy\" decoding=\"async\" class=\" size-full wp-image-692\" src=\"https:\/\/www.ufsm.br\/unidades-universitarias\/cachoeira-do-sul\/wp-content\/uploads\/sites\/376\/2017\/06\/IMG_2648.JPG\" alt=\"IMG 2648\" width=\"800\" height=\"533\" srcset=\"https:\/\/www.ufsm.br\/app\/uploads\/sites\/376\/2017\/06\/IMG_2648.JPG 2560w, https:\/\/www.ufsm.br\/app\/uploads\/sites\/376\/2017\/06\/IMG_2648-300x200.jpg 300w, https:\/\/www.ufsm.br\/app\/uploads\/sites\/376\/2017\/06\/IMG_2648-768x512.jpg 768w, https:\/\/www.ufsm.br\/app\/uploads\/sites\/376\/2017\/06\/IMG_2648-1024x683.jpg 1024w, https:\/\/www.ufsm.br\/app\/uploads\/sites\/376\/2017\/06\/IMG_2648-272x182.jpg 272w\" sizes=\"(max-width: 800px) 100vw, 800px\" \/><\/p>\n<p style=\"text-align: center;\"><img loading=\"lazy\" decoding=\"async\" class=\" size-full wp-image-693\" src=\"https:\/\/www.ufsm.br\/unidades-universitarias\/cachoeira-do-sul\/wp-content\/uploads\/sites\/376\/2017\/06\/IMG_2646.JPG\" alt=\"IMG 2646\" width=\"800\" height=\"533\" srcset=\"https:\/\/www.ufsm.br\/app\/uploads\/sites\/376\/2017\/06\/IMG_2646.JPG 2560w, https:\/\/www.ufsm.br\/app\/uploads\/sites\/376\/2017\/06\/IMG_2646-300x200.jpg 300w, https:\/\/www.ufsm.br\/app\/uploads\/sites\/376\/2017\/06\/IMG_2646-768x512.jpg 768w, https:\/\/www.ufsm.br\/app\/uploads\/sites\/376\/2017\/06\/IMG_2646-1024x683.jpg 1024w, https:\/\/www.ufsm.br\/app\/uploads\/sites\/376\/2017\/06\/IMG_2646-272x182.jpg 272w\" sizes=\"(max-width: 800px) 100vw, 800px\" \/><\/p>\n<p style=\"text-align: center;\"><img loading=\"lazy\" decoding=\"async\" class=\" size-full wp-image-694\" src=\"https:\/\/www.ufsm.br\/unidades-universitarias\/cachoeira-do-sul\/wp-content\/uploads\/sites\/376\/2017\/06\/IMG_2644.JPG\" alt=\"IMG 2644\" width=\"800\" height=\"533\" srcset=\"https:\/\/www.ufsm.br\/app\/uploads\/sites\/376\/2017\/06\/IMG_2644.JPG 2560w, https:\/\/www.ufsm.br\/app\/uploads\/sites\/376\/2017\/06\/IMG_2644-300x200.jpg 300w, https:\/\/www.ufsm.br\/app\/uploads\/sites\/376\/2017\/06\/IMG_2644-768x512.jpg 768w, https:\/\/www.ufsm.br\/app\/uploads\/sites\/376\/2017\/06\/IMG_2644-1024x683.jpg 1024w, https:\/\/www.ufsm.br\/app\/uploads\/sites\/376\/2017\/06\/IMG_2644-272x182.jpg 272w\" sizes=\"(max-width: 800px) 100vw, 800px\" \/><\/p>\n<p style=\"text-align: center;\"><img loading=\"lazy\" decoding=\"async\" class=\" size-full wp-image-695\" src=\"https:\/\/www.ufsm.br\/unidades-universitarias\/cachoeira-do-sul\/wp-content\/uploads\/sites\/376\/2017\/06\/IMG_2641.JPG\" alt=\"IMG 2641\" width=\"800\" height=\"533\" srcset=\"https:\/\/www.ufsm.br\/app\/uploads\/sites\/376\/2017\/06\/IMG_2641.JPG 2560w, https:\/\/www.ufsm.br\/app\/uploads\/sites\/376\/2017\/06\/IMG_2641-300x200.jpg 300w, https:\/\/www.ufsm.br\/app\/uploads\/sites\/376\/2017\/06\/IMG_2641-768x512.jpg 768w, https:\/\/www.ufsm.br\/app\/uploads\/sites\/376\/2017\/06\/IMG_2641-1024x683.jpg 1024w, https:\/\/www.ufsm.br\/app\/uploads\/sites\/376\/2017\/06\/IMG_2641-272x182.jpg 272w\" sizes=\"(max-width: 800px) 100vw, 800px\" \/><\/p>\n<p style=\"text-align: center;\"><img loading=\"lazy\" decoding=\"async\" class=\" size-full wp-image-696\" src=\"https:\/\/www.ufsm.br\/unidades-universitarias\/cachoeira-do-sul\/wp-content\/uploads\/sites\/376\/2017\/06\/IMG_2632.JPG\" alt=\"IMG 2632\" width=\"800\" height=\"533\" srcset=\"https:\/\/www.ufsm.br\/app\/uploads\/sites\/376\/2017\/06\/IMG_2632.JPG 2560w, https:\/\/www.ufsm.br\/app\/uploads\/sites\/376\/2017\/06\/IMG_2632-300x200.jpg 300w, https:\/\/www.ufsm.br\/app\/uploads\/sites\/376\/2017\/06\/IMG_2632-768x512.jpg 768w, https:\/\/www.ufsm.br\/app\/uploads\/sites\/376\/2017\/06\/IMG_2632-1024x683.jpg 1024w, https:\/\/www.ufsm.br\/app\/uploads\/sites\/376\/2017\/06\/IMG_2632-272x182.jpg 272w\" sizes=\"(max-width: 800px) 100vw, 800px\" \/><\/p>\n<p style=\"text-align: center;\">&nbsp;<\/p>\n<p style=\"text-align: justify;\"><em><span style=\"font-size: 10pt; line-height: 115%; background: none repeat scroll 0% 0% white; font-family: arial,helvetica,sans-serif;\">Fotos: Michelle Vargas Reginatto e Larrissa Ribeiro Rodrigues.<\/span><\/em><\/p>\n<p style=\"text-align: center;\">&nbsp;<\/p>\n","protected":false},"excerpt":{"rendered":"<p>Na manh\u00e3 desta quinta-feira (08), aconteceu, no Campus Cachoeira do Sul, o F\u00f3rum Regional Permanente de Extens\u00e3o da UFSM. O evento, organizado pela Universidade, por meio do projeto Desenvolva, conduzido pela Coordenadoria de A\u00e7\u00f5es Regionais e Inova\u00e7\u00e3o, \u00f3rg\u00e3o ligado \u00e0 Pr\u00f3-Reitoria de Extens\u00e3o (PRE), com o apoio do Escrit\u00f3rio de Projetos EcoAGILE, do Col\u00e9gio T\u00e9cnico [&hellip;]<\/p>\n","protected":false},"author":27,"featured_media":686,"comment_status":"closed","ping_status":"closed","sticky":false,"template":"","format":"standard","meta":{"footnotes":""},"categories":[1],"tags":[],"class_list":["post-697","post","type-post","status-publish","format-standard","has-post-thumbnail","hentry","category-noticias"],"acf":[],"_links":{"self":[{"href":"https:\/\/www.ufsm.br\/unidades-universitarias\/cachoeira-do-sul\/wp-json\/wp\/v2\/posts\/697","targetHints":{"allow":["GET"]}}],"collection":[{"href":"https:\/\/www.ufsm.br\/unidades-universitarias\/cachoeira-do-sul\/wp-json\/wp\/v2\/posts"}],"about":[{"href":"https:\/\/www.ufsm.br\/unidades-universitarias\/cachoeira-do-sul\/wp-json\/wp\/v2\/types\/post"}],"author":[{"embeddable":true,"href":"https:\/\/www.ufsm.br\/unidades-universitarias\/cachoeira-do-sul\/wp-json\/wp\/v2\/users\/27"}],"replies":[{"embeddable":true,"href":"https:\/\/www.ufsm.br\/unidades-universitarias\/cachoeira-do-sul\/wp-json\/wp\/v2\/comments?post=697"}],"version-history":[{"count":0,"href":"https:\/\/www.ufsm.br\/unidades-universitarias\/cachoeira-do-sul\/wp-json\/wp\/v2\/posts\/697\/revisions"}],"wp:featuredmedia":[{"embeddable":true,"href":"https:\/\/www.ufsm.br\/unidades-universitarias\/cachoeira-do-sul\/wp-json\/wp\/v2\/media\/686"}],"wp:attachment":[{"href":"https:\/\/www.ufsm.br\/unidades-universitarias\/cachoeira-do-sul\/wp-json\/wp\/v2\/media?parent=697"}],"wp:term":[{"taxonomy":"category","embeddable":true,"href":"https:\/\/www.ufsm.br\/unidades-universitarias\/cachoeira-do-sul\/wp-json\/wp\/v2\/categories?post=697"},{"taxonomy":"post_tag","embeddable":true,"href":"https:\/\/www.ufsm.br\/unidades-universitarias\/cachoeira-do-sul\/wp-json\/wp\/v2\/tags?post=697"}],"curies":[{"name":"wp","href":"https:\/\/api.w.org\/{rel}","templated":true}]}}