{"id":7125,"date":"2025-09-09T12:28:19","date_gmt":"2025-09-09T15:28:19","guid":{"rendered":"https:\/\/www.ufsm.br\/unidades-universitarias\/cachoeira-do-sul\/?p=7125"},"modified":"2025-09-09T12:28:20","modified_gmt":"2025-09-09T15:28:20","slug":"docente-articula-aproximacao-entre-ufsm-e-universidad-nacional-de-cuyo","status":"publish","type":"post","link":"https:\/\/www.ufsm.br\/unidades-universitarias\/cachoeira-do-sul\/2025\/09\/09\/docente-articula-aproximacao-entre-ufsm-e-universidad-nacional-de-cuyo","title":{"rendered":"Docente articula aproxima\u00e7\u00e3o entre UFSM e Universidad Nacional de Cuyo"},"content":{"rendered":"\n<p data-start=\"178\" data-end=\"446\">O professor Ricardo Rocha, do curso de Arquitetura e Urbanismo da UFSM \u2013 Cachoeira do Sul, est\u00e1 colaborando na intermedia\u00e7\u00e3o de um acordo bilateral entre a UFSM e a Universidad Nacional de Cuyo (UNCuyo), da Argentina, com foco em interc\u00e2mbio de docentes e discentes.<\/p>\n<p data-start=\"448\" data-end=\"839\">O contato com a universidade argentina ocorreu durante o per\u00edodo em que o docente esteve como professor visitante na Universidad Nacional de Rosario, em agosto deste ano. Na ocasi\u00e3o, Rocha ministrou uma palestra na UNCuyo, ap\u00f3s a qual o decano do curso de Arquitetura, arquiteto Em\u00edlio Pi\u00f1eiro, parabenizou a apresenta\u00e7\u00e3o e demonstrou interesse em estreitar os la\u00e7os acad\u00eamicos com a UFSM.<\/p>\n<p data-start=\"841\" data-end=\"1052\">O primeiro contato entre o setor de rela\u00e7\u00f5es internacionais da UNCuyo e a universidade brasileira j\u00e1 foi realizado, restando agora aguardar os pr\u00f3ximos desdobramentos institucionais.<\/p>\n","protected":false},"excerpt":{"rendered":"<p>O professor Ricardo Rocha, do curso de Arquitetura e Urbanismo da UFSM \u2013 Cachoeira do Sul, est\u00e1 colaborando na intermedia\u00e7\u00e3o de um acordo bilateral entre a UFSM e a Universidad Nacional de Cuyo (UNCuyo), da Argentina, com foco em interc\u00e2mbio de docentes e discentes. O contato com a universidade argentina ocorreu durante o per\u00edodo em [&hellip;]<\/p>\n","protected":false},"author":293,"featured_media":0,"comment_status":"closed","ping_status":"closed","sticky":false,"template":"","format":"standard","meta":{"footnotes":""},"categories":[1],"tags":[],"class_list":["post-7125","post","type-post","status-publish","format-standard","hentry","category-noticias"],"acf":[],"_links":{"self":[{"href":"https:\/\/www.ufsm.br\/unidades-universitarias\/cachoeira-do-sul\/wp-json\/wp\/v2\/posts\/7125","targetHints":{"allow":["GET"]}}],"collection":[{"href":"https:\/\/www.ufsm.br\/unidades-universitarias\/cachoeira-do-sul\/wp-json\/wp\/v2\/posts"}],"about":[{"href":"https:\/\/www.ufsm.br\/unidades-universitarias\/cachoeira-do-sul\/wp-json\/wp\/v2\/types\/post"}],"author":[{"embeddable":true,"href":"https:\/\/www.ufsm.br\/unidades-universitarias\/cachoeira-do-sul\/wp-json\/wp\/v2\/users\/293"}],"replies":[{"embeddable":true,"href":"https:\/\/www.ufsm.br\/unidades-universitarias\/cachoeira-do-sul\/wp-json\/wp\/v2\/comments?post=7125"}],"version-history":[{"count":0,"href":"https:\/\/www.ufsm.br\/unidades-universitarias\/cachoeira-do-sul\/wp-json\/wp\/v2\/posts\/7125\/revisions"}],"wp:attachment":[{"href":"https:\/\/www.ufsm.br\/unidades-universitarias\/cachoeira-do-sul\/wp-json\/wp\/v2\/media?parent=7125"}],"wp:term":[{"taxonomy":"category","embeddable":true,"href":"https:\/\/www.ufsm.br\/unidades-universitarias\/cachoeira-do-sul\/wp-json\/wp\/v2\/categories?post=7125"},{"taxonomy":"post_tag","embeddable":true,"href":"https:\/\/www.ufsm.br\/unidades-universitarias\/cachoeira-do-sul\/wp-json\/wp\/v2\/tags?post=7125"}],"curies":[{"name":"wp","href":"https:\/\/api.w.org\/{rel}","templated":true}]}}