{"id":7190,"date":"2025-10-09T14:00:54","date_gmt":"2025-10-09T17:00:54","guid":{"rendered":"https:\/\/www.ufsm.br\/unidades-universitarias\/cachoeira-do-sul\/?p=7190"},"modified":"2025-10-10T12:23:35","modified_gmt":"2025-10-10T15:23:35","slug":"exposicao-conexoes-que-transformam-chega-ao-campus-da-ufsm-em-cachoeira-nesta-quinta-feira","status":"publish","type":"post","link":"https:\/\/www.ufsm.br\/unidades-universitarias\/cachoeira-do-sul\/2025\/10\/09\/exposicao-conexoes-que-transformam-chega-ao-campus-da-ufsm-em-cachoeira-nesta-quinta-feira","title":{"rendered":"Exposi\u00e7\u00e3o \u201cConex\u00f5es que Transformam\u201d est\u00e1 aberta para visita\u00e7\u00e3o no campus da UFSM em Cachoeira do Sul"},"content":{"rendered":"\t\t<div data-elementor-type=\"wp-post\" data-elementor-id=\"7190\" class=\"elementor elementor-7190\">\n\t\t\t\t\t\t<section class=\"elementor-section elementor-top-section elementor-element elementor-element-7a8fc56a elementor-section-boxed elementor-section-height-default elementor-section-height-default\" data-id=\"7a8fc56a\" data-element_type=\"section\">\n\t\t\t\t\t\t<div class=\"elementor-container elementor-column-gap-default\">\n\t\t\t\t\t<div class=\"elementor-column elementor-col-100 elementor-top-column elementor-element elementor-element-3274441c\" data-id=\"3274441c\" data-element_type=\"column\">\n\t\t\t<div class=\"elementor-widget-wrap elementor-element-populated\">\n\t\t\t\t\t\t<div class=\"elementor-element elementor-element-55f02e72 elementor-widget elementor-widget-text-editor\" data-id=\"55f02e72\" data-element_type=\"widget\" data-widget_type=\"text-editor.default\">\n\t\t\t\t<div class=\"elementor-widget-container\">\n\t\t\t\t\t\t\t<p data-start=\"388\" data-end=\"646\">A exposi\u00e7\u00e3o fotogr\u00e1fica <strong data-start=\"412\" data-end=\"442\">\u201cConex\u00f5es que Transformam\u201d<\/strong>, em comemora\u00e7\u00e3o aos <strong data-start=\"463\" data-end=\"508\">50 anos da Pr\u00f3-Reitoria de Extens\u00e3o (PRE)<\/strong> da UFSM, j\u00e1 pode ser visitada no <strong data-start=\"542\" data-end=\"577\">campus da UFSM-Cachoeira do Sul<\/strong>, a partir desta <strong data-start=\"594\" data-end=\"624\">quinta-feira, 9 de outubro<\/strong>, na <strong data-start=\"629\" data-end=\"643\">biblioteca<\/strong>.<\/p><p data-start=\"648\" data-end=\"920\">A mostra, que vem percorrendo diferentes espa\u00e7os da universidade, foi inaugurada no <strong data-start=\"732\" data-end=\"764\">Centro de Conven\u00e7\u00f5es da UFSM<\/strong>, em <strong data-start=\"769\" data-end=\"784\">Santa Maria<\/strong>, no dia <strong data-start=\"793\" data-end=\"811\">16 de setembro<\/strong>, e agora chega \u00e0 unidade de Cachoeira com o objetivo de aproximar ainda mais a comunidade da universidade.<\/p><p data-start=\"922\" data-end=\"1299\">Reunindo imagens que retratam a <strong data-start=\"954\" data-end=\"1000\">for\u00e7a e o impacto das a\u00e7\u00f5es extensionistas<\/strong> realizadas ao longo das \u00faltimas d\u00e9cadas, a exposi\u00e7\u00e3o apresenta <strong data-start=\"1064\" data-end=\"1096\">hist\u00f3rias, rostos e projetos<\/strong> que evidenciam a rela\u00e7\u00e3o transformadora entre a UFSM e a sociedade. As fotografias convidam o p\u00fablico a reconhecer a <strong data-start=\"1214\" data-end=\"1262\">extens\u00e3o universit\u00e1ria como um elo essencial<\/strong> entre saberes, culturas e pessoas.<\/p><p data-start=\"1301\" data-end=\"1488\">Com a itiner\u00e2ncia, a mostra busca <strong data-start=\"1335\" data-end=\"1358\">ampliar as conex\u00f5es<\/strong> que inspiram o seu nome, reafirmando o <strong data-start=\"1398\" data-end=\"1421\">compromisso da UFSM<\/strong> em levar <strong data-start=\"1431\" data-end=\"1463\">arte, cultura e conhecimento<\/strong> a todos os seus campi.<\/p><p data-start=\"1490\" data-end=\"1745\">Al\u00e9m da vers\u00e3o itinerante, a exposi\u00e7\u00e3o tamb\u00e9m est\u00e1 dispon\u00edvel <strong data-start=\"1552\" data-end=\"1563\">on-line<\/strong>, no site da PRE:<br data-start=\"1580\" data-end=\"1583\" \/>\u27a1\ufe0f <a class=\"decorated-link cursor-pointer\" href=\"https:\/\/www.ufsm.br\/pro-reitorias\/pre\/exposicao-50-anos-pre\" target=\"_new\" rel=\"noopener\" data-start=\"1586\" data-end=\"1743\"><strong data-start=\"1587\" data-end=\"1668\">Exposi\u00e7\u00e3o Conex\u00f5es que Transformam: 50 Anos da Pr\u00f3-Reitoria de Extens\u00e3o \u2013 PRE<\/strong><\/a><\/p><p data-start=\"1747\" data-end=\"1845\">\ud83d\udcf8 <strong data-start=\"1750\" data-end=\"1845\">Confira abaixo alguns registros da exposi\u00e7\u00e3o itinerante no campus da UFSM-Cachoeira do Sul.<\/strong><\/p><p><!-- \/wp:tadv\/classic-paragraph --><\/p>\t\t\t\t\t\t<\/div>\n\t\t\t\t<\/div>\n\t\t\t\t\t<\/div>\n\t\t<\/div>\n\t\t\t\t\t<\/div>\n\t\t<\/section>\n\t\t\t\t<section class=\"elementor-section elementor-top-section elementor-element elementor-element-9742874 elementor-section-boxed elementor-section-height-default elementor-section-height-default\" data-id=\"9742874\" data-element_type=\"section\">\n\t\t\t\t\t\t<div class=\"elementor-container elementor-column-gap-default\">\n\t\t\t\t\t<div class=\"elementor-column elementor-col-100 elementor-top-column elementor-element elementor-element-b0c1cf0\" data-id=\"b0c1cf0\" data-element_type=\"column\">\n\t\t\t<div class=\"elementor-widget-wrap elementor-element-populated\">\n\t\t\t\t\t\t<div class=\"elementor-element elementor-element-1ee2d5a elementor-arrows-position-inside elementor-pagination-position-outside elementor-widget elementor-widget-image-carousel\" data-id=\"1ee2d5a\" data-element_type=\"widget\" data-settings=\"{&quot;slides_to_show&quot;:&quot;1&quot;,&quot;navigation&quot;:&quot;both&quot;,&quot;autoplay&quot;:&quot;yes&quot;,&quot;pause_on_hover&quot;:&quot;yes&quot;,&quot;pause_on_interaction&quot;:&quot;yes&quot;,&quot;autoplay_speed&quot;:5000,&quot;infinite&quot;:&quot;yes&quot;,&quot;effect&quot;:&quot;slide&quot;,&quot;speed&quot;:500}\" data-widget_type=\"image-carousel.default\">\n\t\t\t\t<div class=\"elementor-widget-container\">\n\t\t\t\t\t<div class=\"elementor-image-carousel-wrapper swiper\" dir=\"ltr\">\n\t\t\t<div class=\"elementor-image-carousel swiper-wrapper\" aria-live=\"off\">\n\t\t\t\t\t\t\t\t<div class=\"swiper-slide\" role=\"group\" aria-roledescription=\"slide\" aria-label=\"1 of 7\"><a data-elementor-open-lightbox=\"yes\" data-elementor-lightbox-slideshow=\"1ee2d5a\" data-elementor-lightbox-title=\"Fot\u00f3grafo Luana Tampke\" data-e-action-hash=\"#elementor-action%3Aaction%3Dlightbox%26settings%3DeyJpZCI6IjcxOTUiLCJ1cmwiOiJodHRwczpcL1wvd3d3LnVmc20uYnJcL2FwcFwvdXBsb2Fkc1wvc2l0ZXNcLzM3NlwvMjAyNVwvMTBcL1VGU00uMjAyNS4wMTguMTI4LlBSRV8uanBnIiwic2xpZGVzaG93IjoiMWVlMmQ1YSJ9\" href=\"https:\/\/www.ufsm.br\/app\/uploads\/sites\/376\/2025\/10\/UFSM.2025.018.128.PRE_.jpg\"><figure class=\"swiper-slide-inner\"><img decoding=\"async\" class=\"swiper-slide-image\" src=\"https:\/\/www.ufsm.br\/app\/uploads\/sites\/376\/elementor\/thumbs\/UFSM.2025.018.128.PRE_-rcypdmfab0vttkrranb40fkcey7u800g8ujz0oenwo.jpg\" alt=\"Fot\u00f3grafo Luana Tampke\" \/><\/figure><\/a><\/div><div class=\"swiper-slide\" role=\"group\" aria-roledescription=\"slide\" aria-label=\"2 of 7\"><a data-elementor-open-lightbox=\"yes\" data-elementor-lightbox-slideshow=\"1ee2d5a\" data-elementor-lightbox-title=\"Fot\u00f3grafo Luana Tampke\" data-e-action-hash=\"#elementor-action%3Aaction%3Dlightbox%26settings%3DeyJpZCI6IjcxOTQiLCJ1cmwiOiJodHRwczpcL1wvd3d3LnVmc20uYnJcL2FwcFwvdXBsb2Fkc1wvc2l0ZXNcLzM3NlwvMjAyNVwvMTBcL1VGU00uMjAyNS4wMTguMTI5LlBSRV8uanBnIiwic2xpZGVzaG93IjoiMWVlMmQ1YSJ9\" href=\"https:\/\/www.ufsm.br\/app\/uploads\/sites\/376\/2025\/10\/UFSM.2025.018.129.PRE_.jpg\"><figure class=\"swiper-slide-inner\"><img decoding=\"async\" class=\"swiper-slide-image\" src=\"https:\/\/www.ufsm.br\/app\/uploads\/sites\/376\/elementor\/thumbs\/UFSM.2025.018.129.PRE_-rcypdfuez6mtkb1bd2gq0z849949q4abvxzknqof48.jpg\" alt=\"Fot\u00f3grafo Luana Tampke\" \/><\/figure><\/a><\/div><div class=\"swiper-slide\" role=\"group\" aria-roledescription=\"slide\" aria-label=\"3 of 7\"><a data-elementor-open-lightbox=\"yes\" data-elementor-lightbox-slideshow=\"1ee2d5a\" data-elementor-lightbox-title=\"Fot\u00f3grafo Luana Tampke\" data-e-action-hash=\"#elementor-action%3Aaction%3Dlightbox%26settings%3DeyJpZCI6IjcxOTMiLCJ1cmwiOiJodHRwczpcL1wvd3d3LnVmc20uYnJcL2FwcFwvdXBsb2Fkc1wvc2l0ZXNcLzM3NlwvMjAyNVwvMTBcL1VGU00uMjAyNS4wMTguMTI2LlBSRV8tc2NhbGVkLmpwZyIsInNsaWRlc2hvdyI6IjFlZTJkNWEifQ%3D%3D\" href=\"https:\/\/www.ufsm.br\/app\/uploads\/sites\/376\/2025\/10\/UFSM.2025.018.126.PRE_-scaled.jpg\"><figure class=\"swiper-slide-inner\"><img decoding=\"async\" class=\"swiper-slide-image\" src=\"https:\/\/www.ufsm.br\/app\/uploads\/sites\/376\/elementor\/thumbs\/UFSM.2025.018.126.PRE_-scaled-rcypd99jncdtb1avfhmc1ivw3k0p88k7j1f6asy6bs.jpg\" alt=\"Fot\u00f3grafo Luana Tampke\" \/><\/figure><\/a><\/div><div class=\"swiper-slide\" role=\"group\" aria-roledescription=\"slide\" aria-label=\"4 of 7\"><a data-elementor-open-lightbox=\"yes\" data-elementor-lightbox-slideshow=\"1ee2d5a\" data-elementor-lightbox-title=\"Fot\u00f3grafo Luana Tampke\" data-e-action-hash=\"#elementor-action%3Aaction%3Dlightbox%26settings%3DeyJpZCI6IjcxOTIiLCJ1cmwiOiJodHRwczpcL1wvd3d3LnVmc20uYnJcL2FwcFwvdXBsb2Fkc1wvc2l0ZXNcLzM3NlwvMjAyNVwvMTBcL1VGU00uMjAyNS4wMTguMTI3LlBSRV8uanBnIiwic2xpZGVzaG93IjoiMWVlMmQ1YSJ9\" href=\"https:\/\/www.ufsm.br\/app\/uploads\/sites\/376\/2025\/10\/UFSM.2025.018.127.PRE_.jpg\"><figure class=\"swiper-slide-inner\"><img decoding=\"async\" class=\"swiper-slide-image\" src=\"https:\/\/www.ufsm.br\/app\/uploads\/sites\/376\/elementor\/thumbs\/UFSM.2025.018.127.PRE_-rcypcx1n6hx343smeuc6n3ywdjoxg67p5cxv27gako.jpg\" alt=\"Fot\u00f3grafo Luana Tampke\" \/><\/figure><\/a><\/div><div class=\"swiper-slide\" role=\"group\" aria-roledescription=\"slide\" aria-label=\"5 of 7\"><a data-elementor-open-lightbox=\"yes\" data-elementor-lightbox-slideshow=\"1ee2d5a\" data-elementor-lightbox-title=\"Fot\u00f3grafo Cristina Strohschoen\" data-e-action-hash=\"#elementor-action%3Aaction%3Dlightbox%26settings%3DeyJpZCI6IjcxOTYiLCJ1cmwiOiJodHRwczpcL1wvd3d3LnVmc20uYnJcL2FwcFwvdXBsb2Fkc1wvc2l0ZXNcLzM3NlwvMjAyNVwvMTBcL1VGU00uMjAyNS4wMTguMTIyLlBSRV8uanBnIiwic2xpZGVzaG93IjoiMWVlMmQ1YSJ9\" href=\"https:\/\/www.ufsm.br\/app\/uploads\/sites\/376\/2025\/10\/UFSM.2025.018.122.PRE_.jpg\"><figure class=\"swiper-slide-inner\"><img decoding=\"async\" class=\"swiper-slide-image\" src=\"https:\/\/www.ufsm.br\/app\/uploads\/sites\/376\/elementor\/thumbs\/UFSM.2025.018.122.PRE_-rcypdtxztp64eggu2qk4kdo1616rxkuaxvruuw3iiw.jpg\" alt=\"Fot\u00f3grafo Cristina Strohschoen\" \/><\/figure><\/a><\/div><div class=\"swiper-slide\" role=\"group\" aria-roledescription=\"slide\" aria-label=\"6 of 7\"><a data-elementor-open-lightbox=\"yes\" data-elementor-lightbox-slideshow=\"1ee2d5a\" data-elementor-lightbox-title=\"Fot\u00f3grafo Cristina Strohschoen\" data-e-action-hash=\"#elementor-action%3Aaction%3Dlightbox%26settings%3DeyJpZCI6IjcxOTciLCJ1cmwiOiJodHRwczpcL1wvd3d3LnVmc20uYnJcL2FwcFwvdXBsb2Fkc1wvc2l0ZXNcLzM3NlwvMjAyNVwvMTBcL1VGU00uMjAyNS4wMTguMTI1LlBSRV8uanBnIiwic2xpZGVzaG93IjoiMWVlMmQ1YSJ9\" href=\"https:\/\/www.ufsm.br\/app\/uploads\/sites\/376\/2025\/10\/UFSM.2025.018.125.PRE_.jpg\"><figure class=\"swiper-slide-inner\"><img decoding=\"async\" class=\"swiper-slide-image\" src=\"https:\/\/www.ufsm.br\/app\/uploads\/sites\/376\/elementor\/thumbs\/UFSM.2025.018.125.PRE_-rcype2ejj7hpay4jpc7rotj6ii12uurvz1n86dqyyw.jpg\" alt=\"Fot\u00f3grafo Cristina Strohschoen\" \/><\/figure><\/a><\/div><div class=\"swiper-slide\" role=\"group\" aria-roledescription=\"slide\" aria-label=\"7 of 7\"><a data-elementor-open-lightbox=\"yes\" data-elementor-lightbox-slideshow=\"1ee2d5a\" data-elementor-lightbox-title=\"Fot\u00f3grafo Cristina Strohschoen\" data-e-action-hash=\"#elementor-action%3Aaction%3Dlightbox%26settings%3DeyJpZCI6IjcxOTgiLCJ1cmwiOiJodHRwczpcL1wvd3d3LnVmc20uYnJcL2FwcFwvdXBsb2Fkc1wvc2l0ZXNcLzM3NlwvMjAyNVwvMTBcL1VGU00uMjAyNS4wMTguMTIzLlBSRV8uanBnIiwic2xpZGVzaG93IjoiMWVlMmQ1YSJ9\" href=\"https:\/\/www.ufsm.br\/app\/uploads\/sites\/376\/2025\/10\/UFSM.2025.018.123.PRE_.jpg\"><figure class=\"swiper-slide-inner\"><img decoding=\"async\" class=\"swiper-slide-image\" src=\"https:\/\/www.ufsm.br\/app\/uploads\/sites\/376\/elementor\/thumbs\/UFSM.2025.018.123.PRE_-rcype9x91vrzvttmhfgs8rmv9l00kflqo2v40lftl4.jpg\" alt=\"Fot\u00f3grafo Cristina Strohschoen\" \/><\/figure><\/a><\/div>\t\t\t<\/div>\n\t\t\t\t\t\t\t\t\t\t\t\t<div class=\"elementor-swiper-button elementor-swiper-button-prev\" role=\"button\" tabindex=\"0\">\n\t\t\t\t\t\t<i aria-hidden=\"true\" class=\"eicon-chevron-left\"><\/i>\t\t\t\t\t<\/div>\n\t\t\t\t\t<div class=\"elementor-swiper-button elementor-swiper-button-next\" role=\"button\" tabindex=\"0\">\n\t\t\t\t\t\t<i aria-hidden=\"true\" class=\"eicon-chevron-right\"><\/i>\t\t\t\t\t<\/div>\n\t\t\t\t\n\t\t\t\t\t\t\t\t\t<div class=\"swiper-pagination\"><\/div>\n\t\t\t\t\t\t\t\t\t<\/div>\n\t\t\t\t<\/div>\n\t\t\t\t<\/div>\n\t\t\t\t\t<\/div>\n\t\t<\/div>\n\t\t\t\t\t<\/div>\n\t\t<\/section>\n\t\t\t\t<\/div>\n\t\t","protected":false},"excerpt":{"rendered":"<p>A exposi\u00e7\u00e3o fotogr\u00e1fica \u201cConex\u00f5es que Transformam\u201d, em comemora\u00e7\u00e3o aos 50 anos da Pr\u00f3-Reitoria de Extens\u00e3o (PRE) da UFSM, j\u00e1 pode ser visitada no campus da UFSM-Cachoeira do Sul, a partir desta quinta-feira, 9 de outubro, na biblioteca. A mostra, que vem percorrendo diferentes espa\u00e7os da universidade, foi inaugurada no Centro de Conven\u00e7\u00f5es da UFSM, em [&hellip;]<\/p>\n","protected":false},"author":8249,"featured_media":7199,"comment_status":"closed","ping_status":"closed","sticky":false,"template":"","format":"standard","meta":{"footnotes":""},"categories":[1],"tags":[675],"class_list":["post-7190","post","type-post","status-publish","format-standard","has-post-thumbnail","hentry","category-noticias","tag-destaques"],"acf":[],"_links":{"self":[{"href":"https:\/\/www.ufsm.br\/unidades-universitarias\/cachoeira-do-sul\/wp-json\/wp\/v2\/posts\/7190","targetHints":{"allow":["GET"]}}],"collection":[{"href":"https:\/\/www.ufsm.br\/unidades-universitarias\/cachoeira-do-sul\/wp-json\/wp\/v2\/posts"}],"about":[{"href":"https:\/\/www.ufsm.br\/unidades-universitarias\/cachoeira-do-sul\/wp-json\/wp\/v2\/types\/post"}],"author":[{"embeddable":true,"href":"https:\/\/www.ufsm.br\/unidades-universitarias\/cachoeira-do-sul\/wp-json\/wp\/v2\/users\/8249"}],"replies":[{"embeddable":true,"href":"https:\/\/www.ufsm.br\/unidades-universitarias\/cachoeira-do-sul\/wp-json\/wp\/v2\/comments?post=7190"}],"version-history":[{"count":0,"href":"https:\/\/www.ufsm.br\/unidades-universitarias\/cachoeira-do-sul\/wp-json\/wp\/v2\/posts\/7190\/revisions"}],"wp:featuredmedia":[{"embeddable":true,"href":"https:\/\/www.ufsm.br\/unidades-universitarias\/cachoeira-do-sul\/wp-json\/wp\/v2\/media\/7199"}],"wp:attachment":[{"href":"https:\/\/www.ufsm.br\/unidades-universitarias\/cachoeira-do-sul\/wp-json\/wp\/v2\/media?parent=7190"}],"wp:term":[{"taxonomy":"category","embeddable":true,"href":"https:\/\/www.ufsm.br\/unidades-universitarias\/cachoeira-do-sul\/wp-json\/wp\/v2\/categories?post=7190"},{"taxonomy":"post_tag","embeddable":true,"href":"https:\/\/www.ufsm.br\/unidades-universitarias\/cachoeira-do-sul\/wp-json\/wp\/v2\/tags?post=7190"}],"curies":[{"name":"wp","href":"https:\/\/api.w.org\/{rel}","templated":true}]}}