{"id":751,"date":"2017-07-03T12:43:27","date_gmt":"2017-07-03T15:43:27","guid":{"rendered":"https:\/\/www.ufsm.br\/unidades-universitarias\/cachoeira-do-sul\/2017\/07\/03\/alunos-do-curso-de-engenharia-de-transportes-e-logistica-participam-na-19-transposul\/"},"modified":"2017-07-03T12:43:27","modified_gmt":"2017-07-03T15:43:27","slug":"alunos-do-curso-de-engenharia-de-transportes-e-logistica-participam-na-19-transposul","status":"publish","type":"post","link":"https:\/\/www.ufsm.br\/unidades-universitarias\/cachoeira-do-sul\/2017\/07\/03\/alunos-do-curso-de-engenharia-de-transportes-e-logistica-participam-na-19-transposul","title":{"rendered":"Alunos do curso de Engenharia de Transportes e Log\u00edstica participam na 19\u00aa Transposul"},"content":{"rendered":"<p style=\"text-align: justify;\"><span style=\"color: #222222; font-family: arial,sans-serif; font-size: 12.8px; font-style: normal; font-weight: normal; letter-spacing: normal; orphans: 2; text-align: start; text-indent: 0px; text-transform: none; white-space: normal; widows: 2; word-spacing: 0px; background-color: #ffffff; float: none;\">Na \u00faltima quarta-feira (28 de junho) os alunos do curso de Engenharia de Transportes e Log\u00edstica da UFSM-CS estiveram na TRANSPOSUL, a maior feira de transporte e log\u00edstica do sul do pa\u00eds, em Porto Alegre. J\u00e1 em sua 19\u00aa edi\u00e7\u00e3o, o evento \u00e9 consagrado como a grande vitrine da ind\u00fastria de caminh\u00f5es, fornecedores de servi\u00e7os, fabricantes e revendedores de pneus, empresas de tecnologia embarcada, softwares, seguradoras, gerenciadoras de risco, distribuidoras de combust\u00edveis e outras empresas destacadas do setor do transporte e log\u00edstica de todo o Brasil.<\/span><br style=\"color: #222222; font-family: arial,sans-serif; font-size: 12.8px; font-style: normal; font-weight: normal; letter-spacing: normal; orphans: 2; text-align: start; text-indent: 0px; text-transform: none; white-space: normal; widows: 2; word-spacing: 0px; background-color: #ffffff;\" \/><br style=\"color: #222222; font-family: arial,sans-serif; font-size: 12.8px; font-style: normal; font-weight: normal; letter-spacing: normal; orphans: 2; text-align: start; text-indent: 0px; text-transform: none; white-space: normal; widows: 2; word-spacing: 0px; background-color: #ffffff;\" \/><span style=\"color: #222222; font-family: arial,sans-serif; font-size: 12.8px; font-style: normal; font-weight: normal; letter-spacing: normal; orphans: 2; text-align: start; text-indent: 0px; text-transform: none; white-space: normal; widows: 2; word-spacing: 0px; background-color: #ffffff; float: none;\">A TRANSPOSUL trata-se de uma feira de neg\u00f3cios com grandes promo\u00e7\u00f5es e exposi\u00e7\u00e3o do que h\u00e1 de mais moderno no segmento de transporte de cargas e log\u00edstica, al\u00e9m de um congresso t\u00e9cnico de qualidade com grande variedade de palestras relacionadas com os t\u00f3picos mais atuais na \u00e1rea de transportes e log\u00edstica.<\/span><br style=\"color: #222222; font-family: arial,sans-serif; font-size: 12.8px; font-style: normal; font-weight: normal; letter-spacing: normal; orphans: 2; text-align: start; text-indent: 0px; text-transform: none; white-space: normal; widows: 2; word-spacing: 0px; background-color: #ffffff;\" \/><br style=\"color: #222222; font-family: arial,sans-serif; font-size: 12.8px; font-style: normal; font-weight: normal; letter-spacing: normal; orphans: 2; text-align: start; text-indent: 0px; text-transform: none; white-space: normal; widows: 2; word-spacing: 0px; background-color: #ffffff;\" \/><span style=\"color: #222222; font-family: arial,sans-serif; font-size: 12.8px; font-style: normal; font-weight: normal; letter-spacing: normal; orphans: 2; text-align: start; text-indent: 0px; text-transform: none; white-space: normal; widows: 2; word-spacing: 0px; background-color: #ffffff; float: none;\">O congresso contou com a participa\u00e7\u00e3o de diversas figuras na \u00e1rea de log\u00edstica e mobilidade ampliando a vis\u00e3o dos graduandos quanto ao mercado empresarial, organizacional e de inova\u00e7\u00e3o al\u00e9m de fornecer conhecimentos aplicados \u00e0s suas \u00e1reas. Para os alunos, que foram acompanhados pelos professores Alejandro Ruiz Padillo e T\u00e2nia Batistela Torres, a oportunidade de participar desse evento foi de fundamental import\u00e2ncia para suas forma\u00e7\u00f5es acad\u00eamicas servindo como est\u00edmulo para pesquisa e para o desenvolvimento de suas atividades dentro e fora da sala de aula.<\/span><\/p>\n<p>&nbsp;<\/p>\n<p><span style=\"color: #222222; font-family: arial,sans-serif; font-size: 12.8px; font-style: normal; font-weight: normal; letter-spacing: normal; orphans: 2; text-align: start; text-indent: 0px; text-transform: none; white-space: normal; widows: 2; word-spacing: 0px; background-color: #ffffff; float: none;\"><img fetchpriority=\"high\" decoding=\"async\" class=\" size-full wp-image-744\" style=\"display: block; margin-left: auto; margin-right: auto;\" src=\"https:\/\/www.ufsm.br\/unidades-universitarias\/cachoeira-do-sul\/wp-content\/uploads\/sites\/376\/2017\/07\/DSCN1959.JPG\" alt=\"DSCN1959\" width=\"800\" height=\"600\" srcset=\"https:\/\/www.ufsm.br\/app\/uploads\/sites\/376\/2017\/07\/DSCN1959.JPG 2560w, https:\/\/www.ufsm.br\/app\/uploads\/sites\/376\/2017\/07\/DSCN1959-300x225.jpg 300w, https:\/\/www.ufsm.br\/app\/uploads\/sites\/376\/2017\/07\/DSCN1959-768x576.jpg 768w, https:\/\/www.ufsm.br\/app\/uploads\/sites\/376\/2017\/07\/DSCN1959-1024x768.jpg 1024w\" sizes=\"(max-width: 800px) 100vw, 800px\" \/><\/span><\/p>\n<p>&nbsp;<\/p>\n<p style=\"text-align: center;\"><img decoding=\"async\" class=\" size-full wp-image-626\" src=\"https:\/\/www.ufsm.br\/unidades-universitarias\/cachoeira-do-sul\/wp-content\/uploads\/sites\/376\/2017\/05\/IMG_2043.JPG\" alt=\"IMG 2043\" width=\"800\" height=\"533\" \/><\/p>\n<p style=\"text-align: center;\">&nbsp;<\/p>\n<p style=\"text-align: center;\"><img decoding=\"async\" class=\" size-full wp-image-745\" src=\"https:\/\/www.ufsm.br\/unidades-universitarias\/cachoeira-do-sul\/wp-content\/uploads\/sites\/376\/2017\/07\/DSCN1963.JPG\" alt=\"DSCN1963\" width=\"800\" height=\"600\" srcset=\"https:\/\/www.ufsm.br\/app\/uploads\/sites\/376\/2017\/07\/DSCN1963.JPG 2560w, https:\/\/www.ufsm.br\/app\/uploads\/sites\/376\/2017\/07\/DSCN1963-300x225.jpg 300w, https:\/\/www.ufsm.br\/app\/uploads\/sites\/376\/2017\/07\/DSCN1963-768x576.jpg 768w, https:\/\/www.ufsm.br\/app\/uploads\/sites\/376\/2017\/07\/DSCN1963-1024x768.jpg 1024w\" sizes=\"(max-width: 800px) 100vw, 800px\" \/><\/p>\n<p style=\"text-align: center;\">&nbsp;<\/p>\n<p style=\"text-align: center;\"><img loading=\"lazy\" decoding=\"async\" class=\" size-full wp-image-746\" src=\"https:\/\/www.ufsm.br\/unidades-universitarias\/cachoeira-do-sul\/wp-content\/uploads\/sites\/376\/2017\/07\/DSCN1964.JPG\" alt=\"DSCN1964\" width=\"800\" height=\"600\" srcset=\"https:\/\/www.ufsm.br\/app\/uploads\/sites\/376\/2017\/07\/DSCN1964.JPG 2560w, https:\/\/www.ufsm.br\/app\/uploads\/sites\/376\/2017\/07\/DSCN1964-300x225.jpg 300w, https:\/\/www.ufsm.br\/app\/uploads\/sites\/376\/2017\/07\/DSCN1964-768x576.jpg 768w, https:\/\/www.ufsm.br\/app\/uploads\/sites\/376\/2017\/07\/DSCN1964-1024x768.jpg 1024w\" sizes=\"(max-width: 800px) 100vw, 800px\" \/><\/p>\n<p style=\"text-align: center;\">&nbsp;<\/p>\n<p style=\"text-align: center;\"><img loading=\"lazy\" decoding=\"async\" class=\" size-full wp-image-747\" src=\"https:\/\/www.ufsm.br\/unidades-universitarias\/cachoeira-do-sul\/wp-content\/uploads\/sites\/376\/2017\/07\/DSCN1967.JPG\" alt=\"DSCN1967\" width=\"800\" height=\"600\" srcset=\"https:\/\/www.ufsm.br\/app\/uploads\/sites\/376\/2017\/07\/DSCN1967.JPG 2560w, https:\/\/www.ufsm.br\/app\/uploads\/sites\/376\/2017\/07\/DSCN1967-300x225.jpg 300w, https:\/\/www.ufsm.br\/app\/uploads\/sites\/376\/2017\/07\/DSCN1967-768x576.jpg 768w, https:\/\/www.ufsm.br\/app\/uploads\/sites\/376\/2017\/07\/DSCN1967-1024x768.jpg 1024w\" sizes=\"(max-width: 800px) 100vw, 800px\" \/><\/p>\n<p style=\"text-align: center;\">&nbsp;<\/p>\n<p style=\"text-align: center;\"><img loading=\"lazy\" decoding=\"async\" class=\" size-full wp-image-748\" src=\"https:\/\/www.ufsm.br\/unidades-universitarias\/cachoeira-do-sul\/wp-content\/uploads\/sites\/376\/2017\/07\/DSCN1973.JPG\" alt=\"DSCN1973\" width=\"800\" height=\"600\" srcset=\"https:\/\/www.ufsm.br\/app\/uploads\/sites\/376\/2017\/07\/DSCN1973.JPG 2560w, https:\/\/www.ufsm.br\/app\/uploads\/sites\/376\/2017\/07\/DSCN1973-300x225.jpg 300w, https:\/\/www.ufsm.br\/app\/uploads\/sites\/376\/2017\/07\/DSCN1973-768x576.jpg 768w, https:\/\/www.ufsm.br\/app\/uploads\/sites\/376\/2017\/07\/DSCN1973-1024x768.jpg 1024w\" sizes=\"(max-width: 800px) 100vw, 800px\" \/><\/p>\n<p style=\"text-align: center;\">&nbsp;<\/p>\n<p style=\"text-align: center;\"><img loading=\"lazy\" decoding=\"async\" class=\" size-full wp-image-749\" src=\"https:\/\/www.ufsm.br\/unidades-universitarias\/cachoeira-do-sul\/wp-content\/uploads\/sites\/376\/2017\/07\/DSCN1982.JPG\" alt=\"DSCN1982\" width=\"800\" height=\"600\" srcset=\"https:\/\/www.ufsm.br\/app\/uploads\/sites\/376\/2017\/07\/DSCN1982.JPG 2560w, https:\/\/www.ufsm.br\/app\/uploads\/sites\/376\/2017\/07\/DSCN1982-300x225.jpg 300w, https:\/\/www.ufsm.br\/app\/uploads\/sites\/376\/2017\/07\/DSCN1982-768x576.jpg 768w, https:\/\/www.ufsm.br\/app\/uploads\/sites\/376\/2017\/07\/DSCN1982-1024x768.jpg 1024w\" sizes=\"(max-width: 800px) 100vw, 800px\" \/><\/p>\n<p style=\"text-align: center;\">&nbsp;<\/p>\n<p style=\"text-align: center;\"><img loading=\"lazy\" decoding=\"async\" class=\" size-full wp-image-750\" src=\"https:\/\/www.ufsm.br\/unidades-universitarias\/cachoeira-do-sul\/wp-content\/uploads\/sites\/376\/2017\/07\/DSCN1988.JPG\" alt=\"DSCN1988\" width=\"800\" height=\"600\" srcset=\"https:\/\/www.ufsm.br\/app\/uploads\/sites\/376\/2017\/07\/DSCN1988.JPG 2560w, https:\/\/www.ufsm.br\/app\/uploads\/sites\/376\/2017\/07\/DSCN1988-300x225.jpg 300w, https:\/\/www.ufsm.br\/app\/uploads\/sites\/376\/2017\/07\/DSCN1988-768x576.jpg 768w, https:\/\/www.ufsm.br\/app\/uploads\/sites\/376\/2017\/07\/DSCN1988-1024x768.jpg 1024w\" sizes=\"(max-width: 800px) 100vw, 800px\" \/><\/p>\n","protected":false},"excerpt":{"rendered":"<p>Na \u00faltima quarta-feira (28 de junho) os alunos do curso de Engenharia de Transportes e Log\u00edstica da UFSM-CS estiveram na TRANSPOSUL, a maior feira de transporte e log\u00edstica do sul do pa\u00eds, em Porto Alegre. J\u00e1 em sua 19\u00aa edi\u00e7\u00e3o, o evento \u00e9 consagrado como a grande vitrine da ind\u00fastria de caminh\u00f5es, fornecedores de servi\u00e7os, [&hellip;]<\/p>\n","protected":false},"author":27,"featured_media":744,"comment_status":"closed","ping_status":"closed","sticky":false,"template":"","format":"standard","meta":{"footnotes":""},"categories":[1],"tags":[],"class_list":["post-751","post","type-post","status-publish","format-standard","has-post-thumbnail","hentry","category-noticias"],"acf":[],"_links":{"self":[{"href":"https:\/\/www.ufsm.br\/unidades-universitarias\/cachoeira-do-sul\/wp-json\/wp\/v2\/posts\/751","targetHints":{"allow":["GET"]}}],"collection":[{"href":"https:\/\/www.ufsm.br\/unidades-universitarias\/cachoeira-do-sul\/wp-json\/wp\/v2\/posts"}],"about":[{"href":"https:\/\/www.ufsm.br\/unidades-universitarias\/cachoeira-do-sul\/wp-json\/wp\/v2\/types\/post"}],"author":[{"embeddable":true,"href":"https:\/\/www.ufsm.br\/unidades-universitarias\/cachoeira-do-sul\/wp-json\/wp\/v2\/users\/27"}],"replies":[{"embeddable":true,"href":"https:\/\/www.ufsm.br\/unidades-universitarias\/cachoeira-do-sul\/wp-json\/wp\/v2\/comments?post=751"}],"version-history":[{"count":0,"href":"https:\/\/www.ufsm.br\/unidades-universitarias\/cachoeira-do-sul\/wp-json\/wp\/v2\/posts\/751\/revisions"}],"wp:featuredmedia":[{"embeddable":true,"href":"https:\/\/www.ufsm.br\/unidades-universitarias\/cachoeira-do-sul\/wp-json\/wp\/v2\/media\/744"}],"wp:attachment":[{"href":"https:\/\/www.ufsm.br\/unidades-universitarias\/cachoeira-do-sul\/wp-json\/wp\/v2\/media?parent=751"}],"wp:term":[{"taxonomy":"category","embeddable":true,"href":"https:\/\/www.ufsm.br\/unidades-universitarias\/cachoeira-do-sul\/wp-json\/wp\/v2\/categories?post=751"},{"taxonomy":"post_tag","embeddable":true,"href":"https:\/\/www.ufsm.br\/unidades-universitarias\/cachoeira-do-sul\/wp-json\/wp\/v2\/tags?post=751"}],"curies":[{"name":"wp","href":"https:\/\/api.w.org\/{rel}","templated":true}]}}