{"id":754,"date":"2017-07-06T18:52:10","date_gmt":"2017-07-06T21:52:10","guid":{"rendered":"https:\/\/www.ufsm.br\/unidades-universitarias\/cachoeira-do-sul\/2017\/07\/06\/inscricoes-abertas-para-a-mostra-de-projetos-da-ufsm-cs\/"},"modified":"2017-07-06T18:52:10","modified_gmt":"2017-07-06T21:52:10","slug":"inscricoes-abertas-para-a-mostra-de-projetos-da-ufsm-cs","status":"publish","type":"post","link":"https:\/\/www.ufsm.br\/unidades-universitarias\/cachoeira-do-sul\/2017\/07\/06\/inscricoes-abertas-para-a-mostra-de-projetos-da-ufsm-cs","title":{"rendered":"Inscri\u00e7\u00f5es abertas para a Mostra de Projetos da UFSM-CS"},"content":{"rendered":"<p style=\"margin: 0px 0px 0.0001pt; color: #222222; font-family: arial,sans-serif; font-size: 12.8px; font-style: normal; font-weight: normal; letter-spacing: normal; orphans: 2; text-indent: 0px; text-transform: none; white-space: normal; widows: 2; word-spacing: 0px; background-color: #ffffff; text-align: justify; line-height: normal;\"><span style=\"font-size: 10pt; font-family: Arial,sans-serif; background-image: initial; background-position: initial; background-repeat: initial;\">No dia 22 de agosto, a Coordenadoria de Pesquisa e Extens\u00e3o e a Coordenadoria&nbsp; Acad\u00eamica do Campus Cachoeira do Sul realizar\u00e3o a Mostra de Projetos da UFSM-CS 2017. O objetivo do evento \u00e9 apresentar para a comunidade acad\u00eamica os Projetos de P<\/span><span style=\"font-family: Arial,sans-serif; font-size: 13.3333px;\">esquisa, Ensino e Extens\u00e3o q<\/span><span style=\"font-family: Arial,sans-serif; font-size: 10pt;\">ue est\u00e3o sendo desenvolvidos na UFSM em Cachoeira do Sul. A Mostra contar\u00e1 com exposi\u00e7\u00e3o de p\u00f4steres e apresenta\u00e7\u00e3o oral de trabalhos.&nbsp;<\/span><\/p>\n<p style=\"margin: 0px 0px 0.0001pt; color: #222222; font-family: arial,sans-serif; font-size: 12.8px; font-style: normal; font-weight: normal; letter-spacing: normal; orphans: 2; text-indent: 0px; text-transform: none; white-space: normal; widows: 2; word-spacing: 0px; background-color: #ffffff; text-align: justify; line-height: normal;\"><span style=\"font-size: 10pt; font-family: Arial,sans-serif; background-image: initial; background-position: initial; background-repeat: initial;\">As inscri\u00e7\u00f5es de projetos devem ser realizadas pelo Professor ou TAE Coordenador do Projeto, atrav\u00e9s de formul\u00e1rio a ser entregue na Coordenadoria Acad\u00eamica, entre os dias 06 de julho e 15 de agosto. Os alunos que tiverem interesse em participar como ouvintes, devem realizar sua inscri\u00e7\u00e3o via <a href=\"https:\/\/goo.gl\/forms\/dysveYNeGcVi3peg1\">formul\u00e1rio online<\/a><\/span><span style=\"font-family: Arial,sans-serif; font-size: 10pt;\">, entre os dias 06 de julho e 21 de agosto.<\/span><\/p>\n<p style=\"margin: 0px 0px 0.0001pt; color: #222222; font-family: arial,sans-serif; font-size: 12.8px; font-style: normal; font-weight: normal; letter-spacing: normal; orphans: 2; text-indent: 0px; text-transform: none; white-space: normal; widows: 2; word-spacing: 0px; background-color: #ffffff; text-align: justify; line-height: normal;\"><span style=\"font-size: 10pt; font-family: Arial,sans-serif; background-image: initial; background-position: initial; background-repeat: initial;\">O Evento far\u00e1 parte do dia de abertura de semestre do Campus Cachoeira do Sul, que realizar\u00e1 uma atividade de boas-vindas aos alunos no per\u00edodo noturno.<\/span><\/p>\n<p style=\"margin: 0px 0px 0.0001pt; color: #222222; font-family: arial,sans-serif; font-size: 12.8px; font-style: normal; font-weight: normal; letter-spacing: normal; orphans: 2; text-indent: 0px; text-transform: none; white-space: normal; widows: 2; word-spacing: 0px; background-color: #ffffff; text-align: justify; line-height: normal;\"><span style=\"font-size: 10pt; font-family: Arial,sans-serif; background-image: initial; background-position: initial; background-repeat: initial;\"><\/span><\/p>\n<p style=\"margin: 0px 0px 0.0001pt; color: #222222; font-family: arial,sans-serif; font-size: 12.8px; font-style: normal; font-weight: normal; letter-spacing: normal; orphans: 2; text-indent: 0px; text-transform: none; white-space: normal; widows: 2; word-spacing: 0px; background-color: #ffffff; text-align: justify; line-height: normal;\">&nbsp;<\/p>\n<p style=\"margin: 0px 0px 0.0001pt; color: #222222; font-family: arial,sans-serif; font-size: 12.8px; font-style: normal; font-weight: normal; letter-spacing: normal; orphans: 2; text-indent: 0px; text-transform: none; white-space: normal; widows: 2; word-spacing: 0px; background-color: #ffffff; text-align: justify; line-height: normal;\">&nbsp;<\/p>\n<p style=\"margin: 0px 0px 0.0001pt; font-size: 12.8px; text-align: justify; line-height: normal;\"><strong><span style=\"font-size: 10pt; font-family: Arial,sans-serif; background-image: initial; background-position: initial; background-repeat: initial;\">Data: 22\/08 (ter\u00e7a-feira)<\/span><\/strong><\/p>\n<p style=\"margin: 0px 0px 0.0001pt; color: #222222; font-family: arial,sans-serif; font-size: 12.8px; font-style: normal; font-weight: normal; letter-spacing: normal; orphans: 2; text-indent: 0px; text-transform: none; white-space: normal; widows: 2; word-spacing: 0px; background-color: #ffffff; text-align: justify; line-height: normal;\">&nbsp;<\/p>\n<p style=\"margin: 0px 0px 0.0001pt; font-size: 12.8px; text-align: justify; line-height: normal;\"><strong><span style=\"font-size: 10pt; font-family: Arial,sans-serif; background-image: initial; background-position: initial; background-repeat: initial;\">Local: Audit\u00f3rio do 2\u00ba pavimento do Pr\u00e9dio 2 da UFSM-CS (Av. Presidente Vargas, 1958)<\/span><\/strong><\/p>\n<p style=\"margin: 0px 0px 0.0001pt; font-size: 12.8px; text-align: justify; line-height: normal;\"><strong><span style=\"font-size: 10pt; font-family: Arial,sans-serif; background-image: initial; background-position: initial; background-repeat: initial;\"><\/span><\/strong><\/p>\n<p style=\"margin: 0px 0px 0.0001pt; font-size: 12.8px; text-align: justify; line-height: normal;\"><strong><span style=\"font-size: 10pt; font-family: Arial,sans-serif; background-image: initial; background-position: initial; background-repeat: initial;\"><\/span><\/strong><\/p>\n<p style=\"margin: 0px 0px 0.0001pt; color: #222222; font-family: arial,sans-serif; font-size: 12.8px; font-style: normal; font-weight: normal; letter-spacing: normal; orphans: 2; text-indent: 0px; text-transform: none; white-space: normal; widows: 2; word-spacing: 0px; background-color: #ffffff; text-align: justify; line-height: normal;\">&nbsp;<\/p>\n<p style=\"margin: 0px 0px 0.0001pt; font-size: 12.8px; text-align: justify; line-height: normal;\"><strong><span style=\"font-size: 10pt; font-family: Arial,sans-serif; background-image: initial; background-position: initial; background-repeat: initial;\">PROGRAMA\u00c7\u00c3O:<\/span><\/strong><\/p>\n<p style=\"margin: 0px 0px 0.0001pt; color: #222222; font-family: arial,sans-serif; font-size: 12.8px; font-style: normal; font-weight: normal; letter-spacing: normal; orphans: 2; text-indent: 0px; text-transform: none; white-space: normal; widows: 2; word-spacing: 0px; background-color: #ffffff; text-align: justify; line-height: normal;\">&nbsp;<\/p>\n<p style=\"margin: 0px 0px 0.0001pt; font-size: 12.8px; text-align: justify; line-height: normal;\"><strong><span style=\"font-size: 10pt; font-family: Arial,sans-serif; background-image: initial; background-position: initial; background-repeat: initial;\">14h \u00e0s 16h &#8211; Apresenta\u00e7\u00e3o de P\u00f4steres<\/span><\/strong><\/p>\n<p style=\"margin: 0px 0px 0.0001pt; color: #222222; font-family: arial,sans-serif; font-size: 12.8px; font-style: normal; font-weight: normal; letter-spacing: normal; orphans: 2; text-indent: 0px; text-transform: none; white-space: normal; widows: 2; word-spacing: 0px; background-color: #ffffff; text-align: justify; line-height: normal;\">&nbsp;<\/p>\n<p style=\"margin: 0px 0px 0.0001pt; font-size: 12.8px; text-align: justify; line-height: normal;\"><strong><span style=\"font-size: 10pt; font-family: Arial,sans-serif; background-image: initial; background-position: initial; background-repeat: initial;\">16h \u00e0s 18h &#8211; Apresenta\u00e7\u00e3o de Trabalhos Orais<\/span><\/strong><\/p>\n<p style=\"margin: 0px 0px 0.0001pt; color: #222222; font-family: arial,sans-serif; font-size: 12.8px; font-style: normal; font-weight: normal; letter-spacing: normal; orphans: 2; text-indent: 0px; text-transform: none; white-space: normal; widows: 2; word-spacing: 0px; background-color: #ffffff; text-align: justify; line-height: normal;\">&nbsp;<\/p>\n<p style=\"margin: 0px 0px 0.0001pt; font-size: 12.8px; text-align: justify; line-height: normal;\"><strong><span style=\"font-size: 10pt; font-family: Arial,sans-serif; background-image: initial; background-position: initial; background-repeat: initial;\">18h \u00e0s 20h &#8211;&nbsp;Abertura de Semestre<\/span><\/strong><\/p>\n<p style=\"margin: 0px 0px 0.0001pt; color: #222222; font-family: arial,sans-serif; font-size: 12.8px; font-style: normal; font-weight: normal; letter-spacing: normal; orphans: 2; text-indent: 0px; text-transform: none; white-space: normal; widows: 2; word-spacing: 0px; background-color: #ffffff; text-align: justify; line-height: normal;\">&nbsp;<\/p>\n<p style=\"margin: 0px 0px 0.0001pt; font-size: 12.8px; text-align: justify; line-height: normal;\"><strong><span style=\"font-size: 10pt; font-family: Arial,sans-serif; background-image: initial; background-position: initial; background-repeat: initial;\">20h \u00e0s 20h30 &#8211; Divulga\u00e7\u00e3o dos 3 Trabalhos selecionados pela Comiss\u00e3o de Avalia\u00e7\u00e3o para recebimento de certificado de premia\u00e7\u00e3o na&nbsp;Mostra de Projetos da UFSM-CS 2017<\/span><\/strong><\/p>\n<p style=\"margin: 0px 0px 0.0001pt; color: #222222; font-family: arial,sans-serif; font-size: 12.8px; font-style: normal; font-weight: normal; letter-spacing: normal; orphans: 2; text-indent: 0px; text-transform: none; white-space: normal; widows: 2; word-spacing: 0px; background-color: #ffffff; text-align: justify; line-height: normal;\">&nbsp;<\/p>\n<p style=\"margin: 0px 0px 0.0001pt; color: #222222; font-family: arial,sans-serif; font-size: 12.8px; font-style: normal; font-weight: normal; letter-spacing: normal; orphans: 2; text-indent: 0px; text-transform: none; white-space: normal; widows: 2; word-spacing: 0px; background-color: #ffffff; text-align: justify; line-height: normal;\">&nbsp;<\/p>\n<p style=\"margin: 0px 0px 0.0001pt; font-size: 12.8px; text-align: justify; line-height: normal;\"><strong><span style=\"font-size: 10pt; font-family: Arial,sans-serif; background-image: initial; background-position: initial; background-repeat: initial;\">&nbsp;<\/span><\/strong><\/p>\n<p style=\"margin: 0px 0px 0.0001pt; color: #222222; font-family: arial,sans-serif; font-size: 12.8px; font-style: normal; font-weight: normal; letter-spacing: normal; orphans: 2; text-indent: 0px; text-transform: none; white-space: normal; widows: 2; word-spacing: 0px; background-color: #ffffff; text-align: justify; line-height: normal;\"><span style=\"font-size: 10pt; font-family: Arial,sans-serif; background-image: initial; background-position: initial; background-repeat: initial;\"><span style=\"color: #222222; font-family: arial,sans-serif; font-size: 12.8px; font-style: normal; font-weight: normal; letter-spacing: normal; orphans: 2; text-align: start; text-indent: 0px; text-transform: none; white-space: normal; widows: 2; word-spacing: 0px; background-color: #ffffff; float: none;\">* Ap\u00f3s o Evento (em data a ser divulgada), ser\u00e1 disponibilizado um certificado de participa\u00e7\u00e3o com 6 h para os inscritos.<\/span><\/span><\/p>\n","protected":false},"excerpt":{"rendered":"<p>No dia 22 de agosto, a Coordenadoria de Pesquisa e Extens\u00e3o e a Coordenadoria&nbsp; Acad\u00eamica do Campus Cachoeira do Sul realizar\u00e3o a Mostra de Projetos da UFSM-CS 2017. O objetivo do evento \u00e9 apresentar para a comunidade acad\u00eamica os Projetos de Pesquisa, Ensino e Extens\u00e3o que est\u00e3o sendo desenvolvidos na UFSM em Cachoeira do Sul. [&hellip;]<\/p>\n","protected":false},"author":27,"featured_media":0,"comment_status":"closed","ping_status":"closed","sticky":false,"template":"","format":"standard","meta":{"footnotes":""},"categories":[1],"tags":[],"class_list":["post-754","post","type-post","status-publish","format-standard","hentry","category-noticias"],"acf":[],"_links":{"self":[{"href":"https:\/\/www.ufsm.br\/unidades-universitarias\/cachoeira-do-sul\/wp-json\/wp\/v2\/posts\/754","targetHints":{"allow":["GET"]}}],"collection":[{"href":"https:\/\/www.ufsm.br\/unidades-universitarias\/cachoeira-do-sul\/wp-json\/wp\/v2\/posts"}],"about":[{"href":"https:\/\/www.ufsm.br\/unidades-universitarias\/cachoeira-do-sul\/wp-json\/wp\/v2\/types\/post"}],"author":[{"embeddable":true,"href":"https:\/\/www.ufsm.br\/unidades-universitarias\/cachoeira-do-sul\/wp-json\/wp\/v2\/users\/27"}],"replies":[{"embeddable":true,"href":"https:\/\/www.ufsm.br\/unidades-universitarias\/cachoeira-do-sul\/wp-json\/wp\/v2\/comments?post=754"}],"version-history":[{"count":0,"href":"https:\/\/www.ufsm.br\/unidades-universitarias\/cachoeira-do-sul\/wp-json\/wp\/v2\/posts\/754\/revisions"}],"wp:attachment":[{"href":"https:\/\/www.ufsm.br\/unidades-universitarias\/cachoeira-do-sul\/wp-json\/wp\/v2\/media?parent=754"}],"wp:term":[{"taxonomy":"category","embeddable":true,"href":"https:\/\/www.ufsm.br\/unidades-universitarias\/cachoeira-do-sul\/wp-json\/wp\/v2\/categories?post=754"},{"taxonomy":"post_tag","embeddable":true,"href":"https:\/\/www.ufsm.br\/unidades-universitarias\/cachoeira-do-sul\/wp-json\/wp\/v2\/tags?post=754"}],"curies":[{"name":"wp","href":"https:\/\/api.w.org\/{rel}","templated":true}]}}